{"id":235725,"date":"2023-03-31T08:34:11","date_gmt":"2023-03-31T12:34:11","guid":{"rendered":"https:\/\/www.ocorreionews.com.br\/acervo-correio\/?p=235725"},"modified":"2023-03-31T08:34:11","modified_gmt":"2023-03-31T12:34:11","slug":"saude-antecipa-vacinacao-contra-a-influenza-em-costa-rica","status":"publish","type":"post","link":"https:\/\/www.ocorreionews.com.br\/acervo-correio\/?p=235725","title":{"rendered":"Sa\u00fade antecipa vacina\u00e7\u00e3o contra a influenza em Costa Rica"},"content":{"rendered":"<div class=\"ntc_cont_descricao_noticia sw_txteditor\">A Secretaria Municipal de Sa\u00fade de Costa Rica est\u00e1 antecipando a vacina\u00e7\u00e3o contra a influenza devido \u00e0 chegada do outono e ao aumento de casos de doen\u00e7as respirat\u00f3rias. O Minist\u00e9rio da Sa\u00fade encaminhou as doses do imunizante para MS, e a campanha nacional de vacina\u00e7\u00e3o come\u00e7a oficialmente em 10 de abril, mas o munic\u00edpio j\u00e1 tem autoriza\u00e7\u00e3o para iniciar a vacina\u00e7\u00e3o na pr\u00f3xima segunda-feira (3) das 8h \u00e0s 17 horas em todas as ESFs (Estrat\u00e9gias de Sa\u00fade da Fam\u00edlia).<\/p>\n<p>O secret\u00e1rio de Sa\u00fade, Jovenaldo Francisco dos Santos, destaca a import\u00e2ncia da vacina\u00e7\u00e3o, principalmente para prote\u00e7\u00e3o das pessoas mais vulner\u00e1veis, como idosos, gestantes e crian\u00e7as. \u201cCom a vacina\u00e7\u00e3o, reduzimos as chances de circula\u00e7\u00e3o do v\u00edrus da influenza, prevenindo hospitaliza\u00e7\u00f5es e at\u00e9 mesmo mortes. \u00c9 importante destacar que a vacina\u00e7\u00e3o \u00e9 um ato coletivo, de responsabilidade com o pr\u00f3ximo. Por isso, precisamos que todas as pessoas dos grupos priorit\u00e1rios procurem as ESFs.\u201d<\/p>\n<p>Conforme a coordenadora de vigil\u00e2ncia em sa\u00fade, Laura Viviane Gomes de Oliveira Rodrigues, todos os grupos priorit\u00e1rios podem receber a vacina a partir da segunda-feira, conforme estoque dispon\u00edvel, incluindo idosos, trabalhadores da sa\u00fade, gestantes, pessoas com comorbidades e outras condi\u00e7\u00f5es cl\u00ednicas especiais, entre outros. O per\u00edodo de vacina\u00e7\u00e3o ser\u00e1 do dia 3 de abril ao dia 31 de maio. O dia \u2018D\u2019 ser\u00e1 em 20 de maio.<\/p>\n<p>A Influenza pode causar sintomas vari\u00e1veis, mas os casos graves s\u00e3o mais comuns em lactentes, crian\u00e7as, gestantes, idosos e pessoas com doen\u00e7as cr\u00f4nicas n\u00e3o transmiss\u00edveis e outras condi\u00e7\u00f5es cl\u00ednicas especiais.<\/p>\n<p>A transmiss\u00e3o ocorre principalmente de pessoa para pessoa por meio de got\u00edculas respirat\u00f3rias e pode evoluir para a s\u00edndrome respirat\u00f3ria aguda grave ou mesmo \u00f3bito. A influenza, uma infec\u00e7\u00e3o viral aguda altamente contagiosa que afeta o sistema respirat\u00f3rio.<\/p>\n<p>Desde 1999, o Programa Nacional de Imuniza\u00e7\u00f5es (PNI) inclui a estrat\u00e9gia de vacina\u00e7\u00e3o contra a influenza com o objetivo de reduzir interna\u00e7\u00f5es, complica\u00e7\u00f5es e mortes na popula\u00e7\u00e3o-alvo.<\/p>\n<p>A vacina\u00e7\u00e3o pode ajudar a prevenir complica\u00e7\u00f5es e reduzir sintomas nos grupos priorit\u00e1rios, al\u00e9m de aliviar a sobrecarga nos servi\u00e7os de sa\u00fade. \u00c9 importante observar que os sintomas da influenza podem ser facilmente confundidos com os da covid-19.<\/p>\n<\/div>\n<div class=\"ntc_area_info_noticia sw_lato\">\n<div>\n<div class=\"ntc_info_noticia\"><strong class=\"sw_lato_black\">Fonte: <\/strong>Assessoria de Comunica\u00e7\u00e3o &#8211; PMCR,<strong class=\"sw_lato_black\">\u00a0<\/strong>Silvestre de Castro<\/div>\n<\/div>\n<\/div>\n","protected":false},"excerpt":{"rendered":"<p>A Secretaria Municipal de Sa\u00fade de Costa Rica est\u00e1 antecipando a vacina\u00e7\u00e3o contra a influenza devido \u00e0 chegada do outono e ao aumento de casos de doen\u00e7as respirat\u00f3rias. O Minist\u00e9rio da Sa\u00fade encaminhou as doses do imunizante para MS, e a campanha nacional de vacina\u00e7\u00e3o come\u00e7a oficialmente em 10 de abril, mas o munic\u00edpio j\u00e1 [&hellip;]<\/p>\n","protected":false},"author":5,"featured_media":235726,"comment_status":"closed","ping_status":"closed","sticky":false,"template":"","format":"standard","meta":{"footnotes":""},"categories":[25],"tags":[],"class_list":["post-235725","post","type-post","status-publish","format-standard","has-post-thumbnail","hentry","category-costa-rica"],"_links":{"self":[{"href":"https:\/\/www.ocorreionews.com.br\/acervo-correio\/index.php?rest_route=\/wp\/v2\/posts\/235725","targetHints":{"allow":["GET"]}}],"collection":[{"href":"https:\/\/www.ocorreionews.com.br\/acervo-correio\/index.php?rest_route=\/wp\/v2\/posts"}],"about":[{"href":"https:\/\/www.ocorreionews.com.br\/acervo-correio\/index.php?rest_route=\/wp\/v2\/types\/post"}],"author":[{"embeddable":true,"href":"https:\/\/www.ocorreionews.com.br\/acervo-correio\/index.php?rest_route=\/wp\/v2\/users\/5"}],"replies":[{"embeddable":true,"href":"https:\/\/www.ocorreionews.com.br\/acervo-correio\/index.php?rest_route=%2Fwp%2Fv2%2Fcomments&post=235725"}],"version-history":[{"count":1,"href":"https:\/\/www.ocorreionews.com.br\/acervo-correio\/index.php?rest_route=\/wp\/v2\/posts\/235725\/revisions"}],"predecessor-version":[{"id":235727,"href":"https:\/\/www.ocorreionews.com.br\/acervo-correio\/index.php?rest_route=\/wp\/v2\/posts\/235725\/revisions\/235727"}],"wp:featuredmedia":[{"embeddable":true,"href":"https:\/\/www.ocorreionews.com.br\/acervo-correio\/index.php?rest_route=\/wp\/v2\/media\/235726"}],"wp:attachment":[{"href":"https:\/\/www.ocorreionews.com.br\/acervo-correio\/index.php?rest_route=%2Fwp%2Fv2%2Fmedia&parent=235725"}],"wp:term":[{"taxonomy":"category","embeddable":true,"href":"https:\/\/www.ocorreionews.com.br\/acervo-correio\/index.php?rest_route=%2Fwp%2Fv2%2Fcategories&post=235725"},{"taxonomy":"post_tag","embeddable":true,"href":"https:\/\/www.ocorreionews.com.br\/acervo-correio\/index.php?rest_route=%2Fwp%2Fv2%2Ftags&post=235725"}],"curies":[{"name":"wp","href":"https:\/\/api.w.org\/{rel}","templated":true}]}}