{"id":235793,"date":"2023-03-31T17:41:59","date_gmt":"2023-03-31T21:41:59","guid":{"rendered":"https:\/\/www.ocorreionews.com.br\/acervo-correio\/?p=235793"},"modified":"2023-03-31T17:41:59","modified_gmt":"2023-03-31T21:41:59","slug":"aviao-cai-e-deixa-piloto-ferido-em-goias","status":"publish","type":"post","link":"https:\/\/www.ocorreionews.com.br\/acervo-correio\/?p=235793","title":{"rendered":"Avi\u00e3o cai e deixa piloto ferido em Goi\u00e1s"},"content":{"rendered":"<p>Um avi\u00e3o, monomotor de capacidade leve, caiu por volta das 10h30 da manh\u00e3 de sexta-feira (31\/3) no aeroporto da cidade de Aragar\u00e7as-GO, na divisa com Mato Grosso. Segundo informa\u00e7\u00f5es, o piloto de aproximadamente 40 anos estava tentando descer no aeroporto quando perdeu o controle da aeronave e caiu rente ao muro do aeroporto.<\/p>\n<p>A aeronave come\u00e7ou a sair fuma\u00e7a e moradores que ouviram estrondo correram para o local. O piloto mesmo machucado conseguiu sair da aeronave e retirou um gal\u00e3o de combust\u00edvel temendo explos\u00e3o do avi\u00e3o.<\/p>\n<p>Ele foi encaminhado por uma equipe do Samu para hospital de Aragar\u00e7as enquanto que a Pol\u00edcia Militar ficou guardando o local no aeroporto com apoio do Corpo de Bombeiros. O diretor do aeroporto, Marquinhos, disse ao site Araguaia Not\u00edcia que o piloto \u00e9 conhecido e estava vindo de Sorriso e pretendia parar em Aragar\u00e7as provavelmente para abastecimento.<\/p>\n<p>No hospital, o diretor Flavio informou ao site Araguaia Not\u00edcia que o piloto est\u00e1 com corte na cabe\u00e7a, por\u00e9m consciente e aparentemente sem fraturas. \u201cVamos fazer os exames necess\u00e1rios, mas podemos adiantar que o piloto est\u00e1 bem\u201d, completou.<\/p>\n<p>O aeroporto de Aragar\u00e7as j\u00e1 teve acidentes a\u00e9reos no passado pelo fato de ficar dentro da cidade inclusive algumas casas foram constru\u00eddas na encosta do muro do aeroporto.<\/p>\n<p>Fonte: Araguaia Not\u00edcia<\/p>\n","protected":false},"excerpt":{"rendered":"<p>Um avi\u00e3o, monomotor de capacidade leve, caiu por volta das 10h30 da manh\u00e3 de sexta-feira (31\/3) no aeroporto da cidade de Aragar\u00e7as-GO, na divisa com Mato Grosso. Segundo informa\u00e7\u00f5es, o piloto de aproximadamente 40 anos estava tentando descer no aeroporto quando perdeu o controle da aeronave e caiu rente ao muro do aeroporto. A aeronave [&hellip;]<\/p>\n","protected":false},"author":4,"featured_media":235795,"comment_status":"closed","ping_status":"closed","sticky":false,"template":"","format":"standard","meta":{"footnotes":""},"categories":[38],"tags":[],"class_list":["post-235793","post","type-post","status-publish","format-standard","has-post-thumbnail","hentry","category-policia"],"_links":{"self":[{"href":"https:\/\/www.ocorreionews.com.br\/acervo-correio\/index.php?rest_route=\/wp\/v2\/posts\/235793","targetHints":{"allow":["GET"]}}],"collection":[{"href":"https:\/\/www.ocorreionews.com.br\/acervo-correio\/index.php?rest_route=\/wp\/v2\/posts"}],"about":[{"href":"https:\/\/www.ocorreionews.com.br\/acervo-correio\/index.php?rest_route=\/wp\/v2\/types\/post"}],"author":[{"embeddable":true,"href":"https:\/\/www.ocorreionews.com.br\/acervo-correio\/index.php?rest_route=\/wp\/v2\/users\/4"}],"replies":[{"embeddable":true,"href":"https:\/\/www.ocorreionews.com.br\/acervo-correio\/index.php?rest_route=%2Fwp%2Fv2%2Fcomments&post=235793"}],"version-history":[{"count":1,"href":"https:\/\/www.ocorreionews.com.br\/acervo-correio\/index.php?rest_route=\/wp\/v2\/posts\/235793\/revisions"}],"predecessor-version":[{"id":235796,"href":"https:\/\/www.ocorreionews.com.br\/acervo-correio\/index.php?rest_route=\/wp\/v2\/posts\/235793\/revisions\/235796"}],"wp:featuredmedia":[{"embeddable":true,"href":"https:\/\/www.ocorreionews.com.br\/acervo-correio\/index.php?rest_route=\/wp\/v2\/media\/235795"}],"wp:attachment":[{"href":"https:\/\/www.ocorreionews.com.br\/acervo-correio\/index.php?rest_route=%2Fwp%2Fv2%2Fmedia&parent=235793"}],"wp:term":[{"taxonomy":"category","embeddable":true,"href":"https:\/\/www.ocorreionews.com.br\/acervo-correio\/index.php?rest_route=%2Fwp%2Fv2%2Fcategories&post=235793"},{"taxonomy":"post_tag","embeddable":true,"href":"https:\/\/www.ocorreionews.com.br\/acervo-correio\/index.php?rest_route=%2Fwp%2Fv2%2Ftags&post=235793"}],"curies":[{"name":"wp","href":"https:\/\/api.w.org\/{rel}","templated":true}]}}