{"id":235803,"date":"2023-04-01T07:00:47","date_gmt":"2023-04-01T11:00:47","guid":{"rendered":"https:\/\/www.ocorreionews.com.br\/acervo-correio\/?p=235803"},"modified":"2023-03-31T18:05:10","modified_gmt":"2023-03-31T22:05:10","slug":"sicredi-esta-entre-as-empresas-com-melhor-reputacao-no-brasil","status":"publish","type":"post","link":"https:\/\/www.ocorreionews.com.br\/acervo-correio\/?p=235803","title":{"rendered":"Sicredi est\u00e1 entre as empresas com melhor reputa\u00e7\u00e3o no Brasil"},"content":{"rendered":"<blockquote>\n<h2 class=\"noticia-subheadline\"><span style=\"font-size: 12pt;\">Institui\u00e7\u00e3o financeira cooperativa conquistou a 9\u00aa posi\u00e7\u00e3o na categoria \u201cServi\u00e7os Financeiros\u201d do ranking Merco Empresas<\/span><\/h2>\n<\/blockquote>\n<p>O Sicredi foi reconhecido, pela primeira vez, pelo monitor empresarial de reputa\u00e7\u00e3o corporativa Merco Empresas, divulgado neste m\u00eas de mar\u00e7o. A nona edi\u00e7\u00e3o do ranking listou a institui\u00e7\u00e3o financeira cooperativa, com mais de 6,5 milh\u00f5es de associados e presen\u00e7a em todos os estados e no Distrito Federal, em 9\u00ba lugar na categoria \u201cServi\u00e7os Financeiros\u201d. A pesquisa do Monitor Empresarial de Reputa\u00e7\u00e3o Corporativa foi realizada no Brasil entre julho e dezembro de 2022 e contemplou mais de 5 mil entrevistas com membros da alta dire\u00e7\u00e3o de empresas, popula\u00e7\u00e3o geral, analistas financeiros, entre outros grupos.<\/p>\n<p>Para Cris Duclos, diretora executiva de Marketing e Experi\u00eancia do Sicredi, a conquista demonstra a percep\u00e7\u00e3o positiva em rela\u00e7\u00e3o \u00e0 marca, que \u00e9 nacional e que cresce e se fortalece cada vez mais a partir da sua atua\u00e7\u00e3o local. \u201cO Sicredi faz a diferen\u00e7a na vida dos seus associados, os verdadeiros donos do neg\u00f3cio, e nas regi\u00f5es onde atua, por meio de desenvolvimento local e de diversos programas sociais, al\u00e9m da ampla oferta de produtos e servi\u00e7os financeiros e do seu atendimento personalizado e olho no olho. Estamos muito felizes com esse reconhecimento, o qual demonstra que a sociedade percebe o impacto positivo gerado pela nossa institui\u00e7\u00e3o. No mundo em que vivemos, o modelo de neg\u00f3cio cooperativo \u00e9 o futuro, gerando um ciclo virtuoso. Nossa marca tem potencial para ser ainda mais conhecida e amada nacionalmente\u201d, declara.<\/p>\n<p>Refer\u00eancia na Am\u00e9rica Latina, o Merco Empresas avalia a reputa\u00e7\u00e3o das empresas desde 2000. \u00c9 um instrumento de avalia\u00e7\u00e3o baseado em uma metodologia multistakeholder composta por seis avalia\u00e7\u00f5es e mais de vinte fontes de informa\u00e7\u00e3o. A pesquisa \u00e9 realizada no Brasil e em mais 14 pa\u00edses e, nesta edi\u00e7\u00e3o, suas an\u00e1lises refletem os resultados de 2022. Al\u00e9m das empresas, tamb\u00e9m s\u00e3o realizados os monitores Merco L\u00edderes e Merco Responsabilidade ESG. Em 2020, o Sicredi tamb\u00e9m constou na 9\u00aa posi\u00e7\u00e3o do ranking Merco Responsabilidade ESG \u2013 setor \u201cServi\u00e7os Financeiros\u201d.<\/p>\n<p>Sobre o Sicredi<\/p>\n<p>O Sicredi \u00e9 uma institui\u00e7\u00e3o financeira cooperativa comprometida com o crescimento de seus associados e com o desenvolvimento das regi\u00f5es onde atua. Possui um modelo de gest\u00e3o que valoriza a participa\u00e7\u00e3o dos mais de 6,5 milh\u00f5es de associados, que exercem o papel de donos do neg\u00f3cio. Com mais de 2,4mil ag\u00eancias, est\u00e1 presente fisicamente em todos os estados brasileiros e no Distrito Federal, disponibilizando mais de 300 produtos e servi\u00e7os financeiros.<\/p>\n<p><span class=\"data fz12 black uppercase\"> Fonte: Assessoria <\/span><\/p>\n","protected":false},"excerpt":{"rendered":"<p>Institui\u00e7\u00e3o financeira cooperativa conquistou a 9\u00aa posi\u00e7\u00e3o na categoria \u201cServi\u00e7os Financeiros\u201d do ranking Merco Empresas O Sicredi foi reconhecido, pela primeira vez, pelo monitor empresarial de reputa\u00e7\u00e3o corporativa Merco Empresas, divulgado neste m\u00eas de mar\u00e7o. A nona edi\u00e7\u00e3o do ranking listou a institui\u00e7\u00e3o financeira cooperativa, com mais de 6,5 milh\u00f5es de associados e presen\u00e7a em [&hellip;]<\/p>\n","protected":false},"author":4,"featured_media":227404,"comment_status":"closed","ping_status":"closed","sticky":false,"template":"","format":"standard","meta":{"footnotes":""},"categories":[23],"tags":[],"class_list":["post-235803","post","type-post","status-publish","format-standard","has-post-thumbnail","hentry","category-chapadao-do-sul"],"_links":{"self":[{"href":"https:\/\/www.ocorreionews.com.br\/acervo-correio\/index.php?rest_route=\/wp\/v2\/posts\/235803","targetHints":{"allow":["GET"]}}],"collection":[{"href":"https:\/\/www.ocorreionews.com.br\/acervo-correio\/index.php?rest_route=\/wp\/v2\/posts"}],"about":[{"href":"https:\/\/www.ocorreionews.com.br\/acervo-correio\/index.php?rest_route=\/wp\/v2\/types\/post"}],"author":[{"embeddable":true,"href":"https:\/\/www.ocorreionews.com.br\/acervo-correio\/index.php?rest_route=\/wp\/v2\/users\/4"}],"replies":[{"embeddable":true,"href":"https:\/\/www.ocorreionews.com.br\/acervo-correio\/index.php?rest_route=%2Fwp%2Fv2%2Fcomments&post=235803"}],"version-history":[{"count":1,"href":"https:\/\/www.ocorreionews.com.br\/acervo-correio\/index.php?rest_route=\/wp\/v2\/posts\/235803\/revisions"}],"predecessor-version":[{"id":235804,"href":"https:\/\/www.ocorreionews.com.br\/acervo-correio\/index.php?rest_route=\/wp\/v2\/posts\/235803\/revisions\/235804"}],"wp:featuredmedia":[{"embeddable":true,"href":"https:\/\/www.ocorreionews.com.br\/acervo-correio\/index.php?rest_route=\/wp\/v2\/media\/227404"}],"wp:attachment":[{"href":"https:\/\/www.ocorreionews.com.br\/acervo-correio\/index.php?rest_route=%2Fwp%2Fv2%2Fmedia&parent=235803"}],"wp:term":[{"taxonomy":"category","embeddable":true,"href":"https:\/\/www.ocorreionews.com.br\/acervo-correio\/index.php?rest_route=%2Fwp%2Fv2%2Fcategories&post=235803"},{"taxonomy":"post_tag","embeddable":true,"href":"https:\/\/www.ocorreionews.com.br\/acervo-correio\/index.php?rest_route=%2Fwp%2Fv2%2Ftags&post=235803"}],"curies":[{"name":"wp","href":"https:\/\/api.w.org\/{rel}","templated":true}]}}