{"id":235837,"date":"2023-04-01T06:36:11","date_gmt":"2023-04-01T10:36:11","guid":{"rendered":"https:\/\/www.ocorreionews.com.br\/acervo-correio\/?p=235837"},"modified":"2023-04-01T06:36:11","modified_gmt":"2023-04-01T10:36:11","slug":"maioria-do-stf-derruba-prisao-especial-para-quem-tem-curso-superior","status":"publish","type":"post","link":"https:\/\/www.ocorreionews.com.br\/acervo-correio\/?p=235837","title":{"rendered":"Maioria do STF derruba pris\u00e3o especial para quem tem curso superior"},"content":{"rendered":"<p>O Supremo Tribunal Federal (STF) formou hoje (30) maioria de votos para derrubar a pris\u00e3o especial para quem tem curso superior.<\/p>\n<p>At\u00e9 o momento, seis ministros da Corte votaram para suspender o artigo do C\u00f3digo de Processo Penal (CPP) que estabeleceu a medida.<\/p>\n<p>A quest\u00e3o \u00e9 julgada no plen\u00e1rio virtual, modalidade na qual os ministros inserem os votos no sistema virtual e n\u00e3o h\u00e1 delibera\u00e7\u00e3o presencial. A vota\u00e7\u00e3o ser\u00e1 encerrada amanh\u00e3 (31).<\/p>\n<p>A maioria de votos foi formada a partir do entendimento do ministro Alexandre de Moraes, relator da a\u00e7\u00e3o protocolada pela Procuradoria-Geral da Rep\u00fablica (PGR).<\/p>\n<p>Para o ministro, o dispositivo que garante a pris\u00e3o especial para quem tem diploma universit\u00e1rio n\u00e3o foi recepcionado pela Constitui\u00e7\u00e3o. O texto original \u00e9 de 1941.<\/p>\n<p>Conforme o Artigo 295, inciso VII, do CPP, pessoas com diploma de curso superior de qualquer faculdade brasileira t\u00eam direito \u00e0 press\u00e3o especial, n\u00e3o podendo ficar em uma cela comum com os demais detentos.<\/p>\n<p>\u201cA extens\u00e3o da pris\u00e3o especial a essas pessoas caracteriza verdadeiro privil\u00e9gio que, em \u00faltima an\u00e1lise, materializa a desigualdade social e o vi\u00e9s seletivo do direito penal, e malfere preceito fundamental da Constitui\u00e7\u00e3o que assegura a igualdade entre todos na lei e perante a lei\u201d, afirmou o relator.<\/p>\n<p>O voto foi seguido pelos ministros Lu\u00eds Roberto Barroso, Dias Toffoli, Edson Fachin, Rosa Weber e C\u00e1rmen L\u00facia.<\/p>\n<p>ABr\/PCS<\/p>\n","protected":false},"excerpt":{"rendered":"<p>O Supremo Tribunal Federal (STF) formou hoje (30) maioria de votos para derrubar a pris\u00e3o especial para quem tem curso superior. At\u00e9 o momento, seis ministros da Corte votaram para suspender o artigo do C\u00f3digo de Processo Penal (CPP) que estabeleceu a medida. A quest\u00e3o \u00e9 julgada no plen\u00e1rio virtual, modalidade na qual os ministros [&hellip;]<\/p>\n","protected":false},"author":4,"featured_media":143073,"comment_status":"closed","ping_status":"closed","sticky":false,"template":"","format":"standard","meta":{"footnotes":""},"categories":[37],"tags":[],"class_list":["post-235837","post","type-post","status-publish","format-standard","has-post-thumbnail","hentry","category-politica"],"_links":{"self":[{"href":"https:\/\/www.ocorreionews.com.br\/acervo-correio\/index.php?rest_route=\/wp\/v2\/posts\/235837","targetHints":{"allow":["GET"]}}],"collection":[{"href":"https:\/\/www.ocorreionews.com.br\/acervo-correio\/index.php?rest_route=\/wp\/v2\/posts"}],"about":[{"href":"https:\/\/www.ocorreionews.com.br\/acervo-correio\/index.php?rest_route=\/wp\/v2\/types\/post"}],"author":[{"embeddable":true,"href":"https:\/\/www.ocorreionews.com.br\/acervo-correio\/index.php?rest_route=\/wp\/v2\/users\/4"}],"replies":[{"embeddable":true,"href":"https:\/\/www.ocorreionews.com.br\/acervo-correio\/index.php?rest_route=%2Fwp%2Fv2%2Fcomments&post=235837"}],"version-history":[{"count":1,"href":"https:\/\/www.ocorreionews.com.br\/acervo-correio\/index.php?rest_route=\/wp\/v2\/posts\/235837\/revisions"}],"predecessor-version":[{"id":235838,"href":"https:\/\/www.ocorreionews.com.br\/acervo-correio\/index.php?rest_route=\/wp\/v2\/posts\/235837\/revisions\/235838"}],"wp:featuredmedia":[{"embeddable":true,"href":"https:\/\/www.ocorreionews.com.br\/acervo-correio\/index.php?rest_route=\/wp\/v2\/media\/143073"}],"wp:attachment":[{"href":"https:\/\/www.ocorreionews.com.br\/acervo-correio\/index.php?rest_route=%2Fwp%2Fv2%2Fmedia&parent=235837"}],"wp:term":[{"taxonomy":"category","embeddable":true,"href":"https:\/\/www.ocorreionews.com.br\/acervo-correio\/index.php?rest_route=%2Fwp%2Fv2%2Fcategories&post=235837"},{"taxonomy":"post_tag","embeddable":true,"href":"https:\/\/www.ocorreionews.com.br\/acervo-correio\/index.php?rest_route=%2Fwp%2Fv2%2Ftags&post=235837"}],"curies":[{"name":"wp","href":"https:\/\/api.w.org\/{rel}","templated":true}]}}