{"id":235897,"date":"2023-04-03T07:45:38","date_gmt":"2023-04-03T11:45:38","guid":{"rendered":"https:\/\/www.ocorreionews.com.br\/acervo-correio\/?p=235897"},"modified":"2023-04-03T07:45:38","modified_gmt":"2023-04-03T11:45:38","slug":"pauta-da-sessao-da-camara-desta-segunda-feira-dia-03","status":"publish","type":"post","link":"https:\/\/www.ocorreionews.com.br\/acervo-correio\/?p=235897","title":{"rendered":"Pauta da sess\u00e3o da C\u00e2mara desta segunda-feira dia 03"},"content":{"rendered":"<p><strong><u>PAUTA PARA A 1408\u00aa SESS\u00c3O ORDIN\u00c1RIA,<\/u><\/strong><\/p>\n<p><strong><u>DA 3\u00aa<\/u><\/strong> <strong><u>SESS\u00c3O<\/u><\/strong> <strong><u>LEGISLATIVA,<\/u><\/strong><\/p>\n<p><strong><u>DA 9\u00aa LEGISLATURA, A REALIZAR-SE<\/u><\/strong><\/p>\n<p><strong><u>NO DIA 03\/04\/2023 \u2013 SEGUNDA-FEIRA<\/u><\/strong><\/p>\n<p><strong><u>\u00c0s 19h \u2013 C\u00e2mara Municipal<\/u><\/strong><\/p>\n<p>&nbsp;<\/p>\n<p><strong><u>EXPEDIENTE DE VEREADORES<\/u><\/strong><\/p>\n<p>&nbsp;<\/p>\n<p><strong>Requerimento n\u00ba 115\/2023 Vereadora Professora Almira<\/strong><\/p>\n<p>&nbsp;<\/p>\n<p>REQUER-SE \u00e0 Mesa, com observ\u00e2ncia nas disposi\u00e7\u00f5es regimentais, o envio de expediente ao Prefeito Municipal Jo\u00e3o Carlos Krug, com c\u00f3pia \u00e0 Secret\u00e1ria de Administra\u00e7\u00e3o, Raquel Tortelli, solicitando informa\u00e7\u00f5es sobre a situa\u00e7\u00e3o dos professores lotados nas escolas municipais da cidade. Em particular, pe\u00e7o que forne\u00e7a as seguintes informa\u00e7\u00f5es:<\/p>\n<ul>\n<li>Rela\u00e7\u00e3o de todos os professores efetivos lotados em cada escola;<\/li>\n<li>Rela\u00e7\u00e3o de professores contratados e em quais escolas est\u00e3o lotados;<\/li>\n<li>C\u00f3pia da folha de pagamento dos professores, discriminando ainda a fonte e origem dos recursos.<\/li>\n<\/ul>\n<p>&nbsp;<\/p>\n<p><strong>Indica\u00e7\u00e3o n\u00ba 800\/2023 \u2013 Vereador Emerson Sapo<\/strong><\/p>\n<p>INDICA-SE, com observ\u00e2ncia nas disposi\u00e7\u00f5es regimentais, o envio de expediente ao Prefeito Municipal, Jo\u00e3o Carlos Krug, solicitando que seja implantada uma \u00e1rea coberta em frente aos ESFs, com o objetivo de abrigar as pessoas que procuram atendimento de sa\u00fade antes do hor\u00e1rio de expediente da unidade. Essa medida seria de grande import\u00e2ncia para garantir a prote\u00e7\u00e3o dessas pessoas contra as intemp\u00e9ries clim\u00e1ticas e para melhorar a qualidade do atendimento prestado pela unidade.<\/p>\n<p>&nbsp;<\/p>\n<p><strong>Indica\u00e7\u00e3o n\u00ba 800\/2023 \u2013 Vereador Emerson Sapo<\/strong><\/p>\n<p>INDICA-SE, com observ\u00e2ncia nas disposi\u00e7\u00f5es regimentais, o envio de expediente ao Prefeito Municipal, Jo\u00e3o Carlos Krug, solicitando que seja que seja constru\u00edda uma rampa comunit\u00e1ria para carga e descarga de m\u00e1quinas e implementos agr\u00edcolas no polo empresarial, de forma que as pequenas empresas que n\u00e3o disp\u00f5em de rampa pr\u00f3pria possam utiliz\u00e1-la de forma gratuita. Essa rampa seria de grande import\u00e2ncia para melhorar as condi\u00e7\u00f5es de trabalho das empresas da regi\u00e3o, favorecendo a produtividade e competitividade das mesmas. Refor\u00e7ando a Indica\u00e7\u00e3o de n\u00ba 181\/2021 de autoria do Vereador Marcelo da Costa.<\/p>\n<p>&nbsp;<\/p>\n<p><strong>Indica\u00e7\u00e3o n\u00ba 802\/2023 \u2013 Vereador Mika<\/strong><\/p>\n<p>INDICA-SE, com observ\u00e2ncia nas disposi\u00e7\u00f5es regimentais, o envio de expediente ao Prefeito Municipal, Jo\u00e3o Carlos Krug, com c\u00f3pia ao Secret\u00e1rio de Obras, Transportes e Servi\u00e7os P\u00fablicos, Ivanor Zorzo, solicitando que seja implantada uma cobertura no lavador de ve\u00edculos do p\u00e1tio da prefeitura. Essa medida seria de grande import\u00e2ncia para garantir a prote\u00e7\u00e3o dos servidores contra as condi\u00e7\u00f5es clim\u00e1ticas, contribuindo para a melhoria das condi\u00e7\u00f5es de trabalho e para a conserva\u00e7\u00e3o do patrim\u00f4nio p\u00fablico.<\/p>\n<p>&nbsp;<\/p>\n<p><strong>Indica\u00e7\u00e3o n\u00ba 803\/2023 \u2013 Vereador Vanderson Cardoso<\/strong><\/p>\n<p>INDICA-SE, com observ\u00e2ncia nas disposi\u00e7\u00f5es regimentais, o envio de expediente \u00e0 Deputada Estadual, Mara Caseiro solicitando apoio junto ao Governador Eduardo Riedel e ao Diretor-Presidente do DETRAN-MS, Rudel Esp\u00edndola Trindade Junior para que contemple o munic\u00edpio de Chapad\u00e3o do Sul com projeto de sinaliza\u00e7\u00e3o vi\u00e1ria vertical e horizontal, no per\u00edmetro urbano, haja visto que com o crescimento do munic\u00edpio, os investimentos em sinaliza\u00e7\u00e3o precisam ser aumentados.<\/p>\n<p>&nbsp;<\/p>\n<p><strong>Indica\u00e7\u00e3o n\u00ba 804\/2023 \u2013 Vereador Vanderson Cardoso<\/strong><\/p>\n<p>INDICA-SE, com observ\u00e2ncia nas disposi\u00e7\u00f5es regimentais, o envio de expediente ao Prefeito Municipal, Jo\u00e3o Carlos Krug, com c\u00f3pia ao Secret\u00e1ria de Obras, Transportes e Servi\u00e7os P\u00fablicos, Ivanor Zorzo, e ao Secret\u00e1rio de Educa\u00e7\u00e3o, Guerino Perius, solicitando que seja constru\u00edda uma cobertura com telhas termo ac\u00fasticas no p\u00e1tio, localizado entre os pavilh\u00f5es de salas de aulas, da Escola Municipal \u00c9rico Ver\u00edssimo. Refor\u00e7ando a Indica\u00e7\u00e3o de n\u00ba 538\/2022 de autoria deste vereador.<\/p>\n<p>&nbsp;<\/p>\n<p><strong>Indica\u00e7\u00e3o n\u00ba 805\/2023 \u2013 Vereador Vanderson Cardoso<\/strong><\/p>\n<p>INDICA-SE, com observ\u00e2ncia nas disposi\u00e7\u00f5es regimentais, o envio de expediente ao Prefeito Municipal, Jo\u00e3o Carlos Krug, com c\u00f3pia ao Secret\u00e1ria de Obras, Transportes e Servi\u00e7os P\u00fablicos, Ivanor Zorzo, e ao Secret\u00e1rio de Educa\u00e7\u00e3o, Guerino Perius, solicitando a substitui\u00e7\u00e3o das telhas galvanizadas do p\u00e1tio e \u00e1rea de viv\u00eancia do CEI por telhas termoac\u00fasticas. As telhas galvanizadas, al\u00e9m de reterem muito calor, tamb\u00e9m fazem muito barulho em dias de chuva, o que pode ser inc\u00f4modo para as crian\u00e7as e prejudicar a realiza\u00e7\u00e3o das atividades pedag\u00f3gicas.<\/p>\n<p>&nbsp;<\/p>\n<p><strong>Indica\u00e7\u00e3o n\u00ba 806\/2023 \u2013 Vereador Vanderson Cardoso<\/strong><\/p>\n<p>INDICA-SE, com observ\u00e2ncia nas disposi\u00e7\u00f5es regimentais, o envio de expediente ao Prefeito Municipal, Jo\u00e3o Carlos Krug, com c\u00f3pia ao Secret\u00e1rio de Educa\u00e7\u00e3o e Cultura, Guerino Perius, solicitando a disponibiliza\u00e7\u00e3o de um espa\u00e7o mais amplo e adequado para a realiza\u00e7\u00e3o das atividades da Oficina de Pinturas do Projeto M\u00fasica e Arte. Isso permitiria que mais pessoas pudessem participar das atividades e que os participantes tivessem um ambiente mais confort\u00e1vel e adequado para desenvolver suas habilidades art\u00edsticas.<\/p>\n<p>&nbsp;<\/p>\n<p><strong>Indica\u00e7\u00e3o n\u00ba 807\/2023 \u2013 Vereadora Professora Almira<\/strong><\/p>\n<p>INDICA-SE, com observ\u00e2ncia nas disposi\u00e7\u00f5es regimentais, o envio de expediente ao Prefeito Municipal, Jo\u00e3o Carlos Krug, com c\u00f3pia \u00e0 Secret\u00e1ria de Sa\u00fade, Val\u00e9ria Lopes, solicitando que sejam implantadas brinquedotecas nas unidades de sa\u00fade do munic\u00edpio, incluindo o Hospital Municipal, UBS e ESFs. Essas brinquedotecas poderiam ser equipadas com brinquedos l\u00fadicos e pedag\u00f3gicos, que promovam o entretenimento e a aprendizagem das crian\u00e7as enquanto est\u00e3o nas unidades de sa\u00fade.<\/p>\n<p>&nbsp;<\/p>\n<p><strong>Indica\u00e7\u00e3o n\u00ba 808\/2023 \u2013 Vereador Marcelo da Costa<\/strong><\/p>\n<p>INDICA-SE, com observ\u00e2ncia nas disposi\u00e7\u00f5es regimentais, o envio de expediente ao Prefeito Municipal, Jo\u00e3o Carlos Krug, com c\u00f3pia ao Secret\u00e1rio de Obras, Transportes e Servi\u00e7os P\u00fablicos, Ivanor Zorzo e ao Diretor do DEMUTRAN, Pedro Lopes, solicitando que seja efetuado um trabalho de vistoria geral na sinaliza\u00e7\u00e3o de tr\u00e2nsito pr\u00f3ximo a todas as escolas do munic\u00edpio, e corrigindo onde est\u00e3o falhas, a fim de oferecer bem-estar e seguran\u00e7a \u00e0 popula\u00e7\u00e3o. Refor\u00e7ando a Indica\u00e7\u00e3o de n\u00ba 630\/2022 de autoria deste vereador.<\/p>\n<p>&nbsp;<\/p>\n<p><strong>Indica\u00e7\u00e3o n\u00ba 809\/2023 \u2013 Vereador Marcelo da Costa<\/strong><\/p>\n<p>INDICA-SE, com observ\u00e2ncia nas disposi\u00e7\u00f5es regimentais, o envio de expediente ao Prefeito Municipal, Jo\u00e3o Carlos Krug, com c\u00f3pia ao Secret\u00e1rio de Obras, Transportes e Servi\u00e7os P\u00fablicos, Ivanor Zorzo solicitando que seja prestado com maior efici\u00eancia o servi\u00e7o de varri\u00e7\u00e3o e limpeza das bocas de lobos, considerando que muitas delas encontram-se cheias de folhas e com ac\u00famulo de lixo. Refor\u00e7ando a Indica\u00e7\u00e3o de n\u00ba 608\/2022 de autoria deste Vereador.<\/p>\n<p>&nbsp;<\/p>\n<p><strong>Indica\u00e7\u00e3o n\u00ba 803\/2023 \u2013 Vereador Vanderson Cardoso<\/strong><\/p>\n<p>INDICA-SE, com observ\u00e2ncia nas disposi\u00e7\u00f5es regimentais, o envio de expediente ao Prefeito Municipal, Jo\u00e3o Carlos Krug, com c\u00f3pia \u00e0 Secret\u00e1ria de Esportes Lazer e Juventude, Alessandra Vanessa Schweter, solicitando a instala\u00e7\u00e3o de Rede de Prote\u00e7\u00e3o A\u00e9rea fio 4, malha 12, para cobertura do campo de Futebol Society, localizado no Bairro Esplanada V. Refor\u00e7ando a Indica\u00e7\u00e3o de n\u00ba 626\/2022 de autoria deste vereador.<\/p>\n<p>&nbsp;<\/p>\n<p><strong>Mo\u00e7\u00e3o de Aplausos n\u00ba 83 \u2013 Vereador Andr\u00e9 dos Anjos<\/strong><\/p>\n<p>O Vereador Andr\u00e9 dos Anjos, que esta subscreve, dispensadas as formalidades regimentais, encaminha, MO\u00c7\u00c3O DE APLAUSOS, \u00e0 atleta Thays Henrique de Souza, que conquistou a medalha de ouro no Pan-Americano de Taekwondo no Rio de Janeiro, nos dias 24 a 26 de mar\u00e7o.<\/p>\n<p>Aproveitamos tamb\u00e9m para estender nossas felicita\u00e7\u00f5es ao seu pai e treinador, Celso Concei\u00e7\u00e3o de Souza, que tem papel fundamental na forma\u00e7\u00e3o e sucesso da atleta. Thays \u00e9 um exemplo de perseveran\u00e7a, dedica\u00e7\u00e3o e trabalho duro, e sua vit\u00f3ria \u00e9 um orgulho para a cidade de Chapad\u00e3o do Sul e para o Brasil.<\/p>\n<p>&nbsp;<\/p>\n<p>&nbsp;<\/p>\n<p><strong><u>MENSAGEM DO EXECUTIVO<\/u><\/strong><\/p>\n<p>&nbsp;<\/p>\n<p><big><strong>Mensagem n\u00ba 012\/2023 ao PROJETO DE LEI N\u00ba 108, DE 27 DE MAR\u00c7O DE 2023.<\/strong> &#8220;Autoriza o Poder Executivo a realizar manuten\u00e7\u00f5es corretivas e preventivas em estradas rurais, compreendias como prim\u00e1rias, secund\u00e1rias e vicinais, vide art. 23 da Constitui\u00e7\u00e3o Federal e d\u00e1 outras provid\u00eancias\u201d.<\/big><\/p>\n<p><big><strong>Mensagem n\u00ba 013\/2023 ao PROJETO DE LEI N\u00ba 109 <\/strong>\u201cDesafeta \u00c1rea de Dom\u00ednio do Munic\u00edpio \u2013 \u00c1rea Institucional &#8211; e d\u00e1 outras provid\u00eancias \u201d.<\/big><\/p>\n<p><big><strong>Mensagem n\u00ba 014\/2023 ao PROJETO DE LEI N\u00ba 110<\/strong> \u201cAltera descri\u00e7\u00e3o de itens a serem adquiridos, provenientes de Emendas Impositivas que especifica e d\u00e1 outras provid\u00eancias\u201d<\/big><\/p>\n<p>&nbsp;<\/p>\n<p><strong><u>ORDEM DO DIA<\/u><\/strong><\/p>\n<p>&nbsp;<\/p>\n<p><strong>PROJETO DE LEI N\u00ba 102\/2023 de autoria do Vereador Vanderson Cardoso que <\/strong>\u201cInstitui o Programa do\u00a0\u00a0 Casamento Civil Comunit\u00e1rio no\u00a0\u00a0 \u00e2mbito\u00a0\u00a0 do\u00a0\u00a0 Munic\u00edpio\u00a0\u00a0 de\u00a0\u00a0 Chapad\u00e3o do Sul, estabelece a celebra\u00e7\u00e3o de conv\u00eanio e parceria para a realiza\u00e7\u00e3o do casamento e d\u00e1 outras provid\u00eancias.<\/p>\n<p><strong>PROJETO DE LEI N\u00ba 107\/2023 do Executivo que <\/strong>&#8220;Declara de Utilidade P\u00fablica Municipal o INSTITUTO DE PESQUISA E INOVACAO NA AGRICULTURA IRRIGADA DO CENTRO-OESTE \u2013 INOVAGRI CENTROOESTE, e d\u00e1 outras provid\u00eancias\u201d.<\/p>\n<p>&nbsp;<\/p>\n<p>&nbsp;<\/p>\n<p><strong>SECRETARIA DAS SESS\u00d5ES, 31 DE MAR\u00c7O DE 2023.<\/strong><\/p>\n<p>Natalia da Silva Leal Scheer,<\/p>\n<p>Diretora Parlamentar.<\/p>\n","protected":false},"excerpt":{"rendered":"<p>PAUTA PARA A 1408\u00aa SESS\u00c3O ORDIN\u00c1RIA, DA 3\u00aa SESS\u00c3O LEGISLATIVA, DA 9\u00aa LEGISLATURA, A REALIZAR-SE NO DIA 03\/04\/2023 \u2013 SEGUNDA-FEIRA \u00c0s 19h \u2013 C\u00e2mara Municipal &nbsp; EXPEDIENTE DE VEREADORES &nbsp; Requerimento n\u00ba 115\/2023 Vereadora Professora Almira &nbsp; REQUER-SE \u00e0 Mesa, com observ\u00e2ncia nas disposi\u00e7\u00f5es regimentais, o envio de expediente ao Prefeito Municipal Jo\u00e3o Carlos Krug, [&hellip;]<\/p>\n","protected":false},"author":4,"featured_media":232384,"comment_status":"closed","ping_status":"closed","sticky":false,"template":"","format":"standard","meta":{"footnotes":""},"categories":[20,23,41],"tags":[],"class_list":["post-235897","post","type-post","status-publish","format-standard","has-post-thumbnail","hentry","category-camara-municipal","category-chapadao-do-sul","category-destaque"],"_links":{"self":[{"href":"https:\/\/www.ocorreionews.com.br\/acervo-correio\/index.php?rest_route=\/wp\/v2\/posts\/235897","targetHints":{"allow":["GET"]}}],"collection":[{"href":"https:\/\/www.ocorreionews.com.br\/acervo-correio\/index.php?rest_route=\/wp\/v2\/posts"}],"about":[{"href":"https:\/\/www.ocorreionews.com.br\/acervo-correio\/index.php?rest_route=\/wp\/v2\/types\/post"}],"author":[{"embeddable":true,"href":"https:\/\/www.ocorreionews.com.br\/acervo-correio\/index.php?rest_route=\/wp\/v2\/users\/4"}],"replies":[{"embeddable":true,"href":"https:\/\/www.ocorreionews.com.br\/acervo-correio\/index.php?rest_route=%2Fwp%2Fv2%2Fcomments&post=235897"}],"version-history":[{"count":1,"href":"https:\/\/www.ocorreionews.com.br\/acervo-correio\/index.php?rest_route=\/wp\/v2\/posts\/235897\/revisions"}],"predecessor-version":[{"id":235900,"href":"https:\/\/www.ocorreionews.com.br\/acervo-correio\/index.php?rest_route=\/wp\/v2\/posts\/235897\/revisions\/235900"}],"wp:featuredmedia":[{"embeddable":true,"href":"https:\/\/www.ocorreionews.com.br\/acervo-correio\/index.php?rest_route=\/wp\/v2\/media\/232384"}],"wp:attachment":[{"href":"https:\/\/www.ocorreionews.com.br\/acervo-correio\/index.php?rest_route=%2Fwp%2Fv2%2Fmedia&parent=235897"}],"wp:term":[{"taxonomy":"category","embeddable":true,"href":"https:\/\/www.ocorreionews.com.br\/acervo-correio\/index.php?rest_route=%2Fwp%2Fv2%2Fcategories&post=235897"},{"taxonomy":"post_tag","embeddable":true,"href":"https:\/\/www.ocorreionews.com.br\/acervo-correio\/index.php?rest_route=%2Fwp%2Fv2%2Ftags&post=235897"}],"curies":[{"name":"wp","href":"https:\/\/api.w.org\/{rel}","templated":true}]}}