{"id":235907,"date":"2023-04-03T07:55:51","date_gmt":"2023-04-03T11:55:51","guid":{"rendered":"https:\/\/www.ocorreionews.com.br\/acervo-correio\/?p=235907"},"modified":"2023-04-03T07:55:51","modified_gmt":"2023-04-03T11:55:51","slug":"prefeitura-de-alcinopolis-decreta-ponto-facultativo-na-quinta-feira","status":"publish","type":"post","link":"https:\/\/www.ocorreionews.com.br\/acervo-correio\/?p=235907","title":{"rendered":"Prefeitura de Alcin\u00f3polis decreta ponto facultativo na quinta-feira"},"content":{"rendered":"<p>A Prefeitura Municipal de Alcin\u00f3polis, decretou ponto facultativo na quinta-feira, dia 6 de abril, v\u00e9spera da Sexta-feira Santa.A decis\u00e3o foi publicada na sexta-feira (31), no Di\u00e1rio Oficial Eletr\u00f4nico n\u00ba 1.188<a href=\"https:\/\/www.alcinopolis.ms.gov.br\/site\/wp-content\/uploads\/2023\/03\/Diario-Oficial-Eletro?nico-Edic?a?o-no-1.188-31-03-22.pdf\"><strong> (CLIQUE AQUI).<\/strong><\/a><\/p>\n<p>Com a medida, as reparti\u00e7\u00f5es p\u00fablicas estaduais n\u00e3o funcionar\u00e3o nos dias 6 e 7 de abril.\u00a0As atividades seguem normalmente na segunda-feira (10).<\/p>\n<p>Conforme o decreto, o ponto facultativo n\u00e3o se aplica aos \u00f3rg\u00e3os p\u00fablicos municipais, com exce\u00e7\u00e3o daqueles onde os servi\u00e7os por sua natureza n\u00e3o possam ser paralisados ou interrompidos.<\/p>\n","protected":false},"excerpt":{"rendered":"<p>A Prefeitura Municipal de Alcin\u00f3polis, decretou ponto facultativo na quinta-feira, dia 6 de abril, v\u00e9spera da Sexta-feira Santa.A decis\u00e3o foi publicada na sexta-feira (31), no Di\u00e1rio Oficial Eletr\u00f4nico n\u00ba 1.188 (CLIQUE AQUI). Com a medida, as reparti\u00e7\u00f5es p\u00fablicas estaduais n\u00e3o funcionar\u00e3o nos dias 6 e 7 de abril.\u00a0As atividades seguem normalmente na segunda-feira (10). Conforme [&hellip;]<\/p>\n","protected":false},"author":4,"featured_media":160349,"comment_status":"closed","ping_status":"closed","sticky":false,"template":"","format":"standard","meta":{"footnotes":""},"categories":[18],"tags":[],"class_list":["post-235907","post","type-post","status-publish","format-standard","has-post-thumbnail","hentry","category-alcinopolis"],"_links":{"self":[{"href":"https:\/\/www.ocorreionews.com.br\/acervo-correio\/index.php?rest_route=\/wp\/v2\/posts\/235907","targetHints":{"allow":["GET"]}}],"collection":[{"href":"https:\/\/www.ocorreionews.com.br\/acervo-correio\/index.php?rest_route=\/wp\/v2\/posts"}],"about":[{"href":"https:\/\/www.ocorreionews.com.br\/acervo-correio\/index.php?rest_route=\/wp\/v2\/types\/post"}],"author":[{"embeddable":true,"href":"https:\/\/www.ocorreionews.com.br\/acervo-correio\/index.php?rest_route=\/wp\/v2\/users\/4"}],"replies":[{"embeddable":true,"href":"https:\/\/www.ocorreionews.com.br\/acervo-correio\/index.php?rest_route=%2Fwp%2Fv2%2Fcomments&post=235907"}],"version-history":[{"count":1,"href":"https:\/\/www.ocorreionews.com.br\/acervo-correio\/index.php?rest_route=\/wp\/v2\/posts\/235907\/revisions"}],"predecessor-version":[{"id":235910,"href":"https:\/\/www.ocorreionews.com.br\/acervo-correio\/index.php?rest_route=\/wp\/v2\/posts\/235907\/revisions\/235910"}],"wp:featuredmedia":[{"embeddable":true,"href":"https:\/\/www.ocorreionews.com.br\/acervo-correio\/index.php?rest_route=\/wp\/v2\/media\/160349"}],"wp:attachment":[{"href":"https:\/\/www.ocorreionews.com.br\/acervo-correio\/index.php?rest_route=%2Fwp%2Fv2%2Fmedia&parent=235907"}],"wp:term":[{"taxonomy":"category","embeddable":true,"href":"https:\/\/www.ocorreionews.com.br\/acervo-correio\/index.php?rest_route=%2Fwp%2Fv2%2Fcategories&post=235907"},{"taxonomy":"post_tag","embeddable":true,"href":"https:\/\/www.ocorreionews.com.br\/acervo-correio\/index.php?rest_route=%2Fwp%2Fv2%2Ftags&post=235907"}],"curies":[{"name":"wp","href":"https:\/\/api.w.org\/{rel}","templated":true}]}}