{"id":235917,"date":"2023-04-03T08:30:14","date_gmt":"2023-04-03T12:30:14","guid":{"rendered":"https:\/\/www.ocorreionews.com.br\/acervo-correio\/?p=235917"},"modified":"2023-04-03T08:40:19","modified_gmt":"2023-04-03T12:40:19","slug":"cacador-acusado-de-matar-e-torturar-oncas-pintadas-em-mt-e-solto-por-decisao-judicial","status":"publish","type":"post","link":"https:\/\/www.ocorreionews.com.br\/acervo-correio\/?p=235917","title":{"rendered":"Ca\u00e7ador acusado de matar e torturar on\u00e7as-pintadas em MT \u00e9 solto por decis\u00e3o judicial"},"content":{"rendered":"<p>Jo\u00e3o de Deus da Silva, de 59 anos, acusado de matar e torturar on\u00e7as-pintadas na cidade de C\u00e1ceres, no Mato Grosso, foi solto por decis\u00e3o do Poder Judici\u00e1rio neste domingo (02). O acusado estava preso desde sexta-feira, quando foi detido por suspeita de ca\u00e7a ilegal. Ele segue sob investiga\u00e7\u00e3o pela Pol\u00edcia Civil de Mato Grosso.<\/p>\n<p>Ele havia sido preso no estado mato-grossense, acusado de ca\u00e7ar tr\u00eas on\u00e7as-pintadas do Pantanal, decapitar duas e filmar toda a a\u00e7\u00e3o em um v\u00eddeo que viralizou. Ele tamb\u00e9m deve responder pelo crime de maus-tratos contra cachorros.<\/p>\n<p>A decis\u00e3o de soltura foi proferida pelo juiz da 4\u00aa Vara Criminal de C\u00e1ceres (MT). Segundo a defesa do acusado, n\u00e3o havia motivos para a manuten\u00e7\u00e3o da pris\u00e3o preventiva, uma vez que ele tem resid\u00eancia fixa, emprego e n\u00e3o representa risco \u00e0 ordem p\u00fablica.<\/p>\n<p>O Minist\u00e9rio P\u00fablico havia se manifestado contrariamente \u00e0 soltura, alegando que o acusado representa risco \u00e0 fauna e que a liberdade dele poderia prejudicar a instru\u00e7\u00e3o criminal. No entanto, o juiz Cl\u00e1udio Deodato entendeu que n\u00e3o havia elementos suficientes para justificar a manuten\u00e7\u00e3o da pris\u00e3o preventiva e concedeu a liberdade provis\u00f3ria ao acusado.<\/p>\n<p>A morte de on\u00e7as-pintadas \u00e9 considerada crime ambiental e pode resultar em pena de at\u00e9 cinco anos de pris\u00e3o, al\u00e9m de multa. O caso segue em investiga\u00e7\u00e3o pela Pol\u00edcia Civil de Mato Grosso.<\/p>\n<p><strong>O caso &#8211;\u00a0<\/strong>Ele confessou que foi contratado para cometer o crime e receber R$ 5 mil por cada cabe\u00e7a do animal amea\u00e7ado de extin\u00e7\u00e3o abatido na regi\u00e3o. As imagens das on\u00e7as decapitadas circularam na internet e causaram indigna\u00e7\u00e3o.<\/p>\n<p>Inicialmente, suspeitava-se que os animais foram capturados no Pantanal, mas n\u00e3o se sabia ao certo em qual estado &#8211; Mato Grosso ou Mato Grosso do Sul. A pris\u00e3o ocorreu no in\u00edcio da noite de sexta-feira (31), em uma barreira policial na BR-174, em C\u00e1ceres, a 225 quil\u00f4metros de Cuiab\u00e1.<\/p>\n<p>O homem foi preso por uma equipe da Pol\u00edcia Civil e do Grupo Especial de Fronteira (Gefron), que haviam recebido den\u00fancias identificando o suspeito. O delegado de C\u00e1ceres, Marlon Richer Nogueira, solicitou a pris\u00e3o preventiva de Jo\u00e3o de Deus no s\u00e1bado (1\u00ba).<\/p>\n<p>Ele estava em uma caminhonete Ranger branca, transportando quatro c\u00e3es da ra\u00e7a Pointer ingl\u00eas que aparecem nas imagens da ca\u00e7ada. Os animais estavam sendo transportados de maneira irregular, amarrados de maneira indevida e com feridas. Por isso, o ca\u00e7ador vai responder tamb\u00e9m por maus-tratos.<\/p>\n<p>O suspeito informou \u00e0 pol\u00edcia que comprou seis cachorros por R$ 3 mil para ajudar nas ca\u00e7adas. Os animais teriam sido transportados inicialmente de V\u00e1rzea Grande para C\u00e1ceres. A esposa do suspeito, Maria Bispo de Guimar\u00e3es, pagou R$ 600 pelo frete dos cachorros. O respons\u00e1vel pelo frete foi orientado a encontrar um homem identificado como Laudelino Luis Neto, que estava em uma caminhonete Ranger branca.<\/p>\n<p>Os c\u00e3es foram transferidos para o segundo ve\u00edculo e levados para as fazendas Bahia de Pedra I e II, localizadas no munic\u00edpio de C\u00e1ceres. Durante a abordagem, Laudelino estava dirigindo a Ranger branca, enquanto Jo\u00e3o de Deus estava no banco do passageiro. Ap\u00f3s prestar depoimento, Laudelino foi liberado pela pol\u00edcia. J\u00e1 Jo\u00e3o de Deus foi preso e encaminhado para a delegacia da Pol\u00edcia Civil de C\u00e1ceres. A responsabilidade dos cachorros ficou com a pol\u00edcia e o caso est\u00e1 sendo investigado pela Delegacia Especializada de Meio Ambiente (Dema).<\/p>\n<p>Jo\u00e3o pode responder criminalmente por maus-tratos aos cachorros e, se condenado, pode pegar de dois a cinco anos de pris\u00e3o, al\u00e9m de pagar multa de R$ 500 por cachorro maltratado.<\/p>\n<p>Vale ressaltar que a ca\u00e7a de on\u00e7as-pintadas e outros animais silvestres \u00e9 proibida no Brasil, exceto no caso da ca\u00e7a de javalis, que segue regulamenta\u00e7\u00e3o espec\u00edfica. A Lei de Crimes Ambientais prev\u00ea deten\u00e7\u00e3o de seis meses a um ano para quem comete esse crime, mas \u00e9 comum que a pena seja convertida em multa.<\/p>\n<p><strong>V\u00cdDEO: CENAS FORTES<\/strong><\/p>\n<div><\/div>\n<div><\/div>\n<p><iframe id=\"instagram-embed-0\" class=\"instagram-media instagram-media-rendered\" src=\"https:\/\/www.instagram.com\/reel\/CqPBdYQLiH0\/embed\/captioned\/?cr=1&amp;v=14&amp;wp=540&amp;rd=https%3A%2F%2Fmidiamax.uol.com.br&amp;rp=%2Fbrasil%2F2023%2Fcrueldade-filhote-de-onca-e-amarrado-e-fica-ao-lado-da-cabeca-decepada-da-suposta-mae-e-irmao%2F#%7B%22ci%22%3A0%2C%22os%22%3A3901%2C%22ls%22%3A602%2C%22le%22%3A3863%7D\" height=\"1761\" frameborder=\"0\" scrolling=\"no\" allowfullscreen=\"allowfullscreen\" data-instgrm-payload-id=\"instagram-media-payload-0\" data-mce-fragment=\"1\"><\/iframe><\/p>\n<p>Campo Grande News<\/p>\n","protected":false},"excerpt":{"rendered":"<p>Jo\u00e3o de Deus da Silva, de 59 anos, acusado de matar e torturar on\u00e7as-pintadas na cidade de C\u00e1ceres, no Mato Grosso, foi solto por decis\u00e3o do Poder Judici\u00e1rio neste domingo (02). O acusado estava preso desde sexta-feira, quando foi detido por suspeita de ca\u00e7a ilegal. Ele segue sob investiga\u00e7\u00e3o pela Pol\u00edcia Civil de Mato Grosso. [&hellip;]<\/p>\n","protected":false},"author":5,"featured_media":235380,"comment_status":"closed","ping_status":"closed","sticky":false,"template":"","format":"standard","meta":{"footnotes":""},"categories":[38],"tags":[],"class_list":["post-235917","post","type-post","status-publish","format-standard","has-post-thumbnail","hentry","category-policia"],"_links":{"self":[{"href":"https:\/\/www.ocorreionews.com.br\/acervo-correio\/index.php?rest_route=\/wp\/v2\/posts\/235917","targetHints":{"allow":["GET"]}}],"collection":[{"href":"https:\/\/www.ocorreionews.com.br\/acervo-correio\/index.php?rest_route=\/wp\/v2\/posts"}],"about":[{"href":"https:\/\/www.ocorreionews.com.br\/acervo-correio\/index.php?rest_route=\/wp\/v2\/types\/post"}],"author":[{"embeddable":true,"href":"https:\/\/www.ocorreionews.com.br\/acervo-correio\/index.php?rest_route=\/wp\/v2\/users\/5"}],"replies":[{"embeddable":true,"href":"https:\/\/www.ocorreionews.com.br\/acervo-correio\/index.php?rest_route=%2Fwp%2Fv2%2Fcomments&post=235917"}],"version-history":[{"count":1,"href":"https:\/\/www.ocorreionews.com.br\/acervo-correio\/index.php?rest_route=\/wp\/v2\/posts\/235917\/revisions"}],"predecessor-version":[{"id":235924,"href":"https:\/\/www.ocorreionews.com.br\/acervo-correio\/index.php?rest_route=\/wp\/v2\/posts\/235917\/revisions\/235924"}],"wp:featuredmedia":[{"embeddable":true,"href":"https:\/\/www.ocorreionews.com.br\/acervo-correio\/index.php?rest_route=\/wp\/v2\/media\/235380"}],"wp:attachment":[{"href":"https:\/\/www.ocorreionews.com.br\/acervo-correio\/index.php?rest_route=%2Fwp%2Fv2%2Fmedia&parent=235917"}],"wp:term":[{"taxonomy":"category","embeddable":true,"href":"https:\/\/www.ocorreionews.com.br\/acervo-correio\/index.php?rest_route=%2Fwp%2Fv2%2Fcategories&post=235917"},{"taxonomy":"post_tag","embeddable":true,"href":"https:\/\/www.ocorreionews.com.br\/acervo-correio\/index.php?rest_route=%2Fwp%2Fv2%2Ftags&post=235917"}],"curies":[{"name":"wp","href":"https:\/\/api.w.org\/{rel}","templated":true}]}}