{"id":235948,"date":"2023-04-03T09:39:54","date_gmt":"2023-04-03T13:39:54","guid":{"rendered":"https:\/\/www.ocorreionews.com.br\/acervo-correio\/?p=235948"},"modified":"2023-04-03T09:39:54","modified_gmt":"2023-04-03T13:39:54","slug":"homem-denuncia-enteado-de-15-anos-com-entorpecente-e-danificar-seu-carro-em-costa-rica","status":"publish","type":"post","link":"https:\/\/www.ocorreionews.com.br\/acervo-correio\/?p=235948","title":{"rendered":"Homem denuncia enteado de 15 anos com entorpecente e danificar seu carro em Costa Rica"},"content":{"rendered":"<p>Homem denuncia enteado de 15 anos com entorpecente e danificar seu carro em Costa Rica<\/p>\n<p>Um adolescente de 15 anos foi apreendido na madrugada desta segunda-feira (03), em Costa Rica, depois de causar danos no carro de seu padrasto que tamb\u00e9m entrou aos policiais uma por\u00e7\u00e3o de maconha que seria do menor.<\/p>\n<p>De acordo com informa\u00e7\u00f5es do Boletim de Ocorr\u00eancia, por volta das 03h10 min desta segunda-feira quando a Pol\u00edcia Militar foi acionada pela v\u00edtima, que relatou que teve uma discuss\u00e3o com seu enteado e que o menor teria jogado pedras em seu ve\u00edculo VW\/Gol, de cor cinza, causando danos na parte traseira.<\/p>\n<p>O padrasto de 29 anos ainda entregou uma por\u00e7\u00e3o de 1 grama de maconha, informando ser de seu enteado.<\/p>\n<p>O menor foi apreendido e encaminhado para delegacia de pol\u00edcia para provid\u00eancias.<\/p>\n","protected":false},"excerpt":{"rendered":"<p>Homem denuncia enteado de 15 anos com entorpecente e danificar seu carro em Costa Rica Um adolescente de 15 anos foi apreendido na madrugada desta segunda-feira (03), em Costa Rica, depois de causar danos no carro de seu padrasto que tamb\u00e9m entrou aos policiais uma por\u00e7\u00e3o de maconha que seria do menor. De acordo com [&hellip;]<\/p>\n","protected":false},"author":5,"featured_media":228378,"comment_status":"closed","ping_status":"closed","sticky":false,"template":"","format":"standard","meta":{"footnotes":""},"categories":[25,38],"tags":[],"class_list":["post-235948","post","type-post","status-publish","format-standard","has-post-thumbnail","hentry","category-costa-rica","category-policia"],"_links":{"self":[{"href":"https:\/\/www.ocorreionews.com.br\/acervo-correio\/index.php?rest_route=\/wp\/v2\/posts\/235948","targetHints":{"allow":["GET"]}}],"collection":[{"href":"https:\/\/www.ocorreionews.com.br\/acervo-correio\/index.php?rest_route=\/wp\/v2\/posts"}],"about":[{"href":"https:\/\/www.ocorreionews.com.br\/acervo-correio\/index.php?rest_route=\/wp\/v2\/types\/post"}],"author":[{"embeddable":true,"href":"https:\/\/www.ocorreionews.com.br\/acervo-correio\/index.php?rest_route=\/wp\/v2\/users\/5"}],"replies":[{"embeddable":true,"href":"https:\/\/www.ocorreionews.com.br\/acervo-correio\/index.php?rest_route=%2Fwp%2Fv2%2Fcomments&post=235948"}],"version-history":[{"count":1,"href":"https:\/\/www.ocorreionews.com.br\/acervo-correio\/index.php?rest_route=\/wp\/v2\/posts\/235948\/revisions"}],"predecessor-version":[{"id":235949,"href":"https:\/\/www.ocorreionews.com.br\/acervo-correio\/index.php?rest_route=\/wp\/v2\/posts\/235948\/revisions\/235949"}],"wp:featuredmedia":[{"embeddable":true,"href":"https:\/\/www.ocorreionews.com.br\/acervo-correio\/index.php?rest_route=\/wp\/v2\/media\/228378"}],"wp:attachment":[{"href":"https:\/\/www.ocorreionews.com.br\/acervo-correio\/index.php?rest_route=%2Fwp%2Fv2%2Fmedia&parent=235948"}],"wp:term":[{"taxonomy":"category","embeddable":true,"href":"https:\/\/www.ocorreionews.com.br\/acervo-correio\/index.php?rest_route=%2Fwp%2Fv2%2Fcategories&post=235948"},{"taxonomy":"post_tag","embeddable":true,"href":"https:\/\/www.ocorreionews.com.br\/acervo-correio\/index.php?rest_route=%2Fwp%2Fv2%2Ftags&post=235948"}],"curies":[{"name":"wp","href":"https:\/\/api.w.org\/{rel}","templated":true}]}}