{"id":235951,"date":"2023-04-03T09:44:57","date_gmt":"2023-04-03T13:44:57","guid":{"rendered":"https:\/\/www.ocorreionews.com.br\/acervo-correio\/?p=235951"},"modified":"2023-04-03T09:44:57","modified_gmt":"2023-04-03T13:44:57","slug":"homem-marca-encontro-pelo-whatsapp-e-estupra-menina-de-13-anos-em-ms","status":"publish","type":"post","link":"https:\/\/www.ocorreionews.com.br\/acervo-correio\/?p=235951","title":{"rendered":"Homem marca encontro pelo Whatsapp e estupra menina de 13 anos em MS"},"content":{"rendered":"<p>Homem de 45 anos foi preso ao ser flagrado estuprando adolescente de 13, no meio da rua, em Sonora, distante 362 quil\u00f4metros de Campo Grande. A v\u00edtima contou aos policiais que foi for\u00e7ada a ter rela\u00e7\u00e3o sexual com o suspeito.<\/p>\n<p>De acordo com o boletim de ocorr\u00eancia, uma mulher chamou a Pol\u00edcia Militar ap\u00f3s presenciar o homem e a menina praticando atos sexuais na Rua Urucuri, no s\u00e1bado (1).<\/p>\n<p>Quando os policiais chegaram no local o suspeito e a v\u00edtima estavam com as roupas abaixadas e ao notarem a presen\u00e7a da guarni\u00e7\u00e3o se vestiram rapidamente. Ao ser questionado, o homem confessou que teve rela\u00e7\u00e3o sexual com a adolescente e que haviam combinado o encontro atrav\u00e9s de mensagem de Whatsapp.<\/p>\n<p>A v\u00edtima informou aos policiais que estava na cidade fazendo compra com os pais, mas falou para os respons\u00e1veis que estava com fome e que iria comer um lanche. Neste momento encontrou o suspeito por acaso, ele a pegou pelo bra\u00e7o e a chamou para sair.<\/p>\n<p>Quando chegaram no local, contra sua vontade, o homem a obrigou ter rela\u00e7\u00f5es sexuais com ele. O homem mostrou para os policiais mensagens que trocava com a menina, onde ela mandava fotos pelada e falava que tinha 16 anos.<\/p>\n<p>&nbsp;<\/p>\n<p>Por Bruna Marques, Campo Grande News<\/p>\n","protected":false},"excerpt":{"rendered":"<p>Homem de 45 anos foi preso ao ser flagrado estuprando adolescente de 13, no meio da rua, em Sonora, distante 362 quil\u00f4metros de Campo Grande. A v\u00edtima contou aos policiais que foi for\u00e7ada a ter rela\u00e7\u00e3o sexual com o suspeito. De acordo com o boletim de ocorr\u00eancia, uma mulher chamou a Pol\u00edcia Militar ap\u00f3s presenciar [&hellip;]<\/p>\n","protected":false},"author":5,"featured_media":224132,"comment_status":"closed","ping_status":"closed","sticky":false,"template":"","format":"standard","meta":{"footnotes":""},"categories":[38],"tags":[],"class_list":["post-235951","post","type-post","status-publish","format-standard","has-post-thumbnail","hentry","category-policia"],"_links":{"self":[{"href":"https:\/\/www.ocorreionews.com.br\/acervo-correio\/index.php?rest_route=\/wp\/v2\/posts\/235951","targetHints":{"allow":["GET"]}}],"collection":[{"href":"https:\/\/www.ocorreionews.com.br\/acervo-correio\/index.php?rest_route=\/wp\/v2\/posts"}],"about":[{"href":"https:\/\/www.ocorreionews.com.br\/acervo-correio\/index.php?rest_route=\/wp\/v2\/types\/post"}],"author":[{"embeddable":true,"href":"https:\/\/www.ocorreionews.com.br\/acervo-correio\/index.php?rest_route=\/wp\/v2\/users\/5"}],"replies":[{"embeddable":true,"href":"https:\/\/www.ocorreionews.com.br\/acervo-correio\/index.php?rest_route=%2Fwp%2Fv2%2Fcomments&post=235951"}],"version-history":[{"count":1,"href":"https:\/\/www.ocorreionews.com.br\/acervo-correio\/index.php?rest_route=\/wp\/v2\/posts\/235951\/revisions"}],"predecessor-version":[{"id":235952,"href":"https:\/\/www.ocorreionews.com.br\/acervo-correio\/index.php?rest_route=\/wp\/v2\/posts\/235951\/revisions\/235952"}],"wp:featuredmedia":[{"embeddable":true,"href":"https:\/\/www.ocorreionews.com.br\/acervo-correio\/index.php?rest_route=\/wp\/v2\/media\/224132"}],"wp:attachment":[{"href":"https:\/\/www.ocorreionews.com.br\/acervo-correio\/index.php?rest_route=%2Fwp%2Fv2%2Fmedia&parent=235951"}],"wp:term":[{"taxonomy":"category","embeddable":true,"href":"https:\/\/www.ocorreionews.com.br\/acervo-correio\/index.php?rest_route=%2Fwp%2Fv2%2Fcategories&post=235951"},{"taxonomy":"post_tag","embeddable":true,"href":"https:\/\/www.ocorreionews.com.br\/acervo-correio\/index.php?rest_route=%2Fwp%2Fv2%2Ftags&post=235951"}],"curies":[{"name":"wp","href":"https:\/\/api.w.org\/{rel}","templated":true}]}}