{"id":235956,"date":"2023-04-03T10:43:36","date_gmt":"2023-04-03T14:43:36","guid":{"rendered":"https:\/\/www.ocorreionews.com.br\/acervo-correio\/?p=235956"},"modified":"2023-04-03T10:43:36","modified_gmt":"2023-04-03T14:43:36","slug":"motorista-embriagado-e-preso-apos-ultrapassar-viatura-da-pm-de-costa-rica-e-perder-controle-da-direcao","status":"publish","type":"post","link":"https:\/\/www.ocorreionews.com.br\/acervo-correio\/?p=235956","title":{"rendered":"Motorista embriagado \u00e9 preso ap\u00f3s ultrapassar viatura da PM de Costa Rica e perder controle da dire\u00e7\u00e3o"},"content":{"rendered":"<p>Na tarde do \u00faltimo s\u00e1bado, um homem de 52 anos foi preso por embriaguez ao volante, depois de ultrapassar uma viatura da pol\u00edcia e perder o controle do ve\u00edculo e quase subir na cal\u00e7ada em Costa Rica.<\/p>\n<p>Segundo informa\u00e7\u00f5es do Boletim de Ocorr\u00eancia, por volta das 13h40min, a Pol\u00edcia Militar realizava patrulhamento quando abordou um ve\u00edculo Fiat\/Palio, de cor preta, na Rua Kendi Nakai, que ao ultrapassar a viatura policial, perdeu o controle da dire\u00e7\u00e3o e quase subiu na cal\u00e7ada.<\/p>\n<p>Os policiais ent\u00e3o abordaram o ve\u00edculo e o motorista n\u00e3o estava com os documentos de porte obrigat\u00f3rio e apresentava vis\u00edveis sinais de embriaguez.<\/p>\n<p>O condutor informou que havia ingerido bebida alco\u00f3lica em um bar e se recusou a fazer o teste do baf\u00f4metro.<\/p>\n<p>Foi elaborado o termo de constata\u00e7\u00e3o da embriaguez e o autor encaminhado para delegacia para provid\u00eancias.<\/p>\n<p>&nbsp;<\/p>\n","protected":false},"excerpt":{"rendered":"<p>Na tarde do \u00faltimo s\u00e1bado, um homem de 52 anos foi preso por embriaguez ao volante, depois de ultrapassar uma viatura da pol\u00edcia e perder o controle do ve\u00edculo e quase subir na cal\u00e7ada em Costa Rica. Segundo informa\u00e7\u00f5es do Boletim de Ocorr\u00eancia, por volta das 13h40min, a Pol\u00edcia Militar realizava patrulhamento quando abordou um [&hellip;]<\/p>\n","protected":false},"author":5,"featured_media":228063,"comment_status":"closed","ping_status":"closed","sticky":false,"template":"","format":"standard","meta":{"footnotes":""},"categories":[25,38],"tags":[],"class_list":["post-235956","post","type-post","status-publish","format-standard","has-post-thumbnail","hentry","category-costa-rica","category-policia"],"_links":{"self":[{"href":"https:\/\/www.ocorreionews.com.br\/acervo-correio\/index.php?rest_route=\/wp\/v2\/posts\/235956","targetHints":{"allow":["GET"]}}],"collection":[{"href":"https:\/\/www.ocorreionews.com.br\/acervo-correio\/index.php?rest_route=\/wp\/v2\/posts"}],"about":[{"href":"https:\/\/www.ocorreionews.com.br\/acervo-correio\/index.php?rest_route=\/wp\/v2\/types\/post"}],"author":[{"embeddable":true,"href":"https:\/\/www.ocorreionews.com.br\/acervo-correio\/index.php?rest_route=\/wp\/v2\/users\/5"}],"replies":[{"embeddable":true,"href":"https:\/\/www.ocorreionews.com.br\/acervo-correio\/index.php?rest_route=%2Fwp%2Fv2%2Fcomments&post=235956"}],"version-history":[{"count":1,"href":"https:\/\/www.ocorreionews.com.br\/acervo-correio\/index.php?rest_route=\/wp\/v2\/posts\/235956\/revisions"}],"predecessor-version":[{"id":235958,"href":"https:\/\/www.ocorreionews.com.br\/acervo-correio\/index.php?rest_route=\/wp\/v2\/posts\/235956\/revisions\/235958"}],"wp:featuredmedia":[{"embeddable":true,"href":"https:\/\/www.ocorreionews.com.br\/acervo-correio\/index.php?rest_route=\/wp\/v2\/media\/228063"}],"wp:attachment":[{"href":"https:\/\/www.ocorreionews.com.br\/acervo-correio\/index.php?rest_route=%2Fwp%2Fv2%2Fmedia&parent=235956"}],"wp:term":[{"taxonomy":"category","embeddable":true,"href":"https:\/\/www.ocorreionews.com.br\/acervo-correio\/index.php?rest_route=%2Fwp%2Fv2%2Fcategories&post=235956"},{"taxonomy":"post_tag","embeddable":true,"href":"https:\/\/www.ocorreionews.com.br\/acervo-correio\/index.php?rest_route=%2Fwp%2Fv2%2Ftags&post=235956"}],"curies":[{"name":"wp","href":"https:\/\/api.w.org\/{rel}","templated":true}]}}