{"id":235964,"date":"2023-04-03T11:01:55","date_gmt":"2023-04-03T15:01:55","guid":{"rendered":"https:\/\/www.ocorreionews.com.br\/acervo-correio\/?p=235964"},"modified":"2023-04-03T11:01:55","modified_gmt":"2023-04-03T15:01:55","slug":"apenas-paraiso-das-aguas-e-jatei-nao-registram-casos-de-dengue","status":"publish","type":"post","link":"https:\/\/www.ocorreionews.com.br\/acervo-correio\/?p=235964","title":{"rendered":"Apenas Para\u00edso das \u00c1guas e Jate\u00ed n\u00e3o registram casos de dengue"},"content":{"rendered":"<p>Dos 79\u00a0munic\u00edpios de Mato Grosso do Sul, apenas Jate\u00ed e Para\u00edso das \u00c1guas n\u00e3o registraram casos de dengue em 2023, mantendo zerada a incid\u00eancia da doen\u00e7a. Somente nos tr\u00eas primeiros meses de 2023, o Estado j\u00e1 contabilizou 20.154 casos prov\u00e1veis de dengue.<\/p>\n<p>O avan\u00e7o da doen\u00e7a deixa autoridades em alerta no Estado. Na semana passada, nota t\u00e9cnica da Sesau (Secretaria Municipal de\u00a0<a class=\"st_tag internal_tag \" title=\"not\u00edcias sobre sa\u00fade\" href=\"https:\/\/midiamax.uol.com.br\/tag\/saude\/\" rel=\"tag\">Sa\u00fade<\/a>) revelou que Campo Grande j\u00e1 enfrenta epidemia da doen\u00e7a diante do aumento de casos. At\u00e9 o \u00faltimo dia 29 de mar\u00e7o, eram 3.384 casos confirmados e uma morte.\u00a0<a href=\"https:\/\/midiamax.uol.com.br\/cotidiano\/2023\/crianca-de-tres-anos-morre-com-suspeita-de-dengue-hemorragica-em-campo-grande\/\">Outro \u00f3bito de uma crian\u00e7a de 3 anos est\u00e1 sendo investigado.<\/a><\/p>\n<p>Os casos de dengue, somado ao surto respirat\u00f3rio registrado na Capital e que acomete principalmente crian\u00e7as, tem pressionado o sistema de sa\u00fade e feito com que unidades b\u00e1sicas, de emerg\u00eancia e hospitais, incluindo os particulares, enfrentem lota\u00e7\u00e3o.<\/p>\n<div><\/div>\n<div><\/div>\n<p>Neste s\u00e1bado (1\u00ba), a prefeita Adriane Lopes (Patriota) informou que para controlar a crise na sa\u00fade, o munic\u00edpio contratar\u00e1 leitos na rede privada.<\/p>\n<h2>Dengue em Mato Grosso do Sul<\/h2>\n<p>Nas duas cidades, o territ\u00f3rio pequeno e a quantidade de\u00a0<a class=\"st_tag internal_tag \" title=\"not\u00edcias sobre moradores\" href=\"https:\/\/midiamax.uol.com.br\/tag\/moradores\/\" rel=\"tag\">moradores<\/a>\u00a0s\u00e3o apontados como facilitadores no combate ao mosquito Aedes aegypti. Em Jate\u00ed, por exemplo, a popula\u00e7\u00e3o estimada \u00e9 de apenas 4 mil moradores, ainda assim, o prefeito Eraldo Jorge Leite afirma que a\u00e7\u00f5es de preven\u00e7\u00e3o foram determinantes para o bom desempenho.<\/p>\n<p>\u201cJ\u00e1 tivemos problema com a dengue no passado e por isso, focamos muito no servi\u00e7o preventivo, limpando terrenos baldios e conscientizando a popula\u00e7\u00e3o. Nossos agentes de sa\u00fade trabalham diuturnamente e tudo isso tem um efeito bem positivo\u201d, comenta.<\/p>\n<div><\/div>\n<div><\/div>\n<h2>Eliminador de foco e mutir\u00e3o de limpeza<\/h2>\n<p>Em Para\u00edso das \u00c1guas, entre as principais estrat\u00e9gias adotadas pela Prefeitura est\u00e1 a contrata\u00e7\u00e3o de dois eliminadores de foco. Servidores que circulam pela cidade com objetivo espec\u00edfico de encontrar e destruir focos do mosquito.<\/p>\n<p>\u201cAl\u00e9m do trabalho desempenhado pelos agentes de endemias, esses dois profissionais rodam a cidade diariamente e v\u00e3o at\u00e9 terrenos baldios e pontos estrat\u00e9gicos apenas para eliminar o foco. Como o munic\u00edpio \u00e9 pequeno, eles conseguem percorrer toda a regi\u00e3o\u201d, detalha o secret\u00e1rio municipal de sa\u00fade, Ueder Pereira de Paula.<\/p>\n<p>De acordo com ele, de quatro a seis vezes por ano o Munic\u00edpio contrata empresa que faz \u201carrast\u00e3o\u201d de limpeza por toda a cidade e disponibiliza ca\u00e7ambas gratuitas para descarte de lixo. \u201c\u00c9 uma a\u00e7\u00e3o que dura de 10 a 12 dias na cidade e faz a limpeza de todos os quintais\u201d, finaliza.<\/p>\n<div><\/div>\n<div><\/div>\n<h2 id=\"h-53-cidades-na-faixa-vermelha\">53 cidades na faixa vermelha<\/h2>\n<p>Conforme dados da SES (Secretaria de Estado de Sa\u00fade), a maioria das cidades de Mato Grosso do Sul que est\u00e1 na faixa vermelha aparece com incid\u00eancia acima do indicado para a doen\u00e7a. Bataypor\u00e3,\u00a0<a class=\"st_tag internal_tag \" title=\"Posts tagged with Bodoquena\" href=\"https:\/\/midiamax.uol.com.br\/municipios\/bodoquena\/\" rel=\"tag\">Bodoquena<\/a>,\u00a0<a class=\"st_tag internal_tag \" title=\"Posts tagged with Alcin\u00f3polis\" href=\"https:\/\/midiamax.uol.com.br\/municipios\/alcinopolis\/\" rel=\"tag\">Alcin\u00f3polis<\/a>, Ant\u00f4nio Jo\u00e3o e Jaraguari lideram o ranking negativo.<\/p>\n<p>Outras 17 cidades aparecem na faixa amarela e apenas Parana\u00edba, Japor\u00e3, Eldorado,\u00a0<a class=\"st_tag internal_tag \" title=\"Posts tagged with Nova Alvorada do Sul\" href=\"https:\/\/midiamax.uol.com.br\/municipios\/nova-alvorada-do-sul\/\" rel=\"tag\">Nova Alvorada do Sul<\/a>, Ribas do Rio Pardo, Paranhos e Iguatemi est\u00e3o na linha verde, com m\u00e9dia ainda sob controle.<\/p>\n<p>No cen\u00e1rio nacional, o Estado ocupa a d\u00e9cima posi\u00e7\u00e3o na lista com mais casos de dengue. S\u00f3 neste ano, oito pessoas morreram em raz\u00e3o da doen\u00e7a e quatro \u00f3bitos est\u00e3o em investiga\u00e7\u00e3o, entre eles, uma crian\u00e7a de 3 anos.<\/p>\n<h2 id=\"h-sintomas-da-doenca\">Sintomas da doen\u00e7a<\/h2>\n<p>Dengue \u00e9 uma doen\u00e7a causada por v\u00edrus e transmitida, principalmente, pela picada de um\u00a0<a href=\"https:\/\/midiamax.uol.com.br\/tag\/mosquito\/\">mosquito<\/a>\u00a0da fam\u00edlia Aedes, em especial o Aedes aegypti. As causas da dengue podem estar relacionadas \u00e0 \u00e1gua parada, com desenvolvimento do\u00a0<a href=\"https:\/\/midiamax.uol.com.br\/tag\/mosquito\/\">mosquito<\/a>. Por isso, as a\u00e7\u00f5es de conscientiza\u00e7\u00e3o da Sa\u00fade e\u00a0<a href=\"https:\/\/midiamax.uol.com.br\/tag\/fiscalizacao\/\">fiscaliza\u00e7\u00e3o<\/a>\u00a0nas resid\u00eancias.<\/p>\n<p>Conforme a\u00a0<a href=\"https:\/\/midiamax.uol.com.br\/tag\/sesau\/\">Sesau<\/a>\u00a0(Secretaria Municipal de Sa\u00fade), existem sintomas cl\u00e1ssicos da dengue, como dores nas articula\u00e7\u00f5es e olhos, fraqueza, dores de cabe\u00e7a e febre, contudo o diagn\u00f3stico deve ser feito durante atendimento m\u00e9dico.<\/p>\n<h2 id=\"h-orientacoes\">Orienta\u00e7\u00f5es<\/h2>\n<p>Caixas d\u2019\u00e1gua, cisternas, ton\u00e9is, tambores e filtros necessitam ser tampados. At\u00e9 mesmo reservat\u00f3rios de eletrodom\u00e9sticos devem passar por uma vigil\u00e2ncia frequente, como \u00e9 o caso de geladeiras e climatizadores.<\/p>\n<p>Verifique se a sua geladeira tem um coletor de \u00e1gua do degelo autom\u00e1tico (fica na parte de tr\u00e1s, perto do motor). Caso tenha, \u00e9 preciso limpar com \u00e1gua e sab\u00e3o a bandeja onde a \u00e1gua \u00e9 acumulada, pelo menos uma vez por semana. No caso de climatizadores ou aparelhos de ar-condicionado, \u00e9 necess\u00e1rio retirar o compartimento, esvazi\u00e1-lo e lav\u00e1-lo.<\/p>\n<p>Ralos limpos e com aplica\u00e7\u00e3o de tela evitam o surgimento de criadouros. Al\u00e9m disso, \u00e9 importante saber que a \u00e1gua com\u00a0<a class=\"st_tag internal_tag \" title=\"not\u00edcias sobre larvas\" href=\"https:\/\/midiamax.uol.com.br\/tag\/larvas\/\" rel=\"tag\">larvas<\/a>\u00a0n\u00e3o deve ser derramada em ralos ou na pia \u2013 lugares que podem gerar ac\u00famulo \u2013, mas sim na terra ou no cimento quente.<\/p>\n<p>Um modo de prevenir criadouros \u00e9 descartar objetos no lugar correto e levar o lixo para fora de casa somente no dia da coleta, por exemplo. Recipientes e sacos pl\u00e1sticos, garrafas, latas, sucatas, ferro-velho, entulhos em constru\u00e7\u00e3o, tudo isso pode ser foco do mosquito.<\/p>\n<p>&nbsp;<\/p>\n<div align=\"center\"><\/div>\n<p>Furar o fundo das latas e, se poss\u00edvel, amassar, tampar latas de tinta e deix\u00e1-las em local adequado, enviar sacos pl\u00e1sticos para reciclagem, amassar copos descart\u00e1veis e manter garrafas com tampas ou viradas para baixo s\u00e3o algumas medidas que podem ajudar a eliminar o ac\u00famulo de \u00e1gua.<\/p>\n","protected":false},"excerpt":{"rendered":"<p>Dos 79\u00a0munic\u00edpios de Mato Grosso do Sul, apenas Jate\u00ed e Para\u00edso das \u00c1guas n\u00e3o registraram casos de dengue em 2023, mantendo zerada a incid\u00eancia da doen\u00e7a. Somente nos tr\u00eas primeiros meses de 2023, o Estado j\u00e1 contabilizou 20.154 casos prov\u00e1veis de dengue. O avan\u00e7o da doen\u00e7a deixa autoridades em alerta no Estado. Na semana passada, [&hellip;]<\/p>\n","protected":false},"author":4,"featured_media":231718,"comment_status":"closed","ping_status":"closed","sticky":false,"template":"","format":"standard","meta":{"footnotes":""},"categories":[36],"tags":[],"class_list":["post-235964","post","type-post","status-publish","format-standard","has-post-thumbnail","hentry","category-paraiso-das-aguas"],"_links":{"self":[{"href":"https:\/\/www.ocorreionews.com.br\/acervo-correio\/index.php?rest_route=\/wp\/v2\/posts\/235964","targetHints":{"allow":["GET"]}}],"collection":[{"href":"https:\/\/www.ocorreionews.com.br\/acervo-correio\/index.php?rest_route=\/wp\/v2\/posts"}],"about":[{"href":"https:\/\/www.ocorreionews.com.br\/acervo-correio\/index.php?rest_route=\/wp\/v2\/types\/post"}],"author":[{"embeddable":true,"href":"https:\/\/www.ocorreionews.com.br\/acervo-correio\/index.php?rest_route=\/wp\/v2\/users\/4"}],"replies":[{"embeddable":true,"href":"https:\/\/www.ocorreionews.com.br\/acervo-correio\/index.php?rest_route=%2Fwp%2Fv2%2Fcomments&post=235964"}],"version-history":[{"count":1,"href":"https:\/\/www.ocorreionews.com.br\/acervo-correio\/index.php?rest_route=\/wp\/v2\/posts\/235964\/revisions"}],"predecessor-version":[{"id":235965,"href":"https:\/\/www.ocorreionews.com.br\/acervo-correio\/index.php?rest_route=\/wp\/v2\/posts\/235964\/revisions\/235965"}],"wp:featuredmedia":[{"embeddable":true,"href":"https:\/\/www.ocorreionews.com.br\/acervo-correio\/index.php?rest_route=\/wp\/v2\/media\/231718"}],"wp:attachment":[{"href":"https:\/\/www.ocorreionews.com.br\/acervo-correio\/index.php?rest_route=%2Fwp%2Fv2%2Fmedia&parent=235964"}],"wp:term":[{"taxonomy":"category","embeddable":true,"href":"https:\/\/www.ocorreionews.com.br\/acervo-correio\/index.php?rest_route=%2Fwp%2Fv2%2Fcategories&post=235964"},{"taxonomy":"post_tag","embeddable":true,"href":"https:\/\/www.ocorreionews.com.br\/acervo-correio\/index.php?rest_route=%2Fwp%2Fv2%2Ftags&post=235964"}],"curies":[{"name":"wp","href":"https:\/\/api.w.org\/{rel}","templated":true}]}}