{"id":236071,"date":"2023-04-04T09:22:36","date_gmt":"2023-04-04T13:22:36","guid":{"rendered":"https:\/\/www.ocorreionews.com.br\/acervo-correio\/?p=236071"},"modified":"2023-04-04T09:22:36","modified_gmt":"2023-04-04T13:22:36","slug":"stf-suspende-cobranca-da-taxa-do-agro-em-goias","status":"publish","type":"post","link":"https:\/\/www.ocorreionews.com.br\/acervo-correio\/?p=236071","title":{"rendered":"STF suspende cobran\u00e7a da Taxa do Agro em Goi\u00e1s"},"content":{"rendered":"<div id=\"chunk-21t0q\">\n<div class=\"mc-column content-text active-extra-styles \" data-block-type=\"unstyled\" data-block-weight=\"73\" data-block-id=\"3\">\n<p class=\"content-text__container \" data-track-category=\"Link no Texto\" data-track-links=\"\">O ministro do Supremo Tribunal Federal (STF) Dias Toffoli suspendeu a cobran\u00e7a da Taxa do Agro na noite de ter\u00e7a-feira (3), em decis\u00e3o que atendeu pedido da Confedera\u00e7\u00e3o Nacional da Ind\u00fastria. A taxa criada pelo governador Ronaldo Caiado (UB) no ano passado cobra at\u00e9 1,65% em cima da produ\u00e7\u00e3o agropecu\u00e1ria no estado. A decis\u00e3o \u00e9 liminar e ainda ser\u00e1 analisada por todos os ministros na sess\u00e3o do pr\u00f3ximo dia 14 de abril.<\/p>\n<\/div>\n<\/div>\n<div class=\"wall protected-content\">\n<div class=\"mc-column content-text active-extra-styles\" data-block-type=\"raw\" data-block-weight=\"46\" data-block-id=\"4\">\n<p class=\"content-text__container\">\n<blockquote class=\"content-blockquote theme-border-color-primary-before\"><p>&#8220;Anote-se que consoante a firme jurisprud\u00eancia do Supremo Tribunal Federal e o teor do art. 167, IV, da Constitui\u00e7\u00e3o Federal, \u00e9 inconstitucional a vincula\u00e7\u00e3o de receita de impostos, no que se inclui a receita de ICMS, a \u00f3rg\u00e3o, fundo ou despesa&#8221;, destacou o ministro na decis\u00e3o.<\/p><\/blockquote>\n<\/div>\n<p>&nbsp;<\/p>\n<div id=\"chunk-43vau\">\n<div class=\"mc-column content-text active-extra-styles \" data-block-type=\"unstyled\" data-block-weight=\"46\" data-block-id=\"7\">\n<p class=\"content-text__container \" data-track-category=\"Link no Texto\" data-track-links=\"\">O ministro ressaltou que a senten\u00e7a \u00e9 indispens\u00e1vel para evitar que o setor produtivo seja sujeito a deveres fiscais e san\u00e7\u00f5es indevidas e que a falta de pagamento da taxa pode levar os contribuintes a diversas complica\u00e7\u00f5es, afetando negativamente suas atividades e a pr\u00f3pria cadeia econ\u00f4mica.<\/p>\n<p data-track-category=\"Link no Texto\" data-track-links=\"\">\n<\/div>\n<\/div>\n<div id=\"chunk-avemn\">\n<div class=\"mc-column content-text active-extra-styles \" data-block-type=\"unstyled\" data-block-weight=\"26\" data-block-id=\"8\">\n<p class=\"content-text__container \" data-track-category=\"Link no Texto\" data-track-links=\"\">\u201cO que pode implicar a necessidade de ajuizamento de outras milhares de a\u00e7\u00f5es individuais, com grave preju\u00edzo ao pr\u00f3prio bom funcionamento do Poder Judici\u00e1rio\u201d, observou Toffoli.<\/p>\n<p data-track-category=\"Link no Texto\" data-track-links=\"\">\n<\/div>\n<\/div>\n<div id=\"chunk-8uvp6\">\n<div class=\"row medium-uncollapsed content-media content-photo\" data-block-type=\"backstage-photo\" data-block-id=\"11\">\n<div class=\"mc-column content-media__container\">\n<div class=\"content-media-container glb-skeleton-box\">\n<figure class=\"content-media-figure\">\n<p><figure style=\"width: 647px\" class=\"wp-caption aligncenter\"><img loading=\"lazy\" decoding=\"async\" class=\"i-amphtml-fill-content i-amphtml-replaced-content\" src=\"https:\/\/s2.glbimg.com\/UC8hKrJ7qrVzaT_r450ODAYMmRk=\/0x0:1920x1080\/984x0\/smart\/filters:strip_icc()\/i.s3.glbimg.com\/v1\/AUTH_59edd422c0c84a879bd37670ae4f538a\/internal_photos\/bs\/2020\/x\/r\/ycQ6wlQe6O8BPeNelP0A\/8687530.jpg\" sizes=\"auto, (max-width: 1366px) 648px, 100vw\" srcset=\"https:\/\/s2.glbimg.com\/IxGHf9G-rBCAdizp4q5CCCvimd8=\/0x0:1920x1080\/1000x0\/smart\/filters:strip_icc()\/i.s3.glbimg.com\/v1\/AUTH_59edd422c0c84a879bd37670ae4f538a\/internal_photos\/bs\/2020\/x\/r\/ycQ6wlQe6O8BPeNelP0A\/8687530.jpg 1000w, https:\/\/s2.glbimg.com\/UC8hKrJ7qrVzaT_r450ODAYMmRk=\/0x0:1920x1080\/984x0\/smart\/filters:strip_icc()\/i.s3.glbimg.com\/v1\/AUTH_59edd422c0c84a879bd37670ae4f538a\/internal_photos\/bs\/2020\/x\/r\/ycQ6wlQe6O8BPeNelP0A\/8687530.jpg 984w, https:\/\/s2.glbimg.com\/uTLlTP4raN1RPsmPqzlY5ETdNuM=\/0x0:1920x1080\/640x0\/smart\/filters:strip_icc()\/i.s3.glbimg.com\/v1\/AUTH_59edd422c0c84a879bd37670ae4f538a\/internal_photos\/bs\/2020\/x\/r\/ycQ6wlQe6O8BPeNelP0A\/8687530.jpg 640w, https:\/\/s2.glbimg.com\/pYS5g8goEuxio99AN9KLGoEX3_k=\/0x0:1920x1080\/600x0\/smart\/filters:strip_icc()\/i.s3.glbimg.com\/v1\/AUTH_59edd422c0c84a879bd37670ae4f538a\/internal_photos\/bs\/2020\/x\/r\/ycQ6wlQe6O8BPeNelP0A\/8687530.jpg 600w\" alt=\"Ministro do STF Dias Toffoli \u2014 Foto: Rede Globo\" width=\"647\" height=\"364\" \/><figcaption class=\"wp-caption-text\">Ministro do STF Dias Toffoli \u2014 Foto: Rede Globo<\/figcaption><\/figure><\/figure>\n<\/div>\n<p class=\"content-media__description \">\n<\/div>\n<\/div>\n<\/div>\n<div id=\"chunk-8is42\">\n<div class=\"content-ads content-ads--reveal\" data-block-type=\"ads\" data-block-id=\"12\">\n<div><\/div>\n<\/div>\n<\/div>\n<div id=\"chunk-5qkop\">\n<div class=\"mc-column content-text active-extra-styles \" data-block-type=\"unstyled\" data-block-weight=\"21\" data-block-id=\"13\">\n<p class=\"content-text__container \" data-track-category=\"Link no Texto\" data-track-links=\"\">Ronaldo Caiado se pronunciou pelas redes sociais pouco tempo depois da publica\u00e7\u00e3o do STF (<strong><em>leia a \u00edntegra ao final do texto<\/em><\/strong>).<\/p>\n<\/div>\n<\/div>\n<p class=\"content-text__container\">\n<div class=\"mc-column content-text active-extra-styles\" data-block-type=\"raw\" data-block-weight=\"61\" data-block-id=\"14\">\n<blockquote class=\"content-blockquote theme-border-color-primary-before\"><p>\u201cRespeito a decis\u00e3o cautelar do ministro Dias Toffoli, do Supremo Tribunal Federal, mas ela n\u00e3o \u00e9 terminativa e acredito que ser\u00e1 revertida no plen\u00e1rio do STF. Tenho a convic\u00e7\u00e3o de que os demais ministros v\u00e3o se sensibilizar e compreender a constitucionalidade e a necessidade das leis que permitiram ao governo de Goi\u00e1s criar o Fundo Estadual de Infraestrutura&#8221;, escreveu o governador.<\/p><\/blockquote>\n<\/div>\n<p>&nbsp;<\/p>\n<div id=\"chunk-e9ath\">\n<div class=\"mc-column content-text active-extra-styles \" data-block-type=\"unstyled\" data-block-weight=\"49\" data-block-id=\"15\">\n<p class=\"content-text__container \" data-track-category=\"Link no Texto\" data-track-links=\"\">A contribui\u00e7\u00e3o foi alvo de diversas a\u00e7\u00f5es na Justi\u00e7a de Goi\u00e1s e no Supremo Tribunal Federal. Produtores rurais e entidades representativas do setor pediram a suspens\u00e3o do pagamento em quase todas as inst\u00e2ncias do Judici\u00e1rio. Em uma das a\u00e7\u00f5es, a taxa j\u00e1 tinha sido suspensa no m\u00eas passado.<\/p>\n<\/div>\n<\/div>\n<p class=\"content-text__container\">\n<div class=\"mc-column content-text active-extra-styles\" data-block-type=\"raw\" data-block-weight=\"3\" data-block-id=\"16\">\n<div class=\"content-intertitle\">\n<h2>Taxa do Agro<\/h2>\n<\/div>\n<\/div>\n<p>&nbsp;<\/p>\n<div id=\"chunk-6k123\">\n<div class=\"mc-column content-text active-extra-styles \" data-block-type=\"unstyled\" data-block-weight=\"39\" data-block-id=\"17\">\n<p class=\"content-text__container \" data-track-category=\"Link no Texto\" data-track-links=\"\">Criado para compensar a perda de arrecada\u00e7\u00e3o do Imposto sobre Circula\u00e7\u00e3o de Mercadorias e Servi\u00e7os(ICMS) sobre os combust\u00edveis, o projeto n\u00ba 10.803\/22, da Taxa do Agro, prev\u00ea arrecadar R$ 1 bilh\u00e3o por ano para o cofre do estado.<\/p>\n<p data-track-category=\"Link no Texto\" data-track-links=\"\">\n<\/div>\n<\/div>\n<div id=\"chunk-49a8u\">\n<div class=\"mc-column content-text active-extra-styles \" data-block-type=\"unstyled\" data-block-weight=\"49\" data-block-id=\"18\">\n<p class=\"content-text__container \" data-track-category=\"Link no Texto\" data-track-links=\"\">O projeto de lei entrou em vigor no in\u00edcio desse ano e criou o Fundo Estadual de Infraestrutura (Fundeinfra) dentro da Ag\u00eancia Goiana de Insfraestrutura (Goinfra). O fundo vai receber o dinheiro da contribui\u00e7\u00e3o para investir no desenvolvimento econ\u00f4mico do estado, como a manuten\u00e7\u00e3o de rodovias, pontes e aer\u00f3dromos.<\/p>\n<\/div>\n<\/div>\n<div id=\"chunk-loih\">\n<div class=\"content-ads content-ads--reveal\" data-block-type=\"ads\" data-block-id=\"19\">\n<div><\/div>\n<\/div>\n<\/div>\n<div id=\"chunk-17km\">\n<div class=\"row medium-uncollapsed content-media content-photo\" data-block-type=\"backstage-photo\" data-block-id=\"20\">\n<div class=\"mc-column content-media__container\">\n<div class=\"content-media-container glb-skeleton-box\">\n<figure class=\"content-media-figure\">\n<p><figure style=\"width: 647px\" class=\"wp-caption aligncenter\"><img loading=\"lazy\" decoding=\"async\" class=\"i-amphtml-fill-content i-amphtml-replaced-content\" src=\"https:\/\/s2.glbimg.com\/ppdBdv4bXnrfDLp3F90QvbVuQG4=\/0x0:1920x1080\/984x0\/smart\/filters:strip_icc()\/i.s3.glbimg.com\/v1\/AUTH_59edd422c0c84a879bd37670ae4f538a\/internal_photos\/bs\/2022\/O\/d\/g1Z9dQSJqOaAA3oEjcQQ\/colheita-soja.jpg\" sizes=\"auto, (max-width: 1366px) 648px, 100vw\" srcset=\"https:\/\/s2.glbimg.com\/ItmuSyt9tXcDxDIvn1j9_qo8wJ8=\/0x0:1920x1080\/1000x0\/smart\/filters:strip_icc()\/i.s3.glbimg.com\/v1\/AUTH_59edd422c0c84a879bd37670ae4f538a\/internal_photos\/bs\/2022\/O\/d\/g1Z9dQSJqOaAA3oEjcQQ\/colheita-soja.jpg 1000w, https:\/\/s2.glbimg.com\/ppdBdv4bXnrfDLp3F90QvbVuQG4=\/0x0:1920x1080\/984x0\/smart\/filters:strip_icc()\/i.s3.glbimg.com\/v1\/AUTH_59edd422c0c84a879bd37670ae4f538a\/internal_photos\/bs\/2022\/O\/d\/g1Z9dQSJqOaAA3oEjcQQ\/colheita-soja.jpg 984w, https:\/\/s2.glbimg.com\/G5DLGF-6atTUlS51lRjyMZ9V4qA=\/0x0:1920x1080\/640x0\/smart\/filters:strip_icc()\/i.s3.glbimg.com\/v1\/AUTH_59edd422c0c84a879bd37670ae4f538a\/internal_photos\/bs\/2022\/O\/d\/g1Z9dQSJqOaAA3oEjcQQ\/colheita-soja.jpg 640w, https:\/\/s2.glbimg.com\/WVZx9ZqhnD5Guv6b6uYyE0YT-hw=\/0x0:1920x1080\/600x0\/smart\/filters:strip_icc()\/i.s3.glbimg.com\/v1\/AUTH_59edd422c0c84a879bd37670ae4f538a\/internal_photos\/bs\/2022\/O\/d\/g1Z9dQSJqOaAA3oEjcQQ\/colheita-soja.jpg 600w\" alt=\"Colheita de soja em Goi\u00e1s \u2014 Foto: Reprodu\u00e7\u00e3o\/TV Anhanguera\" width=\"647\" height=\"364\" \/><figcaption class=\"wp-caption-text\">Colheita de soja em Goi\u00e1s \u2014 Foto: Reprodu\u00e7\u00e3o\/TV Anhanguera<\/figcaption><\/figure><\/figure>\n<\/div>\n<p class=\"content-media__description \">\n<p>&nbsp;<\/p>\n<\/div>\n<\/div>\n<\/div>\n<div id=\"chunk-sh3j\">\n<div class=\"mc-column content-text active-extra-styles \" data-block-type=\"unstyled\" data-block-weight=\"21\" data-block-id=\"21\">\n<p class=\"content-text__container \" data-track-category=\"Link no Texto\" data-track-links=\"\">Segundo a justificativa do governo, a contribui\u00e7\u00e3o \u00e9 restrita a produtores que t\u00eam benef\u00edcios fiscais ou regimes fiscais especiais de tributa\u00e7\u00e3o.<\/p>\n<p data-track-category=\"Link no Texto\" data-track-links=\"\">\n<\/div>\n<\/div>\n<div id=\"chunk-3ldf9\">\n<div class=\"mc-column content-text active-extra-styles \" data-block-type=\"unstyled\" data-block-weight=\"35\" data-block-id=\"22\">\n<p class=\"content-text__container \" data-track-category=\"Link no Texto\" data-track-links=\"\">A taxa, que j\u00e1 existe no Mato Grosso e Mato Grosso do Sul, n\u00e3o ser\u00e1 aplicada a produtores de itens da cesta b\u00e1sica, de leite e agricultores familiares que vendem direto para o consumidor final.<\/p>\n<p data-track-category=\"Link no Texto\" data-track-links=\"\">\n<\/div>\n<\/div>\n<div id=\"chunk-9rrd7\">\n<div class=\"mc-column content-text active-extra-styles \" data-block-type=\"unstyled\" data-block-weight=\"17\" data-block-id=\"23\">\n<p class=\"content-text__container \" data-track-category=\"Link no Texto\" data-track-links=\"\">O Fundeinfra se concentrar\u00e1 na capta\u00e7\u00e3o e gest\u00e3o de recursos arrecadados da produ\u00e7\u00e3o agr\u00edcola, pecu\u00e1ria e mineral.<\/p>\n<p data-track-category=\"Link no Texto\" data-track-links=\"\">\n<\/div>\n<\/div>\n<div id=\"chunk-8mogt\">\n<div class=\"mc-column content-text active-extra-styles \" data-block-type=\"unstyled\" data-block-weight=\"14\" data-block-id=\"24\">\n<p class=\"content-text__container \" data-track-category=\"Link no Texto\" data-track-links=\"\"><strong>De acordo com o projeto, o fundo vai implementar pol\u00edticas e a\u00e7\u00f5es administrativas para:<\/strong><\/p>\n<\/div>\n<\/div>\n<p class=\"content-text__container\">\n<div class=\"mc-column content-text active-extra-styles\" data-block-type=\"raw\" data-block-weight=\"25\" data-block-id=\"25\">\n<ul class=\"content-unordered-list\">\n<li>Infraestrutura agropecu\u00e1ria;<\/li>\n<li>Modais de transporte;<\/li>\n<li>Recupera\u00e7\u00e3o, manuten\u00e7\u00e3o, conserva\u00e7\u00e3o, pavimenta\u00e7\u00e3o e implanta\u00e7\u00e3o de rodovias;<\/li>\n<li>Sinaliza\u00e7\u00e3o, artes especiais, pontes e bueiros; e<\/li>\n<li>Edifica\u00e7\u00e3o e operacionaliza\u00e7\u00e3o de aer\u00f3dromos.<\/li>\n<\/ul>\n<p>&nbsp;<\/p>\n<\/div>\n<div id=\"chunk-ec625\">\n<div class=\"content-ads content-ads--reveal\" data-block-type=\"ads\" data-block-id=\"26\">\n<div><\/div>\n<\/div>\n<\/div>\n<div class=\"mc-column content-text active-extra-styles\" data-block-type=\"raw\" data-block-weight=\"5\" data-block-id=\"27\">\n<p class=\"content-text__container\">\n<div class=\"content-intertitle\">\n<h2>Nota do governador Ronaldo Caiado<\/h2>\n<\/div>\n<p>&nbsp;<\/p>\n<\/div>\n<div id=\"chunk-6g076\">\n<div class=\"mc-column content-text active-extra-styles \" data-block-type=\"unstyled\" data-block-weight=\"58\" data-block-id=\"28\">\n<p class=\"content-text__container \" data-track-category=\"Link no Texto\" data-track-links=\"\"><em>Respeito a decis\u00e3o cautelar do ministro Dias Toffoli, do Supremo Tribunal Federal, mas ela n\u00e3o \u00e9 terminativa e acredito que ser\u00e1 revertida no plen\u00e1rio do STF. Tenho a convic\u00e7\u00e3o de que os demais ministros v\u00e3o se sensibilizar e compreender a constitucionalidade e a necessidade das leis que permitiram ao governo de Goi\u00e1s criar o Fundo Estadual de Infraestrutura.<\/em><\/p>\n<p data-track-category=\"Link no Texto\" data-track-links=\"\">\n<\/div>\n<\/div>\n<div id=\"chunk-d87cr\">\n<div class=\"mc-column content-text active-extra-styles \" data-block-type=\"unstyled\" data-block-weight=\"47\" data-block-id=\"29\">\n<p class=\"content-text__container \" data-track-category=\"Link no Texto\" data-track-links=\"\"><em>\u00c9 importante destacar que o Fundeinfra foi institu\u00eddo para amenizar a perda abrupta de receitas que Goi\u00e1s sofreu a partir de junho do ano passado, com a redu\u00e7\u00e3o das al\u00edquotas de ICMS dos combust\u00edveis, telecomunica\u00e7\u00f5es e energia, definida pelo governo federal e aprovada pelo Congresso Nacional.<\/em><\/p>\n<p data-track-category=\"Link no Texto\" data-track-links=\"\">\n<\/div>\n<\/div>\n<div id=\"chunk-avcm6\">\n<div class=\"mc-column content-text active-extra-styles \" data-block-type=\"unstyled\" data-block-weight=\"23\" data-block-id=\"30\">\n<p class=\"content-text__container \" data-track-category=\"Link no Texto\" data-track-links=\"\"><em>O impacto negativo de tal medida ser\u00e1 em torno de R$ 5,5 bilh\u00f5es somente em 2023, asfixiando a capacidade de investimentos do Estado.<\/em><\/p>\n<p data-track-category=\"Link no Texto\" data-track-links=\"\">\n<\/div>\n<\/div>\n<div id=\"chunk-8p4sv\">\n<div class=\"mc-column content-text active-extra-styles \" data-block-type=\"unstyled\" data-block-weight=\"50\" data-block-id=\"31\">\n<p class=\"content-text__container \" data-track-category=\"Link no Texto\" data-track-links=\"\"><em>O Fundeinfra, cuja perspectiva de arrecada\u00e7\u00e3o anual \u00e9 de aproximadamente R$ 1 bilh\u00e3o, evidentemente n\u00e3o se prop\u00f5e a cobrir de forma integral essas perdas com ICMS. Sua fun\u00e7\u00e3o \u00e9 unicamente assegurar aos produtores rurais os investimentos priorit\u00e1rios em infraestrutura para que tenham mais competitividade log\u00edstica para escoar a sua produ\u00e7\u00e3o.<\/em><\/p>\n<p data-track-category=\"Link no Texto\" data-track-links=\"\">\n<p class=\"content-publication-data__from\" title=\"Rafael Oliveira, g1 Goi\u00e1s\">Por Rafael Oliveira, g1 Goi\u00e1s<\/p>\n<\/div>\n<\/div>\n<\/div>\n","protected":false},"excerpt":{"rendered":"<p>O ministro do Supremo Tribunal Federal (STF) Dias Toffoli suspendeu a cobran\u00e7a da Taxa do Agro na noite de ter\u00e7a-feira (3), em decis\u00e3o que atendeu pedido da Confedera\u00e7\u00e3o Nacional da Ind\u00fastria. A taxa criada pelo governador Ronaldo Caiado (UB) no ano passado cobra at\u00e9 1,65% em cima da produ\u00e7\u00e3o agropecu\u00e1ria no estado. A decis\u00e3o \u00e9 [&hellip;]<\/p>\n","protected":false},"author":5,"featured_media":224927,"comment_status":"closed","ping_status":"closed","sticky":false,"template":"","format":"standard","meta":{"footnotes":""},"categories":[17,37],"tags":[],"class_list":["post-236071","post","type-post","status-publish","format-standard","has-post-thumbnail","hentry","category-agropecuaria","category-politica"],"_links":{"self":[{"href":"https:\/\/www.ocorreionews.com.br\/acervo-correio\/index.php?rest_route=\/wp\/v2\/posts\/236071","targetHints":{"allow":["GET"]}}],"collection":[{"href":"https:\/\/www.ocorreionews.com.br\/acervo-correio\/index.php?rest_route=\/wp\/v2\/posts"}],"about":[{"href":"https:\/\/www.ocorreionews.com.br\/acervo-correio\/index.php?rest_route=\/wp\/v2\/types\/post"}],"author":[{"embeddable":true,"href":"https:\/\/www.ocorreionews.com.br\/acervo-correio\/index.php?rest_route=\/wp\/v2\/users\/5"}],"replies":[{"embeddable":true,"href":"https:\/\/www.ocorreionews.com.br\/acervo-correio\/index.php?rest_route=%2Fwp%2Fv2%2Fcomments&post=236071"}],"version-history":[{"count":1,"href":"https:\/\/www.ocorreionews.com.br\/acervo-correio\/index.php?rest_route=\/wp\/v2\/posts\/236071\/revisions"}],"predecessor-version":[{"id":236075,"href":"https:\/\/www.ocorreionews.com.br\/acervo-correio\/index.php?rest_route=\/wp\/v2\/posts\/236071\/revisions\/236075"}],"wp:featuredmedia":[{"embeddable":true,"href":"https:\/\/www.ocorreionews.com.br\/acervo-correio\/index.php?rest_route=\/wp\/v2\/media\/224927"}],"wp:attachment":[{"href":"https:\/\/www.ocorreionews.com.br\/acervo-correio\/index.php?rest_route=%2Fwp%2Fv2%2Fmedia&parent=236071"}],"wp:term":[{"taxonomy":"category","embeddable":true,"href":"https:\/\/www.ocorreionews.com.br\/acervo-correio\/index.php?rest_route=%2Fwp%2Fv2%2Fcategories&post=236071"},{"taxonomy":"post_tag","embeddable":true,"href":"https:\/\/www.ocorreionews.com.br\/acervo-correio\/index.php?rest_route=%2Fwp%2Fv2%2Ftags&post=236071"}],"curies":[{"name":"wp","href":"https:\/\/api.w.org\/{rel}","templated":true}]}}