{"id":236076,"date":"2023-04-04T09:55:43","date_gmt":"2023-04-04T13:55:43","guid":{"rendered":"https:\/\/www.ocorreionews.com.br\/acervo-correio\/?p=236076"},"modified":"2023-04-04T09:55:43","modified_gmt":"2023-04-04T13:55:43","slug":"mae-de-jovem-internada-apos-cheirar-pimenta-se-emociona-ao-falar-da-recuperacao-da-filha-nao-vou-perde-la","status":"publish","type":"post","link":"https:\/\/www.ocorreionews.com.br\/acervo-correio\/?p=236076","title":{"rendered":"M\u00e3e de jovem internada ap\u00f3s cheirar pimenta se emociona ao falar da recupera\u00e7\u00e3o da filha: \u2018N\u00e3o vou perd\u00ea-la\u2019"},"content":{"rendered":"<div id=\"chunk-9g3g5\">\n<div class=\"mc-column content-text active-extra-styles \" data-block-type=\"unstyled\" data-block-weight=\"45\" data-block-id=\"3\">\n<p class=\"content-text__container \" data-track-category=\"Link no Texto\" data-track-links=\"\">A m\u00e3e da trancista Thais Medeiros de Oliveira, de 25 anos, que foi internada em estado grave ap\u00f3s cheirar pimenta, disse que a filha se mant\u00e9m est\u00e1vel, sem riscos e passa pela recupera\u00e7\u00e3o. Emocionada, Adriana Medeiros se diz esperan\u00e7osa com a melhora da filha.<\/p>\n<p data-track-category=\"Link no Texto\" data-track-links=\"\">\n<\/div>\n<\/div>\n<div class=\"wall protected-content\">\n<div id=\"chunk-a3m6d\">\n<div class=\"mc-column content-text active-extra-styles \" data-block-type=\"unstyled\" data-block-weight=\"45\" data-block-id=\"4\">\n<p class=\"content-text__container \" data-track-category=\"Link no Texto\" data-track-links=\"\">\u201cA expectativa \u00e9 que ela melhore cada dia mais, eu sei que \u00e9 um pouco longa [a caminhada], mas ela vai surpreender a gente. \u00c9 muita f\u00e9, eu n\u00e3o vou perd\u00ea-la nunca, eu vou estar ao lado da minha filha at\u00e9 ela se recuperar\u201d, desabafou.<\/p>\n<p data-track-category=\"Link no Texto\" data-track-links=\"\">\n<\/div>\n<\/div>\n<div id=\"chunk-592q2\">\n<div class=\"mc-column content-text active-extra-styles \" data-block-type=\"unstyled\" data-block-weight=\"65\" data-block-id=\"6\">\n<p class=\"content-text__container \" data-track-category=\"Link no Texto\" data-track-links=\"\">Adriana contou que a filha est\u00e1 tendo alguns est\u00edmulos que s\u00e3o poucos, mas \u201cgratificantes\u201d. Na \u00faltima segunda-feira (3), a m\u00e3e postou uma foto da jovem e disse que ela j\u00e1 consegue se sentar durante a fisioterapia, que faz quatro vezes ao dia. Ela disse que a filha conseguiu ingerir o primeiro alimento desde que passou a se alimentar com sonda: ela tomou um iogurte.<\/p>\n<\/div>\n<\/div>\n<div id=\"chunk-co7va\">\n<div class=\"content-ads content-ads--reveal\" data-block-type=\"ads\" data-block-id=\"7\">\n<div><\/div>\n<\/div>\n<\/div>\n<div id=\"chunk-1edvo\">\n<div class=\"mc-column content-text active-extra-styles \" data-block-type=\"unstyled\" data-block-weight=\"45\" data-block-id=\"8\">\n<p class=\"content-text__container \" data-track-category=\"Link no Texto\" data-track-links=\"\">\u201cA Thais j\u00e1 consegue manter a coluna firme enquanto est\u00e1 sentada. Hoje deixamos ela assim por um tempo e assim vamos evoluindo cada dia mais, at\u00e9 nossa menina estar 100%. \u00c9 uma longa caminhada, mas estamos dispostos para cada passo com ela\u201d, escreveu a m\u00e3e.<\/p>\n<p data-track-category=\"Link no Texto\" data-track-links=\"\">\n<\/div>\n<\/div>\n<div id=\"chunk-bmscl\">\n<div class=\"row medium-uncollapsed content-media content-photo\" data-block-type=\"backstage-photo\" data-block-id=\"11\">\n<div class=\"mc-column content-media__container\">\n<div class=\"content-media-container glb-skeleton-box\">\n<figure class=\"content-media-figure\">\n<p><figure style=\"width: 647px\" class=\"wp-caption aligncenter\"><img loading=\"lazy\" decoding=\"async\" class=\"i-amphtml-fill-content i-amphtml-replaced-content\" src=\"https:\/\/s2.glbimg.com\/STZ2AQdUArHiCEYnCByGE7LAFRI=\/0x0:1700x1065\/984x0\/smart\/filters:strip_icc()\/i.s3.glbimg.com\/v1\/AUTH_59edd422c0c84a879bd37670ae4f538a\/internal_photos\/bs\/2023\/7\/s\/vBkL1QSBCtGJaF8EApKA\/thais-pimenta.jpg\" sizes=\"auto, (max-width: 1366px) 648px, 100vw\" srcset=\"https:\/\/s2.glbimg.com\/nMhHd8mkXCL_UpUid5H-nnlviFc=\/0x0:1700x1065\/1000x0\/smart\/filters:strip_icc()\/i.s3.glbimg.com\/v1\/AUTH_59edd422c0c84a879bd37670ae4f538a\/internal_photos\/bs\/2023\/7\/s\/vBkL1QSBCtGJaF8EApKA\/thais-pimenta.jpg 1000w, https:\/\/s2.glbimg.com\/STZ2AQdUArHiCEYnCByGE7LAFRI=\/0x0:1700x1065\/984x0\/smart\/filters:strip_icc()\/i.s3.glbimg.com\/v1\/AUTH_59edd422c0c84a879bd37670ae4f538a\/internal_photos\/bs\/2023\/7\/s\/vBkL1QSBCtGJaF8EApKA\/thais-pimenta.jpg 984w, https:\/\/s2.glbimg.com\/wUdGgLSfRJ6rLq_h19lVrAE3XP4=\/0x0:1700x1065\/640x0\/smart\/filters:strip_icc()\/i.s3.glbimg.com\/v1\/AUTH_59edd422c0c84a879bd37670ae4f538a\/internal_photos\/bs\/2023\/7\/s\/vBkL1QSBCtGJaF8EApKA\/thais-pimenta.jpg 640w, https:\/\/s2.glbimg.com\/nZ1awBYM2oEe9xzEyn20EtjdFRk=\/0x0:1700x1065\/600x0\/smart\/filters:strip_icc()\/i.s3.glbimg.com\/v1\/AUTH_59edd422c0c84a879bd37670ae4f538a\/internal_photos\/bs\/2023\/7\/s\/vBkL1QSBCtGJaF8EApKA\/thais-pimenta.jpg 600w\" alt=\"Thais Medeiros (esquerda) e garrafa de pimenta em conserva que ela cheirou (direita) Goi\u00e1s \u2014 Foto: Matheus Lopes de Oliveira\/Arquivo Pessoal e Reprodu\u00e7\u00e3o\/TV Anhanguera\" width=\"647\" height=\"405\" \/><figcaption class=\"wp-caption-text\">Thais Medeiros (esquerda) e garrafa de pimenta em conserva que ela cheirou (direita) Goi\u00e1s \u2014 Foto: Matheus Lopes de Oliveira\/Arquivo Pessoal e Reprodu\u00e7\u00e3o\/TV Anhanguera<\/figcaption><\/figure><\/figure>\n<\/div>\n<p class=\"content-media__description \">\n<p>&nbsp;<\/p>\n<\/div>\n<\/div>\n<\/div>\n<div id=\"chunk-31kgo\">\n<div class=\"mc-column content-text active-extra-styles \" data-block-type=\"unstyled\" data-block-weight=\"35\" data-block-id=\"12\">\n<p class=\"content-text__container \" data-track-category=\"Link no Texto\" data-track-links=\"\">A m\u00e3e contou ao g1 que essas evolu\u00e7\u00f5es aconteceram nesta segunda-feira (3), durante sess\u00f5es de fisioterapia. Apesar disso, Adriana falou que est\u00e1 ciente de que ainda h\u00e1 uma \u201clonga caminhada\u201d durante a recupera\u00e7\u00e3o da jovem.<\/p>\n<\/div>\n<\/div>\n<div id=\"chunk-kidh\">\n<div class=\"content-ads content-ads--reveal\" data-block-type=\"ads\" data-block-id=\"13\">\n<div><\/div>\n<\/div>\n<\/div>\n<div id=\"chunk-7n27m\">\n<div class=\"mc-column content-text active-extra-styles \" data-block-type=\"unstyled\" data-block-weight=\"46\" data-block-id=\"14\">\n<p class=\"content-text__container \" data-track-category=\"Link no Texto\" data-track-links=\"\">\u201cComo ela teve um edema muito grave, ela n\u00e3o est\u00e1 tendo movimentos bruscos, mas tudo \u00e9 com o tempo. Hoje ela tomou o primeiro Danone. Ela vai retirar a traqueostomia, por uma de metal. Essas evolu\u00e7\u00f5es s\u00e3o pequenas, mas para mim s\u00e3o muito grandes\u201d, contou Adriana.<\/p>\n<p data-track-category=\"Link no Texto\" data-track-links=\"\">\n<\/div>\n<\/div>\n<div id=\"chunk-bdeau\">\n<div class=\"mc-column content-text active-extra-styles \" data-block-type=\"unstyled\" data-block-weight=\"61\" data-block-id=\"15\">\n<p class=\"content-text__container \" data-track-category=\"Link no Texto\" data-track-links=\"\">No s\u00e1bado (1\u00ba), Adriana publicou um v\u00eddeo onde contou sobre o estado de sa\u00fade da filha e as expectativas para a recupera\u00e7\u00e3o dela <em>(assista abaixo). <\/em>Na ocasi\u00e3o, ela disse que a filha deve ser encaminhada para o Centro Estadual de Reabilita\u00e7\u00e3o e Readapta\u00e7\u00e3o Dr. Henrique Santillo (Crer), em Goi\u00e2nia. Segundo ela, a filha est\u00e1 sem infec\u00e7\u00f5es, mas est\u00e1 recebendo novas medica\u00e7\u00f5es.<\/p>\n<p data-track-category=\"Link no Texto\" data-track-links=\"\">\n<p data-track-category=\"Link no Texto\" data-track-links=\"\">\n<\/div>\n<\/div>\n<div id=\"chunk-6d594\">\n<div class=\"bs-video-block mc-column  content-media content-video\" data-block-type=\"backstage-video\" data-block-id=\"16\">\n<div class=\"content-media__container\">\n<div class=\"content-video__bigger-player-description-fixer\">\n<article class=\"content-video\">\n<section class=\"content-video__video-container\">\n<div class=\"content-video__video\">\n<div class=\"content-video__placeholder\" data-video-id=\"11500939\" data-video-has-viewport-play=\"True\"><img decoding=\"async\" class=\"content-video__placeholder__thumb\" title=\"M\u00e3e de jovem internada ap\u00f3s cheirar pimenta diz que filha est\u00e1 sem infec\u00e7\u00f5es\" src=\"https:\/\/s04.video.glbimg.com\/x240\/11500939.jpg\" alt=\"M\u00e3e de jovem internada ap\u00f3s cheirar pimenta diz que filha est\u00e1 sem infec\u00e7\u00f5es\" \/><\/div>\n<\/div>\n<\/section>\n<\/article>\n<\/div>\n<\/div>\n<\/div>\n<\/div>\n<\/div>\n<div id=\"chunk-6d594\">\n<div class=\"bs-video-block mc-column  content-media content-video\" data-block-type=\"backstage-video\" data-block-id=\"16\">\n<div class=\"content-media__container\">\n<div class=\"content-video__bigger-player-description-fixer\">\n<article class=\"content-video\">\n<section class=\"content-video__video-container\">\n<div class=\"content-video__video\"><\/div>\n<\/section>\n<\/article>\n<\/div>\n<p class=\"content-media__description\"><a href=\"https:\/\/g1.globo.com\/go\/goias\/video\/mae-de-jovem-internada-apos-cheirar-pimenta-diz-que-filha-esta-sem-infeccoes-11500939.ghtml\">VEJA AQUI o relato da\u00a0 M\u00e3e de jovem internada ap\u00f3s cheirar pimenta diz que filha est\u00e1 sem infec\u00e7\u00f5es<\/a><\/p>\n<\/div>\n<\/div>\n<\/div>\n<div id=\"chunk-8jmvm\">\n<div class=\"content-ads content-ads--reveal\" data-block-type=\"ads\" data-block-id=\"17\">\n<div id=\"banner_materia__f05e5365-06ab-41fd-81b2-7cb3ba2fc06c\" class=\"tag-manager-publicidade-container mc-has-reveal mc-has-ad-lazyload tag-manager-publicidade-banner_materia__f05e5365-06ab-41fd-81b2-7cb3ba2fc06c tag-manager-publicidade-container--carregado tag-manager-publicidade-container--visivel\" data-id=\"banner_materia__f05e5365-06ab-41fd-81b2-7cb3ba2fc06c\" data-google-query-id=\"CKD0qoKnkP4CFcICuQYdfRwDpg\">\n<div id=\"google_ads_iframe_\/95377733\/tvg_G1\/Sua_Regiao&gt;Centro_Oeste&gt;Goias_5__container__\"><\/div>\n<\/div>\n<\/div>\n<\/div>\n<div class=\"mc-column content-text active-extra-styles\" data-block-type=\"raw\" data-block-weight=\"5\" data-block-id=\"18\">\n<p class=\"content-text__container\">\n<div class=\"content-intertitle\">\n<h2>Passou mal ap\u00f3s cheirar pimenta<\/h2>\n<\/div>\n<p>&nbsp;<\/p>\n<\/div>\n<div id=\"chunk-ai6b5\">\n<div class=\"mc-column content-text active-extra-styles \" data-block-type=\"unstyled\" data-block-weight=\"42\" data-block-id=\"19\">\n<p class=\"content-text__container \" data-track-category=\"Link no Texto\" data-track-links=\"\">Thais passou mal no dia 17 de fevereiro, enquanto almo\u00e7ava na casa do namorado, e chegou a ficar mais de 20 dias na Unidade de Terapia Intensiva (UTI), em <a class=\"\" href=\"https:\/\/g1.globo.com\/go\/goias\/cidade\/anapolis\/\">An\u00e1polis<\/a>, a 55km de Goi\u00e2nia. Ela cheirou um vidro de pimenta em conserva.<\/p>\n<\/div>\n<\/div>\n<div id=\"chunk-8k94\">\n<div class=\"mc-column content-text active-extra-styles \" data-block-type=\"unstyled\" data-block-weight=\"33\" data-block-id=\"20\">\n<p class=\"content-text__container \" data-track-category=\"Link no Texto\" data-track-links=\"\">Segundo a Santa Casa de An\u00e1polis, a jovem chegou a ter um edema cerebral. O namorado dela, Matheus Lopes, informou pelas redes sociais que a jovem deixou a Unidade de Terapia Intensiva (UTI).<\/p>\n<\/div>\n<\/div>\n<div class=\"mc-column content-text active-extra-styles\" data-block-type=\"raw\" data-block-weight=\"2\" data-block-id=\"21\">\n<p class=\"content-text__container\">\n<div class=\"content-intertitle\">\n<h2>Crises al\u00e9rgicas<\/h2>\n<\/div>\n<p>&nbsp;<\/p>\n<\/div>\n<div id=\"chunk-2nf8k\">\n<div class=\"mc-column content-text active-extra-styles \" data-block-type=\"unstyled\" data-block-weight=\"26\" data-block-id=\"22\">\n<p class=\"content-text__container \" data-track-category=\"Link no Texto\" data-track-links=\"\">Adriana disse que a filha tinha bronquite e asma e sofria com crises al\u00e9rgicas, inclusive, chegando a ficar cinco dias internada com uma bact\u00e9ria no pulm\u00e3o.<\/p>\n<p data-track-category=\"Link no Texto\" data-track-links=\"\">\n<\/div>\n<\/div>\n<div id=\"chunk-cl5ui\">\n<div class=\"mc-column content-text active-extra-styles \" data-block-type=\"unstyled\" data-block-weight=\"63\" data-block-id=\"23\">\n<p class=\"content-text__container \" data-track-category=\"Link no Texto\" data-track-links=\"\">\u201cA Thais contraiu asma e bronquite no final da gravidez dela, desde ent\u00e3o, eu venho lutando com ela. Ela tem alergia a muita coisa, s\u00f3 que a gente ainda n\u00e3o sabia. A gente ia come\u00e7ar um tratamento com ela no Hospital das Cl\u00ednicas em Goi\u00e2nia, mas, por motivo financeiro, n\u00e3o conseguimos continuar. Ela disse &#8216;n\u00e3o, m\u00e3e, depois a gente faz&#8217;\u201d, conta a m\u00e3e.<\/p>\n<p data-track-category=\"Link no Texto\" data-track-links=\"\">\n<\/div>\n<\/div>\n<div id=\"chunk-c0um2\">\n<div class=\"row medium-uncollapsed content-media content-photo\" data-block-type=\"backstage-photo\" data-block-id=\"24\">\n<div class=\"mc-column content-media__container\">\n<div class=\"content-media-container glb-skeleton-box\">\n<figure class=\"content-media-figure\"><img decoding=\"async\" class=\"i-amphtml-fill-content i-amphtml-replaced-content\" src=\"https:\/\/s2.glbimg.com\/2ngyOtT25Xdb9L7DeASLqBcMg6E=\/0x0:1700x1065\/984x0\/smart\/filters:strip_icc()\/i.s3.glbimg.com\/v1\/AUTH_59edd422c0c84a879bd37670ae4f538a\/internal_photos\/bs\/2023\/K\/K\/duD6PMSh6MrGLfydDngQ\/imagem-g1-7-.png\" sizes=\"(max-width: 1366px) 648px, 100vw\" srcset=\"https:\/\/s2.glbimg.com\/T1XGeNif-CGDsSbweae7FpNLdPc=\/0x0:1700x1065\/1000x0\/smart\/filters:strip_icc()\/i.s3.glbimg.com\/v1\/AUTH_59edd422c0c84a879bd37670ae4f538a\/internal_photos\/bs\/2023\/K\/K\/duD6PMSh6MrGLfydDngQ\/imagem-g1-7-.png 1000w, https:\/\/s2.glbimg.com\/2ngyOtT25Xdb9L7DeASLqBcMg6E=\/0x0:1700x1065\/984x0\/smart\/filters:strip_icc()\/i.s3.glbimg.com\/v1\/AUTH_59edd422c0c84a879bd37670ae4f538a\/internal_photos\/bs\/2023\/K\/K\/duD6PMSh6MrGLfydDngQ\/imagem-g1-7-.png 984w, https:\/\/s2.glbimg.com\/2qjubxaScwy8mLcMNjfEhbygQAY=\/0x0:1700x1065\/640x0\/smart\/filters:strip_icc()\/i.s3.glbimg.com\/v1\/AUTH_59edd422c0c84a879bd37670ae4f538a\/internal_photos\/bs\/2023\/K\/K\/duD6PMSh6MrGLfydDngQ\/imagem-g1-7-.png 640w, https:\/\/s2.glbimg.com\/r4hgHuD-8CF_D2z0wOINK12Yo_I=\/0x0:1700x1065\/600x0\/smart\/filters:strip_icc()\/i.s3.glbimg.com\/v1\/AUTH_59edd422c0c84a879bd37670ae4f538a\/internal_photos\/bs\/2023\/K\/K\/duD6PMSh6MrGLfydDngQ\/imagem-g1-7-.png 600w\" alt=\"Thais Medeiros de Oliveira foi internada na UTI ap\u00f3s passar mal ao cheirar pimenta, diz namorado \u2014 Foto: Arquivo Pessoal\/Adriana Medeiros\" \/><\/figure>\n<\/div>\n<p class=\"content-media__description \">Thais Medeiros de Oliveira foi internada na UTI ap\u00f3s passar mal ao cheirar pimenta, diz namorado \u2014 Foto: Arquivo Pessoal\/Adriana Medeiros<\/p>\n<\/div>\n<\/div>\n<\/div>\n<div id=\"chunk-690ps\">\n<div class=\"content-ads content-ads--reveal\" data-block-type=\"ads\" data-block-id=\"25\">\n<div id=\"banner_materia__e2235501-b168-4ef0-82c2-b2d568ed8b7d\" class=\"tag-manager-publicidade-container mc-has-reveal mc-has-ad-lazyload\" data-id=\"banner_materia__e2235501-b168-4ef0-82c2-b2d568ed8b7d\">\n<div id=\"google_ads_iframe_\/95377733\/tvg_G1\/Sua_Regiao&gt;Centro_Oeste&gt;Goias_6__container__\"><\/div>\n<\/div>\n<\/div>\n<\/div>\n<div id=\"chunk-9m8an\">\n<div class=\"mc-column content-text active-extra-styles \" data-block-type=\"unstyled\" data-block-weight=\"32\" data-block-id=\"26\">\n<p class=\"content-text__container \" data-track-category=\"Link no Texto\" data-track-links=\"\">Segundo a m\u00e3e, as crise dela come\u00e7aram com falta de ar, tosse, pulm\u00e3o cheio e empol\u00e7\u00e3o no corpo, por\u00e9m, ela nunca havia registrado rea\u00e7\u00e3o \u00e0 pimenta, o que causou espanto para todos.<\/p>\n<p data-track-category=\"Link no Texto\" data-track-links=\"\">\n<\/div>\n<\/div>\n<div id=\"chunk-2lq4b\">\n<div class=\"mc-column content-text active-extra-styles \" data-block-type=\"unstyled\" data-block-weight=\"45\" data-block-id=\"27\">\n<p class=\"content-text__container \" data-track-category=\"Link no Texto\" data-track-links=\"\">\u201cA gente estava em busca do teste al\u00e9rgico para saber quais subst\u00e2ncias ela tem alergia. Ela comia pimenta em casa, t\u00ednhamos costume de comer e nunca teve problema. Como ela j\u00e1 estava com falta de ar, cheirou a pimenta e fechou a glote\u201d, disse Adriana.<\/p>\n<p data-track-category=\"Link no Texto\" data-track-links=\"\">\n<\/div>\n<\/div>\n<p>&nbsp;<\/p>\n<p class=\"content-publication-data__from\" title=\"Michel Gomes e Liv Costa, g1 Goi\u00e1s e TV Anhanguera\">Por Michel Gomes e Liv Costa, g1 Goi\u00e1s e TV Anhanguera<\/p>\n","protected":false},"excerpt":{"rendered":"<p>A m\u00e3e da trancista Thais Medeiros de Oliveira, de 25 anos, que foi internada em estado grave ap\u00f3s cheirar pimenta, disse que a filha se mant\u00e9m est\u00e1vel, sem riscos e passa pela recupera\u00e7\u00e3o. Emocionada, Adriana Medeiros se diz esperan\u00e7osa com a melhora da filha. \u201cA expectativa \u00e9 que ela melhore cada dia mais, eu sei [&hellip;]<\/p>\n","protected":false},"author":5,"featured_media":236078,"comment_status":"closed","ping_status":"closed","sticky":false,"template":"","format":"standard","meta":{"footnotes":""},"categories":[31],"tags":[],"class_list":["post-236076","post","type-post","status-publish","format-standard","has-post-thumbnail","hentry","category-geral"],"_links":{"self":[{"href":"https:\/\/www.ocorreionews.com.br\/acervo-correio\/index.php?rest_route=\/wp\/v2\/posts\/236076","targetHints":{"allow":["GET"]}}],"collection":[{"href":"https:\/\/www.ocorreionews.com.br\/acervo-correio\/index.php?rest_route=\/wp\/v2\/posts"}],"about":[{"href":"https:\/\/www.ocorreionews.com.br\/acervo-correio\/index.php?rest_route=\/wp\/v2\/types\/post"}],"author":[{"embeddable":true,"href":"https:\/\/www.ocorreionews.com.br\/acervo-correio\/index.php?rest_route=\/wp\/v2\/users\/5"}],"replies":[{"embeddable":true,"href":"https:\/\/www.ocorreionews.com.br\/acervo-correio\/index.php?rest_route=%2Fwp%2Fv2%2Fcomments&post=236076"}],"version-history":[{"count":1,"href":"https:\/\/www.ocorreionews.com.br\/acervo-correio\/index.php?rest_route=\/wp\/v2\/posts\/236076\/revisions"}],"predecessor-version":[{"id":236079,"href":"https:\/\/www.ocorreionews.com.br\/acervo-correio\/index.php?rest_route=\/wp\/v2\/posts\/236076\/revisions\/236079"}],"wp:featuredmedia":[{"embeddable":true,"href":"https:\/\/www.ocorreionews.com.br\/acervo-correio\/index.php?rest_route=\/wp\/v2\/media\/236078"}],"wp:attachment":[{"href":"https:\/\/www.ocorreionews.com.br\/acervo-correio\/index.php?rest_route=%2Fwp%2Fv2%2Fmedia&parent=236076"}],"wp:term":[{"taxonomy":"category","embeddable":true,"href":"https:\/\/www.ocorreionews.com.br\/acervo-correio\/index.php?rest_route=%2Fwp%2Fv2%2Fcategories&post=236076"},{"taxonomy":"post_tag","embeddable":true,"href":"https:\/\/www.ocorreionews.com.br\/acervo-correio\/index.php?rest_route=%2Fwp%2Fv2%2Ftags&post=236076"}],"curies":[{"name":"wp","href":"https:\/\/api.w.org\/{rel}","templated":true}]}}