{"id":236080,"date":"2023-04-04T10:34:39","date_gmt":"2023-04-04T14:34:39","guid":{"rendered":"https:\/\/www.ocorreionews.com.br\/acervo-correio\/?p=236080"},"modified":"2023-04-04T10:34:39","modified_gmt":"2023-04-04T14:34:39","slug":"prefeitura-de-costa-rica-convoca-novos-professores-efetivos-para-tomar-posse-no-magisterio","status":"publish","type":"post","link":"https:\/\/www.ocorreionews.com.br\/acervo-correio\/?p=236080","title":{"rendered":"Prefeitura de Costa Rica convoca novos professores efetivos para tomar posse no Magist\u00e9rio"},"content":{"rendered":"<div class=\"ntc_cont_descricao_noticia sw_txteditor\">A Prefeitura de Costa Rica, convocou nesta segunda-feira (3) novos professores para tomar posse nos cargos efetivos do Magist\u00e9rio. Os candidatos foram aprovados no Concurso P\u00fablico n\u00ba 001.2021 e t\u00eam at\u00e9 o dia 3 de maio de 2023 para tomar posse, caso contr\u00e1rio perder\u00e3o o direito \u00e0 vaga.<\/p>\n<p>A escolha das vagas segue crit\u00e9rios de proporcionalidade, altern\u00e2ncia \u00e0 ordem de classifica\u00e7\u00e3o, observada a Lei n. 822, de 31 de maio de 2006 (Cotas Raciais) e Lei Complementar n. 82 de 16 de outubro 2019.<\/p>\n<p>Os candidatos relacionados no Anexo I dever\u00e3o comparecer ao Departamento de Pessoal at\u00e9 o dia 17 de abril de 2023, na sede da Prefeitura de Costa Rica, para manifestar seu interesse na vaga. Outras informa\u00e7\u00f5es est\u00e3o dispon\u00edveis no edital.<\/p>\n<p><strong>Rela\u00e7\u00e3o de Candidatos Convocados:<\/strong><\/p>\n<p><strong>Cargo: INSPETOR DE ALUNOS<\/strong><br \/>\nMURILO TORRES CARVALHO SANTANA<\/p>\n<p><strong>Cargo: PROFESSOR DE EDUCA\u00c7\u00c3O INFANTIL<\/strong><br \/>\nELZIRIA SOARES SANTOS CARRIJO<br \/>\nCYNTTHIA KARINA QUEIROZ CARVALHO OV\u00cdDIO<br \/>\nJUNIMAR\u00c7A CANDIDA FERREIRA<\/p>\n<p><strong>Cargo: PROFESSOR DE CI\u00caNCIAS<\/strong><br \/>\nROZILAINE APARECIDA CORR\u00caA<\/p>\n<p><strong>Cargo: PROFESSOR DE ARTE<\/strong><br \/>\nRENATA PEREIRA DA SILVA<br \/>\nMAYARA ALVES ARRUDA\n<\/div>\n<div class=\"ntc_area_info_noticia sw_lato\">\n<div>\n<p>&nbsp;<\/p>\n<p>&nbsp;<\/p>\n<div class=\"ntc_info_noticia\"><strong class=\"sw_lato_black\">Fonte: <\/strong>Assessoria de Comunica\u00e7\u00e3o &#8211; PMCR, <strong class=\"sw_lato_black\">\u00a0<\/strong>Silvestre de Castro<\/div>\n<\/div>\n<\/div>\n","protected":false},"excerpt":{"rendered":"<p>A Prefeitura de Costa Rica, convocou nesta segunda-feira (3) novos professores para tomar posse nos cargos efetivos do Magist\u00e9rio. Os candidatos foram aprovados no Concurso P\u00fablico n\u00ba 001.2021 e t\u00eam at\u00e9 o dia 3 de maio de 2023 para tomar posse, caso contr\u00e1rio perder\u00e3o o direito \u00e0 vaga. A escolha das vagas segue crit\u00e9rios de [&hellip;]<\/p>\n","protected":false},"author":5,"featured_media":230012,"comment_status":"closed","ping_status":"closed","sticky":false,"template":"","format":"standard","meta":{"footnotes":""},"categories":[25],"tags":[],"class_list":["post-236080","post","type-post","status-publish","format-standard","has-post-thumbnail","hentry","category-costa-rica"],"_links":{"self":[{"href":"https:\/\/www.ocorreionews.com.br\/acervo-correio\/index.php?rest_route=\/wp\/v2\/posts\/236080","targetHints":{"allow":["GET"]}}],"collection":[{"href":"https:\/\/www.ocorreionews.com.br\/acervo-correio\/index.php?rest_route=\/wp\/v2\/posts"}],"about":[{"href":"https:\/\/www.ocorreionews.com.br\/acervo-correio\/index.php?rest_route=\/wp\/v2\/types\/post"}],"author":[{"embeddable":true,"href":"https:\/\/www.ocorreionews.com.br\/acervo-correio\/index.php?rest_route=\/wp\/v2\/users\/5"}],"replies":[{"embeddable":true,"href":"https:\/\/www.ocorreionews.com.br\/acervo-correio\/index.php?rest_route=%2Fwp%2Fv2%2Fcomments&post=236080"}],"version-history":[{"count":1,"href":"https:\/\/www.ocorreionews.com.br\/acervo-correio\/index.php?rest_route=\/wp\/v2\/posts\/236080\/revisions"}],"predecessor-version":[{"id":236081,"href":"https:\/\/www.ocorreionews.com.br\/acervo-correio\/index.php?rest_route=\/wp\/v2\/posts\/236080\/revisions\/236081"}],"wp:featuredmedia":[{"embeddable":true,"href":"https:\/\/www.ocorreionews.com.br\/acervo-correio\/index.php?rest_route=\/wp\/v2\/media\/230012"}],"wp:attachment":[{"href":"https:\/\/www.ocorreionews.com.br\/acervo-correio\/index.php?rest_route=%2Fwp%2Fv2%2Fmedia&parent=236080"}],"wp:term":[{"taxonomy":"category","embeddable":true,"href":"https:\/\/www.ocorreionews.com.br\/acervo-correio\/index.php?rest_route=%2Fwp%2Fv2%2Fcategories&post=236080"},{"taxonomy":"post_tag","embeddable":true,"href":"https:\/\/www.ocorreionews.com.br\/acervo-correio\/index.php?rest_route=%2Fwp%2Fv2%2Ftags&post=236080"}],"curies":[{"name":"wp","href":"https:\/\/api.w.org\/{rel}","templated":true}]}}