{"id":236082,"date":"2023-04-04T10:41:14","date_gmt":"2023-04-04T14:41:14","guid":{"rendered":"https:\/\/www.ocorreionews.com.br\/acervo-correio\/?p=236082"},"modified":"2023-04-04T13:09:20","modified_gmt":"2023-04-04T17:09:20","slug":"conta-de-luz-fica-1048-mais-cara-para-consumidores-residenciais-em-ms","status":"publish","type":"post","link":"https:\/\/www.ocorreionews.com.br\/acervo-correio\/?p=236082","title":{"rendered":"Conta de luz fica 9,58% mais cara para consumidores residenciais em MS"},"content":{"rendered":"<div id=\"chunk-dqqls\">\n<div class=\"mc-column content-text active-extra-styles \" data-block-type=\"unstyled\" data-block-weight=\"59\" data-block-id=\"3\">\n<p class=\"content-text__container \" data-track-category=\"Link no Texto\" data-track-links=\"\">A conta de luz fica mais cara para o consumidor de Mato Grosso do Sul a partir deste s\u00e1bado (8). A Ag\u00eancia Nacional de Energia El\u00e9trica (Aneel) aprovou, por unanimidade, um reajuste m\u00e9dio de 9,58% na tarifa de energia dos clientes da Energisa, concession\u00e1ria atende a mais de 1,1 milh\u00e3o de unidades consumidoras em 74 munic\u00edpios do estado.<\/p>\n<p data-track-category=\"Link no Texto\" data-track-links=\"\">\n<\/div>\n<\/div>\n<div class=\"wall protected-content\">\n<div id=\"chunk-7rpqb\">\n<div class=\"mc-column content-text active-extra-styles \" data-block-type=\"unstyled\" data-block-weight=\"10\" data-block-id=\"4\">\n<p class=\"content-text__container \" data-track-category=\"Link no Texto\" data-track-links=\"\"><strong><span class=\"highlight highlighted\">Com isso, o reajuste, por categoria de consumidor, ser\u00e1 de:<\/span><\/strong><\/p>\n<\/div>\n<\/div>\n<div class=\"mc-column content-text active-extra-styles\" data-block-type=\"raw\" data-block-weight=\"22\" data-block-id=\"5\">\n<p class=\"content-text__container\">\n<ul class=\"content-unordered-list\">\n<li>6,28% para alta tens\u00e3o (empresas grandes);<\/li>\n<li>10,48% para baixa tens\u00e3o (para pequenas e m\u00e9dias empresas e consumidores rurais);<\/li>\n<li>9,58% para consumidores residenciais.<\/li>\n<\/ul>\n<\/div>\n<p>&nbsp;<\/p>\n<div id=\"chunk-fgdq0\">\n<div class=\"mc-column content-text active-extra-styles \" data-block-type=\"unstyled\" data-block-weight=\"47\" data-block-id=\"6\">\n<p class=\"content-text__container \" data-track-category=\"Link no Texto\" data-track-links=\"\">A Aneel informou que os fatores que mais impactaram no c\u00e1lculo da revis\u00e3o foram os custos com transporte e compra de energia, al\u00e9m dos encargos do setor, que s\u00e3o as leis aprovadas pelo Congresso Nacional para viabilizar a implanta\u00e7\u00e3o de pol\u00edticas p\u00fablicas no setor el\u00e9trico brasileiro.<\/p>\n<\/div>\n<\/div>\n<div id=\"chunk-8llsj\">\n<div class=\"content-ads content-ads--reveal\" data-block-type=\"ads\" data-block-id=\"7\">\n<div><\/div>\n<\/div>\n<\/div>\n<div class=\"mc-column content-text active-extra-styles\" data-block-type=\"raw\" data-block-weight=\"5\" data-block-id=\"8\">\n<p class=\"content-text__container\">\n<div class=\"content-intertitle\">\n<h2>Desconto na conta de energia<\/h2>\n<p>&nbsp;<\/p>\n<\/div>\n<p>&nbsp;<\/p>\n<\/div>\n<div id=\"chunk-f972c\">\n<div class=\"mc-column content-text active-extra-styles \" data-block-type=\"unstyled\" data-block-weight=\"56\" data-block-id=\"9\">\n<p class=\"content-text__container \" data-track-category=\"Link no Texto\" data-track-links=\"\">Consumidores com contas de luz em atraso podem pagar as d\u00edvidas com descontos, em Mato Grosso do Sul. Um dos exemplos \u00e9 a negocia\u00e7\u00e3o de contas em atraso em at\u00e9 24 vezes, inclusive por meio de cart\u00e3o de cr\u00e9dito, que pode ser feito pelos canais de atendimento: WhatsApp da Gisa, aplicativo Energisa On e <a class=\"\" href=\"https:\/\/energisa.com.br\/\" target=\"_blank\" rel=\"noopener\">site<\/a>.<\/p>\n<p data-track-category=\"Link no Texto\" data-track-links=\"\">\n<p data-track-category=\"Link no Texto\" data-track-links=\"\">Por Rafaela Moreira, g1 MS<\/p>\n<\/div>\n<\/div>\n<\/div>\n","protected":false},"excerpt":{"rendered":"<p>A conta de luz fica mais cara para o consumidor de Mato Grosso do Sul a partir deste s\u00e1bado (8). A Ag\u00eancia Nacional de Energia El\u00e9trica (Aneel) aprovou, por unanimidade, um reajuste m\u00e9dio de 9,58% na tarifa de energia dos clientes da Energisa, concession\u00e1ria atende a mais de 1,1 milh\u00e3o de unidades consumidoras em 74 [&hellip;]<\/p>\n","protected":false},"author":5,"featured_media":106991,"comment_status":"closed","ping_status":"closed","sticky":false,"template":"","format":"standard","meta":{"footnotes":""},"categories":[26],"tags":[],"class_list":["post-236082","post","type-post","status-publish","format-standard","has-post-thumbnail","hentry","category-economia"],"_links":{"self":[{"href":"https:\/\/www.ocorreionews.com.br\/acervo-correio\/index.php?rest_route=\/wp\/v2\/posts\/236082","targetHints":{"allow":["GET"]}}],"collection":[{"href":"https:\/\/www.ocorreionews.com.br\/acervo-correio\/index.php?rest_route=\/wp\/v2\/posts"}],"about":[{"href":"https:\/\/www.ocorreionews.com.br\/acervo-correio\/index.php?rest_route=\/wp\/v2\/types\/post"}],"author":[{"embeddable":true,"href":"https:\/\/www.ocorreionews.com.br\/acervo-correio\/index.php?rest_route=\/wp\/v2\/users\/5"}],"replies":[{"embeddable":true,"href":"https:\/\/www.ocorreionews.com.br\/acervo-correio\/index.php?rest_route=%2Fwp%2Fv2%2Fcomments&post=236082"}],"version-history":[{"count":1,"href":"https:\/\/www.ocorreionews.com.br\/acervo-correio\/index.php?rest_route=\/wp\/v2\/posts\/236082\/revisions"}],"predecessor-version":[{"id":236087,"href":"https:\/\/www.ocorreionews.com.br\/acervo-correio\/index.php?rest_route=\/wp\/v2\/posts\/236082\/revisions\/236087"}],"wp:featuredmedia":[{"embeddable":true,"href":"https:\/\/www.ocorreionews.com.br\/acervo-correio\/index.php?rest_route=\/wp\/v2\/media\/106991"}],"wp:attachment":[{"href":"https:\/\/www.ocorreionews.com.br\/acervo-correio\/index.php?rest_route=%2Fwp%2Fv2%2Fmedia&parent=236082"}],"wp:term":[{"taxonomy":"category","embeddable":true,"href":"https:\/\/www.ocorreionews.com.br\/acervo-correio\/index.php?rest_route=%2Fwp%2Fv2%2Fcategories&post=236082"},{"taxonomy":"post_tag","embeddable":true,"href":"https:\/\/www.ocorreionews.com.br\/acervo-correio\/index.php?rest_route=%2Fwp%2Fv2%2Ftags&post=236082"}],"curies":[{"name":"wp","href":"https:\/\/api.w.org\/{rel}","templated":true}]}}