{"id":236089,"date":"2023-04-04T13:37:48","date_gmt":"2023-04-04T17:37:48","guid":{"rendered":"https:\/\/www.ocorreionews.com.br\/acervo-correio\/?p=236089"},"modified":"2023-04-04T13:37:48","modified_gmt":"2023-04-04T17:37:48","slug":"ao-flagra-adulterado-pm-de-chapadao-do-sul-prende-motorista-com-mandato-de-prisao","status":"publish","type":"post","link":"https:\/\/www.ocorreionews.com.br\/acervo-correio\/?p=236089","title":{"rendered":"Ao flagra adulterado PM de Chapad\u00e3o do Sul prende motorista com mandato de pris\u00e3o"},"content":{"rendered":"<p>Um homem de 29 anos foi preso na tarde desta segunda-feira (03), ao ser abordado pela policia militar por causa do seu ve\u00edculo e o motorista tinha um mandato de pris\u00e3o em seu desfavor.<\/p>\n<p>De acordo com informa\u00e7\u00f5es do Boletim de Ocorr\u00eancia, por volta das 16h50min uma guarni\u00e7\u00e3o da policia militar realizava rondas de rotinas, no Bairro Esplanada, e na Rua dos Periquitos visualizou um ve\u00edculo VW\/Santana, de cor vermelha, com caracter\u00edsticas alteradas e a realizaram a abordagem.<\/p>\n<p>Durante abordagem, os militares constataram que havia um mandado de pris\u00e3o contra o condutor do ve\u00edculo, por descumprir obriga\u00e7\u00e3o de prestar alimentos.<\/p>\n<p>O condutor foi preso e encaminhado para delegacia e o ve\u00edculo foi removido ao p\u00e1tio do Detran.<\/p>\n","protected":false},"excerpt":{"rendered":"<p>Um homem de 29 anos foi preso na tarde desta segunda-feira (03), ao ser abordado pela policia militar por causa do seu ve\u00edculo e o motorista tinha um mandato de pris\u00e3o em seu desfavor. De acordo com informa\u00e7\u00f5es do Boletim de Ocorr\u00eancia, por volta das 16h50min uma guarni\u00e7\u00e3o da policia militar realizava rondas de rotinas, [&hellip;]<\/p>\n","protected":false},"author":5,"featured_media":115366,"comment_status":"closed","ping_status":"closed","sticky":false,"template":"","format":"standard","meta":{"footnotes":""},"categories":[23,38],"tags":[],"class_list":["post-236089","post","type-post","status-publish","format-standard","has-post-thumbnail","hentry","category-chapadao-do-sul","category-policia"],"_links":{"self":[{"href":"https:\/\/www.ocorreionews.com.br\/acervo-correio\/index.php?rest_route=\/wp\/v2\/posts\/236089","targetHints":{"allow":["GET"]}}],"collection":[{"href":"https:\/\/www.ocorreionews.com.br\/acervo-correio\/index.php?rest_route=\/wp\/v2\/posts"}],"about":[{"href":"https:\/\/www.ocorreionews.com.br\/acervo-correio\/index.php?rest_route=\/wp\/v2\/types\/post"}],"author":[{"embeddable":true,"href":"https:\/\/www.ocorreionews.com.br\/acervo-correio\/index.php?rest_route=\/wp\/v2\/users\/5"}],"replies":[{"embeddable":true,"href":"https:\/\/www.ocorreionews.com.br\/acervo-correio\/index.php?rest_route=%2Fwp%2Fv2%2Fcomments&post=236089"}],"version-history":[{"count":1,"href":"https:\/\/www.ocorreionews.com.br\/acervo-correio\/index.php?rest_route=\/wp\/v2\/posts\/236089\/revisions"}],"predecessor-version":[{"id":236091,"href":"https:\/\/www.ocorreionews.com.br\/acervo-correio\/index.php?rest_route=\/wp\/v2\/posts\/236089\/revisions\/236091"}],"wp:featuredmedia":[{"embeddable":true,"href":"https:\/\/www.ocorreionews.com.br\/acervo-correio\/index.php?rest_route=\/wp\/v2\/media\/115366"}],"wp:attachment":[{"href":"https:\/\/www.ocorreionews.com.br\/acervo-correio\/index.php?rest_route=%2Fwp%2Fv2%2Fmedia&parent=236089"}],"wp:term":[{"taxonomy":"category","embeddable":true,"href":"https:\/\/www.ocorreionews.com.br\/acervo-correio\/index.php?rest_route=%2Fwp%2Fv2%2Fcategories&post=236089"},{"taxonomy":"post_tag","embeddable":true,"href":"https:\/\/www.ocorreionews.com.br\/acervo-correio\/index.php?rest_route=%2Fwp%2Fv2%2Ftags&post=236089"}],"curies":[{"name":"wp","href":"https:\/\/api.w.org\/{rel}","templated":true}]}}