{"id":236132,"date":"2023-04-04T13:17:19","date_gmt":"2023-04-04T17:17:19","guid":{"rendered":"https:\/\/www.ocorreionews.com.br\/acervo-correio\/?p=236132"},"modified":"2023-04-04T16:25:02","modified_gmt":"2023-04-04T20:25:02","slug":"prefeitura-de-costa-rica-ja-repassou-mais-de-r-1-milhao-a-apae-entre-2021-e-2023","status":"publish","type":"post","link":"https:\/\/www.ocorreionews.com.br\/acervo-correio\/?p=236132","title":{"rendered":"Prefeitura de Costa Rica j\u00e1 repassou mais de R$ 1 milh\u00e3o \u00e0 APAE entre 2021 e 2023"},"content":{"rendered":"<div class=\"ntc_cont_descricao_noticia sw_txteditor\">\n<p>De janeiro de 2021 at\u00e9 o m\u00eas de mar\u00e7o de 2023, o Munic\u00edpio de Costa Rica j\u00e1 repassou R$ 1.090.954,12 \u00e0 APAE (Associa\u00e7\u00e3o de Pais e Amigos dos Excepcionais). Os recursos s\u00e3o do or\u00e7amento do munic\u00edpio. Anualmente, no per\u00edodo de 10 meses, a associa\u00e7\u00e3o recebe recursos do Fundeb (Fundo de Manuten\u00e7\u00e3o e Desenvolvimento da Educa\u00e7\u00e3o B\u00e1sica e de Valoriza\u00e7\u00e3o dos Profissionais da Educa\u00e7\u00e3o) bem como recursos oriundos de emendas parlamentares.<\/p>\n<p>O prefeito Cleverson Alves dos Santos, destacou a import\u00e2ncia da APAE no munic\u00edpio e a necessidade de apoio da prefeitura para que a entidade possa continuar prestando seus servi\u00e7os \u00e0 comunidade. \u201cA APAE \u00e9 uma institui\u00e7\u00e3o muito importante para Costa Rica, pois promove a inclus\u00e3o social e a melhoria da qualidade de vida das pessoas com defici\u00eancia. Por isso, estamos sempre buscando apoio e recursos para ajud\u00e1-la a cumprir sua miss\u00e3o\u201d.<\/p>\n<p>A APAE de Costa Rica atua h\u00e1 mais de 27 anos no munic\u00edpio, promovendo a inclus\u00e3o social e a melhoria da qualidade de vida de pessoas com defici\u00eancia. A entidade oferece servi\u00e7os como atendimento especializado, educa\u00e7\u00e3o e capacita\u00e7\u00e3o profissional, al\u00e9m de atividades esportivas, culturais e de lazer.<\/p>\n<p>A APAE de Costa Rica atende pelo menos 78 pessoas com defici\u00eancia intelectual, m\u00faltipla e associativas que est\u00e3o matriculadas na institui\u00e7\u00e3o.<\/p>\n<p>Em 2023, al\u00e9m do valor de R$ 566.545,70, que j\u00e1 come\u00e7a a ser pago no m\u00eas de abril, a entidade vai receber recursos de emenda de vereadores e mais de R$ 217 mil para obras. A previs\u00e3o \u00e9 que entre 2021 e final de 2023, a institui\u00e7\u00e3o seja beneficiada em mais de R$ 1,9 milh\u00e3o.<\/p>\n<\/div>\n<p>&nbsp;<\/p>\n<p>&nbsp;<\/p>\n<div class=\"ntc_area_info_noticia sw_lato\">\n<div>\n<div class=\"ntc_info_noticia\"><strong class=\"sw_lato_black\">Fonte: <\/strong>Assessoria de Comunica\u00e7\u00e3o &#8211; PMCR, <strong class=\"sw_lato_black\">\u00a0<\/strong>Silvestre de Castro<\/div>\n<\/div>\n<\/div>\n","protected":false},"excerpt":{"rendered":"<p>De janeiro de 2021 at\u00e9 o m\u00eas de mar\u00e7o de 2023, o Munic\u00edpio de Costa Rica j\u00e1 repassou R$ 1.090.954,12 \u00e0 APAE (Associa\u00e7\u00e3o de Pais e Amigos dos Excepcionais). Os recursos s\u00e3o do or\u00e7amento do munic\u00edpio. Anualmente, no per\u00edodo de 10 meses, a associa\u00e7\u00e3o recebe recursos do Fundeb (Fundo de Manuten\u00e7\u00e3o e Desenvolvimento da Educa\u00e7\u00e3o [&hellip;]<\/p>\n","protected":false},"author":5,"featured_media":236133,"comment_status":"closed","ping_status":"closed","sticky":false,"template":"","format":"standard","meta":{"footnotes":""},"categories":[25,41],"tags":[],"class_list":["post-236132","post","type-post","status-publish","format-standard","has-post-thumbnail","hentry","category-costa-rica","category-destaque"],"_links":{"self":[{"href":"https:\/\/www.ocorreionews.com.br\/acervo-correio\/index.php?rest_route=\/wp\/v2\/posts\/236132","targetHints":{"allow":["GET"]}}],"collection":[{"href":"https:\/\/www.ocorreionews.com.br\/acervo-correio\/index.php?rest_route=\/wp\/v2\/posts"}],"about":[{"href":"https:\/\/www.ocorreionews.com.br\/acervo-correio\/index.php?rest_route=\/wp\/v2\/types\/post"}],"author":[{"embeddable":true,"href":"https:\/\/www.ocorreionews.com.br\/acervo-correio\/index.php?rest_route=\/wp\/v2\/users\/5"}],"replies":[{"embeddable":true,"href":"https:\/\/www.ocorreionews.com.br\/acervo-correio\/index.php?rest_route=%2Fwp%2Fv2%2Fcomments&post=236132"}],"version-history":[{"count":1,"href":"https:\/\/www.ocorreionews.com.br\/acervo-correio\/index.php?rest_route=\/wp\/v2\/posts\/236132\/revisions"}],"predecessor-version":[{"id":236140,"href":"https:\/\/www.ocorreionews.com.br\/acervo-correio\/index.php?rest_route=\/wp\/v2\/posts\/236132\/revisions\/236140"}],"wp:featuredmedia":[{"embeddable":true,"href":"https:\/\/www.ocorreionews.com.br\/acervo-correio\/index.php?rest_route=\/wp\/v2\/media\/236133"}],"wp:attachment":[{"href":"https:\/\/www.ocorreionews.com.br\/acervo-correio\/index.php?rest_route=%2Fwp%2Fv2%2Fmedia&parent=236132"}],"wp:term":[{"taxonomy":"category","embeddable":true,"href":"https:\/\/www.ocorreionews.com.br\/acervo-correio\/index.php?rest_route=%2Fwp%2Fv2%2Fcategories&post=236132"},{"taxonomy":"post_tag","embeddable":true,"href":"https:\/\/www.ocorreionews.com.br\/acervo-correio\/index.php?rest_route=%2Fwp%2Fv2%2Ftags&post=236132"}],"curies":[{"name":"wp","href":"https:\/\/api.w.org\/{rel}","templated":true}]}}