{"id":236153,"date":"2023-04-05T07:45:25","date_gmt":"2023-04-05T11:45:25","guid":{"rendered":"https:\/\/www.ocorreionews.com.br\/acervo-correio\/?p=236153"},"modified":"2023-04-05T07:45:25","modified_gmt":"2023-04-05T11:45:25","slug":"alcinopolis-e-figueirao-esta-incluso-no-reajuste-da-energia","status":"publish","type":"post","link":"https:\/\/www.ocorreionews.com.br\/acervo-correio\/?p=236153","title":{"rendered":"Alcin\u00f3polis e Figueir\u00e3o est\u00e1 incluso no reajuste da Energia"},"content":{"rendered":"<p>Decis\u00e3o foi anunciada agora pela manh\u00e3 durante audi\u00eancia na Ag\u00eancia Nacional de Energia El\u00e9trica, em Bras\u00edlia<\/p>\n<p>A tarifa de energia el\u00e9trica dos consumidores residenciais atendidos pela Energisa vai subir 9,58% a partir de s\u00e1bado, dia 8. Para as empresas, o aumento ser\u00e1 de 6,28%. O maior percentual vai para as lojas, grande parte dos edif\u00edcios comercias, e im\u00f3veis rurais, com 10,48%.<\/p>\n<p>Em m\u00e9dia, o aumento \u00e9 de 9,28%. Os novos valores foram definidos hoje (04) cedo pela diretoria da Aneel (Ag\u00eancia Nacional de Energia El\u00e9trica).<\/p>\n<p>A expectativa era de que o aumento na tarifa cobrada de 1,1 milh\u00e3o de consumidores pela Energisa oscilasse entre 6,5% a 9%, segundo estimativas da pr\u00f3pria ag\u00eancia apresentada em Campo Grande no m\u00eas de fevereiro, durante audi\u00eancia p\u00fablica. O percentual geral estimado era de 8,9% (grupos A B), podendo chegar a 6,5% (m\u00e9dia alta baixa tens\u00e3o).<\/p>\n<p>Por\u00e9m, os custos foram maiores que o estimado. A presidente do Conselho de Consumidores da Energisa MS, \u00a0Rosimeire Costa , que fez defesa durante a reuni\u00e3o, afirmou que o custo da distribui\u00e7\u00e3o impacta a tarifa em 40%, citando que o contrato de concess\u00e3o \u00e9 o antigo, com reajuste pelo IGPM (\u00cdndice Geral de Pre\u00e7os Mercado ), muito acima da infla\u00e7\u00e3o destacando \u201cque o processo de reajuste do IGPM foi \u00a0acima da realidade\u201d, sugerindo uma compensa\u00e7\u00e3o para os consumidores. Ela afirmou que espera que a \u201calforria\u201d (em rela\u00e7\u00e3o ao IGPM) dos usu\u00e1rios ocorra em 2027.<\/p>\n<p>A Energisa atende a 74 dos 79 munic\u00edpios de Mato Grosso do Sul. S\u00f3 ficam de fora cinco cidades da regi\u00e3o leste que s\u00e3o abastecidas pela Elektro (Tr\u00eas Lagoas, Brasil\u00e2ndia, Anauril\u00e2ndia, Selv\u00edria e Santa Rita do Pardo).<\/p>\n<p>&nbsp;<\/p>\n<p>&nbsp;<\/p>\n<p>correiodoestado<\/p>\n","protected":false},"excerpt":{"rendered":"<p>Decis\u00e3o foi anunciada agora pela manh\u00e3 durante audi\u00eancia na Ag\u00eancia Nacional de Energia El\u00e9trica, em Bras\u00edlia A tarifa de energia el\u00e9trica dos consumidores residenciais atendidos pela Energisa vai subir 9,58% a partir de s\u00e1bado, dia 8. Para as empresas, o aumento ser\u00e1 de 6,28%. O maior percentual vai para as lojas, grande parte dos edif\u00edcios [&hellip;]<\/p>\n","protected":false},"author":4,"featured_media":206861,"comment_status":"closed","ping_status":"closed","sticky":false,"template":"","format":"standard","meta":{"footnotes":""},"categories":[18,30],"tags":[],"class_list":["post-236153","post","type-post","status-publish","format-standard","has-post-thumbnail","hentry","category-alcinopolis","category-figueirao"],"_links":{"self":[{"href":"https:\/\/www.ocorreionews.com.br\/acervo-correio\/index.php?rest_route=\/wp\/v2\/posts\/236153","targetHints":{"allow":["GET"]}}],"collection":[{"href":"https:\/\/www.ocorreionews.com.br\/acervo-correio\/index.php?rest_route=\/wp\/v2\/posts"}],"about":[{"href":"https:\/\/www.ocorreionews.com.br\/acervo-correio\/index.php?rest_route=\/wp\/v2\/types\/post"}],"author":[{"embeddable":true,"href":"https:\/\/www.ocorreionews.com.br\/acervo-correio\/index.php?rest_route=\/wp\/v2\/users\/4"}],"replies":[{"embeddable":true,"href":"https:\/\/www.ocorreionews.com.br\/acervo-correio\/index.php?rest_route=%2Fwp%2Fv2%2Fcomments&post=236153"}],"version-history":[{"count":1,"href":"https:\/\/www.ocorreionews.com.br\/acervo-correio\/index.php?rest_route=\/wp\/v2\/posts\/236153\/revisions"}],"predecessor-version":[{"id":236154,"href":"https:\/\/www.ocorreionews.com.br\/acervo-correio\/index.php?rest_route=\/wp\/v2\/posts\/236153\/revisions\/236154"}],"wp:featuredmedia":[{"embeddable":true,"href":"https:\/\/www.ocorreionews.com.br\/acervo-correio\/index.php?rest_route=\/wp\/v2\/media\/206861"}],"wp:attachment":[{"href":"https:\/\/www.ocorreionews.com.br\/acervo-correio\/index.php?rest_route=%2Fwp%2Fv2%2Fmedia&parent=236153"}],"wp:term":[{"taxonomy":"category","embeddable":true,"href":"https:\/\/www.ocorreionews.com.br\/acervo-correio\/index.php?rest_route=%2Fwp%2Fv2%2Fcategories&post=236153"},{"taxonomy":"post_tag","embeddable":true,"href":"https:\/\/www.ocorreionews.com.br\/acervo-correio\/index.php?rest_route=%2Fwp%2Fv2%2Ftags&post=236153"}],"curies":[{"name":"wp","href":"https:\/\/api.w.org\/{rel}","templated":true}]}}