{"id":236207,"date":"2023-04-05T10:10:03","date_gmt":"2023-04-05T14:10:03","guid":{"rendered":"https:\/\/www.ocorreionews.com.br\/acervo-correio\/?p=236207"},"modified":"2023-04-05T14:10:56","modified_gmt":"2023-04-05T18:10:56","slug":"chapadao-do-sul-recebe-a-chancela-educacao-empreendedora-em-todas-as-escolas-municipais","status":"publish","type":"post","link":"https:\/\/www.ocorreionews.com.br\/acervo-correio\/?p=236207","title":{"rendered":"Chapad\u00e3o do Sul recebe a Chancela Educa\u00e7\u00e3o Empreendedora em todas as escolas municipais"},"content":{"rendered":"<p>Como forma de reconhecer o trabalho desenvolvido por escolas municipais de Chapad\u00e3o do Sul no \u00e2mbito da forma\u00e7\u00e3o de jovens empreendedores, o Sebrae\/MS concede \u00e0s institui\u00e7\u00f5es de ensino a Chancela Educa\u00e7\u00e3o Empreendedora. Nesta ter\u00e7a-feira, 4, e quarta-feira, 5, sete unidades escolares foram presenteadas com uma placa que destaca o alto grau de implementa\u00e7\u00e3o de metodologias voltadas para o empreendedorismo.<\/p>\n<p>De acordo com o Centro Sebrae de Refer\u00eancia em Educa\u00e7\u00e3o Empreendedora (CER), o \u00edndice atingido pelas Escolas Municipais Aroeira e Integral Semear foi de 98%, enquanto a Escola Municipal Carlos Drummond de Andrade alcan\u00e7ou 97%. J\u00e1 a Escola Municipal Pedra Branca atingiu o \u00edndice de 93%, a Ribeir\u00e3o Polo 89%, a \u00c9rico Ver\u00edssimo 84% e a Cecilia Meireles 82%. Em todos os casos, o resultado obtido pelas unidades escolares foi superior \u00e0 m\u00e9dia exigida para institui\u00e7\u00f5es avan\u00e7adas que, atualmente, \u00e9 de 79%.<\/p>\n<p>O descerramento da placa foi feito na sede de cada escola municipal e contou com a presen\u00e7a de pais, alunos e servidores que participaram do projeto no decorrer do ano.<\/p>\n<p>Representando o prefeito Jo\u00e3o Carlos Krug que n\u00e3o pode comparecer \u00e0 cerim\u00f4nia por quest\u00f5es de sa\u00fade, o secret\u00e1rio de educa\u00e7\u00e3o e cultura de Chapad\u00e3o do Sul, Guerino Perius, esteve presente e destacou a import\u00e2ncia da chancela para a educa\u00e7\u00e3o de Chapad\u00e3o do Sul. \u201cA rede municipal de Chapad\u00e3o do Sul se sente muito lisonjeada e, realmente, agradece a todo o empenho de nossos servidores juntamente com a parceria da equipe do Sebrae. Realmente, esse trabalho nos trouxe novos horizontes, conquistas e planejamentos\u201d. Perius tamb\u00e9m ressaltou a caracter\u00edstica empreendedora da cidade e a import\u00e2ncia de buscar oportunidades para os jovens no mercado de trabalho. \u201cHoje somos parceiros de todo o Sistema S, e principalmente com o Sebrae, esperamos que a gente possa desenvolver v\u00e1rias a\u00e7\u00f5es durante 2023\u201d, concluiu o secret\u00e1rio.<\/p>\n<p>&nbsp;<\/p>\n<p>O Executivo Municipal parabeniza a todos que se dedicaram e n\u00e3o mediram esfor\u00e7os para transformar nossas escolas em escolas empreendedoras.<\/p>\n<p>&nbsp;<\/p>\n<p>&nbsp;<\/p>\n<p>*Assecom PMCS<\/p>\n","protected":false},"excerpt":{"rendered":"<p>Como forma de reconhecer o trabalho desenvolvido por escolas municipais de Chapad\u00e3o do Sul no \u00e2mbito da forma\u00e7\u00e3o de jovens empreendedores, o Sebrae\/MS concede \u00e0s institui\u00e7\u00f5es de ensino a Chancela Educa\u00e7\u00e3o Empreendedora. Nesta ter\u00e7a-feira, 4, e quarta-feira, 5, sete unidades escolares foram presenteadas com uma placa que destaca o alto grau de implementa\u00e7\u00e3o de metodologias [&hellip;]<\/p>\n","protected":false},"author":5,"featured_media":236208,"comment_status":"closed","ping_status":"closed","sticky":false,"template":"","format":"standard","meta":{"footnotes":""},"categories":[23,41],"tags":[],"class_list":["post-236207","post","type-post","status-publish","format-standard","has-post-thumbnail","hentry","category-chapadao-do-sul","category-destaque"],"_links":{"self":[{"href":"https:\/\/www.ocorreionews.com.br\/acervo-correio\/index.php?rest_route=\/wp\/v2\/posts\/236207","targetHints":{"allow":["GET"]}}],"collection":[{"href":"https:\/\/www.ocorreionews.com.br\/acervo-correio\/index.php?rest_route=\/wp\/v2\/posts"}],"about":[{"href":"https:\/\/www.ocorreionews.com.br\/acervo-correio\/index.php?rest_route=\/wp\/v2\/types\/post"}],"author":[{"embeddable":true,"href":"https:\/\/www.ocorreionews.com.br\/acervo-correio\/index.php?rest_route=\/wp\/v2\/users\/5"}],"replies":[{"embeddable":true,"href":"https:\/\/www.ocorreionews.com.br\/acervo-correio\/index.php?rest_route=%2Fwp%2Fv2%2Fcomments&post=236207"}],"version-history":[{"count":1,"href":"https:\/\/www.ocorreionews.com.br\/acervo-correio\/index.php?rest_route=\/wp\/v2\/posts\/236207\/revisions"}],"predecessor-version":[{"id":236212,"href":"https:\/\/www.ocorreionews.com.br\/acervo-correio\/index.php?rest_route=\/wp\/v2\/posts\/236207\/revisions\/236212"}],"wp:featuredmedia":[{"embeddable":true,"href":"https:\/\/www.ocorreionews.com.br\/acervo-correio\/index.php?rest_route=\/wp\/v2\/media\/236208"}],"wp:attachment":[{"href":"https:\/\/www.ocorreionews.com.br\/acervo-correio\/index.php?rest_route=%2Fwp%2Fv2%2Fmedia&parent=236207"}],"wp:term":[{"taxonomy":"category","embeddable":true,"href":"https:\/\/www.ocorreionews.com.br\/acervo-correio\/index.php?rest_route=%2Fwp%2Fv2%2Fcategories&post=236207"},{"taxonomy":"post_tag","embeddable":true,"href":"https:\/\/www.ocorreionews.com.br\/acervo-correio\/index.php?rest_route=%2Fwp%2Fv2%2Ftags&post=236207"}],"curies":[{"name":"wp","href":"https:\/\/api.w.org\/{rel}","templated":true}]}}