{"id":236209,"date":"2023-04-05T10:14:55","date_gmt":"2023-04-05T14:14:55","guid":{"rendered":"https:\/\/www.ocorreionews.com.br\/acervo-correio\/?p=236209"},"modified":"2023-04-05T10:58:59","modified_gmt":"2023-04-05T14:58:59","slug":"quatro-criancas-sao-mortas-em-ataque-a-creche-em-blumenau-homem-foi-preso","status":"publish","type":"post","link":"https:\/\/www.ocorreionews.com.br\/acervo-correio\/?p=236209","title":{"rendered":"Quatro crian\u00e7as s\u00e3o mortas em ataque a creche em Blumenau; homem foi preso"},"content":{"rendered":"<div id=\"chunk-bvhq\">\n<div class=\"mc-column content-text active-extra-styles \" data-block-type=\"unstyled\" data-block-weight=\"31\" data-block-id=\"3\">\n<p class=\"content-text__container \" data-track-category=\"Link no Texto\" data-track-links=\"\">Uma creche foi alvo de um ataque na manh\u00e3 desta quarta-feira (5) em Blumenau, no Vale do Itaja\u00ed, em Santa Catarina. Quatro crian\u00e7as foram mortas e quatro ficaram feridas.<\/p>\n<p data-track-category=\"Link no Texto\" data-track-links=\"\">\n<\/div>\n<\/div>\n<div class=\"wall protected-content\">\n<div id=\"chunk-4a79q\">\n<div class=\"mc-column content-text active-extra-styles \" data-block-type=\"unstyled\" data-block-weight=\"28\" data-block-id=\"4\">\n<p class=\"content-text__container \" data-track-category=\"Link no Texto\" data-track-links=\"\">O ataque aconteceu no in\u00edcio da manh\u00e3 na creche Cantinho Bom Pastor, que fica na rua dos Ca\u00e7adores, no bairro Velha. A unidade de ensino \u00e9 particular.<\/p>\n<p>&nbsp;<\/p>\n<div class=\"mtr-atomic mtr-atomic-backstage-photo backstage-photo-wrapper\">\n<div class=\"backstage-photo\"><picture><source srcset=\"https:\/\/s2.glbimg.com\/N8hzUak9ewffLsZ30T3ooBpGdgc=\/0x0:1600x1200\/540x0\/smart\/filters:quality(70)\/i.s3.glbimg.com\/v1\/AUTH_da025474c0c44edd99332dddb09cabe8\/internal_photos\/bs\/2023\/M\/j\/y9ykXQTYuP2jMXATTYNA\/whatsapp-image-2023-04-05-at-10.30.05.jpeg\" media=\"(max-width: 375px)\" \/><source srcset=\"https:\/\/s2.glbimg.com\/7xHwKnp7optOQHC_Xxh6XtzI8zE=\/0x0:1600x1200\/810x0\/smart\/filters:quality(70)\/i.s3.glbimg.com\/v1\/AUTH_da025474c0c44edd99332dddb09cabe8\/internal_photos\/bs\/2023\/M\/j\/y9ykXQTYuP2jMXATTYNA\/whatsapp-image-2023-04-05-at-10.30.05.jpeg\" media=\"(max-width: 769px)\" \/><\/picture>\n<figure style=\"width: 1080px\" class=\"wp-caption aligncenter\"><img loading=\"lazy\" decoding=\"async\" src=\"https:\/\/s2.glbimg.com\/arNyMJerRerj6LreVlGm7bt67rY=\/0x0:1600x1200\/1080x0\/smart\/filters:quality(70)\/i.s3.glbimg.com\/v1\/AUTH_da025474c0c44edd99332dddb09cabe8\/internal_photos\/bs\/2023\/M\/j\/y9ykXQTYuP2jMXATTYNA\/whatsapp-image-2023-04-05-at-10.30.05.jpeg\" alt=\"Um homem invadiu a creche Cantinho Bom Pastor armado com uma machadinha na manh\u00e3 desta quarta-feira, em Blumenau, e matou pelo menos quatro crian\u00e7as\" width=\"1080\" height=\"810\" \/><figcaption class=\"wp-caption-text\">Um homem invadiu a creche Cantinho Bom Pastor armado com uma machadinha na manh\u00e3 desta quarta-feira, em Blumenau, e matou pelo menos quatro crian\u00e7as (Foto: Divulga\u00e7\u00e3o\/CBMSC)<\/figcaption><\/figure>\n<\/div>\n<p class=\"backstage-media-description\">\n<\/div>\n<p data-track-category=\"Link no Texto\" data-track-links=\"\">\n<\/div>\n<\/div>\n<div id=\"chunk-aljof\">\n<div class=\"mc-column content-text active-extra-styles \" data-block-type=\"unstyled\" data-block-weight=\"23\" data-block-id=\"5\">\n<p class=\"content-text__container \" data-track-category=\"Link no Texto\" data-track-links=\"\">Na a\u00e7\u00e3o, quatro crian\u00e7as foram mortas, entre elas tr\u00eas meninos e uma menina com idades de 4 a 7 anos. As v\u00edtimas s\u00e3o:<\/p>\n<p data-track-category=\"Link no Texto\" data-track-links=\"\">\n<\/div>\n<\/div>\n<div class=\"mc-column content-text active-extra-styles\" data-block-type=\"raw\" data-block-weight=\"25\" data-block-id=\"6\">\n<p class=\"content-text__container\">\n<ul class=\"content-unordered-list\">\n<li>Bernardo Cunha Machado &#8211; 5 anos<\/li>\n<li>Bernardo Pabest da Cunha &#8211; 4 anos<\/li>\n<li>Larissa Maia Toldo &#8211; 7 anos<\/li>\n<li>Enzo Marchesin Barbosa &#8211; 4 anos<\/li>\n<\/ul>\n<p>&nbsp;<\/p>\n<\/div>\n<div id=\"chunk-ojm5\">\n<div class=\"content-ads content-ads--reveal\" data-block-type=\"ads\" data-block-id=\"7\">\n<div><\/div>\n<\/div>\n<\/div>\n<div id=\"chunk-6rk38\">\n<div class=\"mc-column content-text active-extra-styles \" data-block-type=\"unstyled\" data-block-weight=\"42\" data-block-id=\"8\">\n<p class=\"content-text__container \" data-track-category=\"Link no Texto\" data-track-links=\"\">Segundo a pol\u00edcia, um homem de 25 anos pulou o muro da creche e iniciou o ataque contra as crian\u00e7as com uma machadinha. As v\u00edtimas foram atingidas na regi\u00e3o da cabe\u00e7a. Ap\u00f3s a a\u00e7\u00e3o, ele se entregou no Batalh\u00e3o da PM.<\/p>\n<p data-track-category=\"Link no Texto\" data-track-links=\"\">\n<\/div>\n<\/div>\n<div class=\"mc-column content-text active-extra-styles\" data-block-type=\"raw\" data-block-weight=\"30\" data-block-id=\"9\">\n<p>&nbsp;<\/p>\n<\/div>\n<\/div>\n<div id=\"chunk-8c470\">\n<div class=\"mc-column content-text active-extra-styles \" data-block-type=\"unstyled\" data-block-weight=\"40\" data-block-id=\"11\">\n<p class=\"content-text__container \" data-track-category=\"Link no Texto\" data-track-links=\"\">Ap\u00f3s saber dos ataques, os pais das crian\u00e7as foram ao local o clima era de desespero. Inicialmente, apenas os agentes de seguran\u00e7a entraram no local para o resgate das v\u00edtimas, e os sobreviventes foram sendo liberados pouco a pouco.<\/p>\n<\/div>\n<\/div>\n<div id=\"chunk-fjsvk\">\n<div class=\"content-ads content-ads--reveal\" data-block-type=\"ads\" data-block-id=\"12\">\n<div><\/div>\n<\/div>\n<\/div>\n<div id=\"chunk-10k3l\">\n<div class=\"mc-column content-text active-extra-styles \" data-block-type=\"unstyled\" data-block-weight=\"29\" data-block-id=\"13\">\n<p class=\"content-text__container \" data-track-category=\"Link no Texto\" data-track-links=\"\">Na frente da escola, pais se aglomeravam em busca de not\u00edcias. At\u00e9 \u00e0s 10h, todas as crian\u00e7as j\u00e1 tiham sido retiradas da creche e estavam com suas fam\u00edlias.<\/p>\n<p data-track-category=\"Link no Texto\" data-track-links=\"\">\n<\/div>\n<\/div>\n<div id=\"chunk-2qj1g\">\n<div class=\"row medium-uncollapsed content-media content-photo\" data-block-type=\"backstage-photo\" data-block-id=\"14\">\n<div class=\"mc-column content-media__container\">\n<div class=\"content-media-container glb-skeleton-box\">\n<figure class=\"content-media-figure\">\n<p><figure style=\"width: 647px\" class=\"wp-caption aligncenter\"><img loading=\"lazy\" decoding=\"async\" class=\"i-amphtml-fill-content i-amphtml-replaced-content\" src=\"https:\/\/s2.glbimg.com\/ZjpVwviLiO1xwsPW56iKAchLzmw=\/0x0:238x437\/984x0\/smart\/filters:strip_icc()\/i.s3.glbimg.com\/v1\/AUTH_59edd422c0c84a879bd37670ae4f538a\/internal_photos\/bs\/2023\/n\/h\/OgeraFSIu8vTBWLRfLfA\/suspeito-preso-em-blumenau.jpg\" sizes=\"auto, (max-width: 1366px) 648px, 100vw\" srcset=\"https:\/\/s2.glbimg.com\/JVy7oY8G6QzTCIexvTTWkDxu49s=\/0x0:238x437\/1000x0\/smart\/filters:strip_icc()\/i.s3.glbimg.com\/v1\/AUTH_59edd422c0c84a879bd37670ae4f538a\/internal_photos\/bs\/2023\/n\/h\/OgeraFSIu8vTBWLRfLfA\/suspeito-preso-em-blumenau.jpg 1000w, https:\/\/s2.glbimg.com\/ZjpVwviLiO1xwsPW56iKAchLzmw=\/0x0:238x437\/984x0\/smart\/filters:strip_icc()\/i.s3.glbimg.com\/v1\/AUTH_59edd422c0c84a879bd37670ae4f538a\/internal_photos\/bs\/2023\/n\/h\/OgeraFSIu8vTBWLRfLfA\/suspeito-preso-em-blumenau.jpg 984w, https:\/\/s2.glbimg.com\/QBdvd2e-_DSsXYbfbLjESgJyPyg=\/0x0:238x437\/640x0\/smart\/filters:strip_icc()\/i.s3.glbimg.com\/v1\/AUTH_59edd422c0c84a879bd37670ae4f538a\/internal_photos\/bs\/2023\/n\/h\/OgeraFSIu8vTBWLRfLfA\/suspeito-preso-em-blumenau.jpg 640w, https:\/\/s2.glbimg.com\/sotNLh6v09PT0W88hSFqjOYiIjo=\/0x0:238x437\/600x0\/smart\/filters:strip_icc()\/i.s3.glbimg.com\/v1\/AUTH_59edd422c0c84a879bd37670ae4f538a\/internal_photos\/bs\/2023\/n\/h\/OgeraFSIu8vTBWLRfLfA\/suspeito-preso-em-blumenau.jpg 600w\" alt=\"Suspeito de ataque em creche de Blumenau foi preso na manh\u00e3 desta quarta-feira \u2014 Foto: Reprodu\u00e7\u00e3o\/ Redes sociais\" width=\"647\" height=\"1189\" \/><figcaption class=\"wp-caption-text\">Suspeito de ataque em creche de Blumenau foi preso na manh\u00e3 desta quarta-feira \u2014 Foto: Reprodu\u00e7\u00e3o\/ Redes sociais<\/figcaption><\/figure><\/figure>\n<\/div>\n<p class=\"content-media__description \">\n<\/div>\n<\/div>\n<\/div>\n<p>&nbsp;<\/p>\n<div class=\"mc-column content-text active-extra-styles\" data-block-type=\"raw\" data-block-weight=\"6\" data-block-id=\"16\">\n<p class=\"content-text__container\">\n<div class=\"content-intertitle\">\n<h2>Investiga\u00e7\u00e3o de mais envolvidos em ataque<\/h2>\n<\/div>\n<\/div>\n<p>&nbsp;<\/p>\n<div id=\"chunk-39vr1\">\n<div class=\"mc-column content-text active-extra-styles \" data-block-type=\"unstyled\" data-block-weight=\"34\" data-block-id=\"17\">\n<p class=\"content-text__container \" data-track-category=\"Link no Texto\" data-track-links=\"\">Segundo o delegado-geral, Ulisses Gabriel, a pol\u00edcia ainda est\u00e1 sendo apurado se h\u00e1 mais envolvidos no ataque e a Delegacia de Repress\u00e3o a Crimes de Inform\u00e1tica vai apurar se o ataque foi organizado online.<\/p>\n<p data-track-category=\"Link no Texto\" data-track-links=\"\">\n<\/div>\n<\/div>\n<div id=\"chunk-dsrtj\">\n<div class=\"mc-column content-text active-extra-styles \" data-block-type=\"unstyled\" data-block-weight=\"25\" data-block-id=\"18\">\n<p class=\"content-text__container \" data-track-category=\"Link no Texto\" data-track-links=\"\">&#8220;A gente quer identificar se tem mais algum participante, se mais algu\u00e9m participou, como ele tramou esse plano, onde ele obteve informa\u00e7\u00f5es&#8221;, disse o delegado-geral.<\/p>\n<\/div>\n<\/div>\n<div id=\"chunk-am7ii\">\n<div class=\"content-ads content-ads--reveal\" data-block-type=\"ads\" data-block-id=\"19\">\n<div><\/div>\n<\/div>\n<\/div>\n<div id=\"chunk-e5jkn\">\n<div class=\"mc-column content-text active-extra-styles \" data-block-type=\"unstyled\" data-block-weight=\"48\" data-block-id=\"20\">\n<p class=\"content-text__container \" data-track-category=\"Link no Texto\" data-track-links=\"\">O ataque ocorre menos de dez dias ap\u00f3s uma escola em S\u00e3o Paulo ser alvo de um aluno adolescente que matou uma professora com golpes de faca e deixou outras tr\u00eas feridas, al\u00e9m de um estudante. Desde 2011, mais de 10 escolas foram atacadas por criminosos no Brasil.<\/p>\n<p data-track-category=\"Link no Texto\" data-track-links=\"\">\n<\/div>\n<\/div>\n<div id=\"chunk-20e9b\">\n<div class=\"row medium-uncollapsed content-media content-photo\" data-block-type=\"backstage-photo\" data-block-id=\"21\">\n<div class=\"mc-column content-media__container\">\n<div class=\"content-media-container glb-skeleton-box\">\n<figure class=\"content-media-figure\">\n<p><figure style=\"width: 647px\" class=\"wp-caption aligncenter\"><img loading=\"lazy\" decoding=\"async\" class=\"i-amphtml-fill-content i-amphtml-replaced-content\" src=\"https:\/\/s2.glbimg.com\/yGDXsEm5txl3f6-OZOowjbbB7TA=\/0x0:1200x2047\/984x0\/smart\/filters:strip_icc()\/i.s3.glbimg.com\/v1\/AUTH_59edd422c0c84a879bd37670ae4f538a\/internal_photos\/bs\/2023\/y\/6\/BitELBRqWxdsHPCUVhbw\/0504-ataque-2-.jpg\" sizes=\"auto, (max-width: 1366px) 648px, 100vw\" srcset=\"https:\/\/s2.glbimg.com\/UUMkv0C3iL8AkELWM5QB39hOQC0=\/0x0:1200x2047\/1000x0\/smart\/filters:strip_icc()\/i.s3.glbimg.com\/v1\/AUTH_59edd422c0c84a879bd37670ae4f538a\/internal_photos\/bs\/2023\/y\/6\/BitELBRqWxdsHPCUVhbw\/0504-ataque-2-.jpg 1000w, https:\/\/s2.glbimg.com\/yGDXsEm5txl3f6-OZOowjbbB7TA=\/0x0:1200x2047\/984x0\/smart\/filters:strip_icc()\/i.s3.glbimg.com\/v1\/AUTH_59edd422c0c84a879bd37670ae4f538a\/internal_photos\/bs\/2023\/y\/6\/BitELBRqWxdsHPCUVhbw\/0504-ataque-2-.jpg 984w, https:\/\/s2.glbimg.com\/DfwLpDGPfe3qtzCT9U0-z2PpQNo=\/0x0:1200x2047\/640x0\/smart\/filters:strip_icc()\/i.s3.glbimg.com\/v1\/AUTH_59edd422c0c84a879bd37670ae4f538a\/internal_photos\/bs\/2023\/y\/6\/BitELBRqWxdsHPCUVhbw\/0504-ataque-2-.jpg 640w, https:\/\/s2.glbimg.com\/IN2Kt33ENNn82HiTP2JQ0oKI818=\/0x0:1200x2047\/600x0\/smart\/filters:strip_icc()\/i.s3.glbimg.com\/v1\/AUTH_59edd422c0c84a879bd37670ae4f538a\/internal_photos\/bs\/2023\/y\/6\/BitELBRqWxdsHPCUVhbw\/0504-ataque-2-.jpg 600w\" alt=\"Assassino matou quatro crian\u00e7as em Blumenau \u2014 Foto: Arte\/g1\" width=\"647\" height=\"1105\" \/><figcaption class=\"wp-caption-text\">Assassino matou quatro crian\u00e7as em Blumenau \u2014 Foto: Arte\/g1<\/figcaption><\/figure><\/figure>\n<\/div>\n<p title=\"Caroline Borges e John Pacheco, g1 SC\">\n<p title=\"Caroline Borges e John Pacheco, g1 SC\">\n<p class=\"content-publication-data__from\" title=\"Caroline Borges e John Pacheco, g1 SC\">Por Caroline Borges e John Pacheco, g1 SC<\/p>\n<p>&nbsp;<\/p>\n<\/div>\n<\/div>\n<\/div>\n","protected":false},"excerpt":{"rendered":"<p>Uma creche foi alvo de um ataque na manh\u00e3 desta quarta-feira (5) em Blumenau, no Vale do Itaja\u00ed, em Santa Catarina. Quatro crian\u00e7as foram mortas e quatro ficaram feridas. O ataque aconteceu no in\u00edcio da manh\u00e3 na creche Cantinho Bom Pastor, que fica na rua dos Ca\u00e7adores, no bairro Velha. A unidade de ensino \u00e9 [&hellip;]<\/p>\n","protected":false},"author":4,"featured_media":236226,"comment_status":"closed","ping_status":"closed","sticky":false,"template":"","format":"standard","meta":{"footnotes":""},"categories":[41,38],"tags":[],"class_list":["post-236209","post","type-post","status-publish","format-standard","has-post-thumbnail","hentry","category-destaque","category-policia"],"_links":{"self":[{"href":"https:\/\/www.ocorreionews.com.br\/acervo-correio\/index.php?rest_route=\/wp\/v2\/posts\/236209","targetHints":{"allow":["GET"]}}],"collection":[{"href":"https:\/\/www.ocorreionews.com.br\/acervo-correio\/index.php?rest_route=\/wp\/v2\/posts"}],"about":[{"href":"https:\/\/www.ocorreionews.com.br\/acervo-correio\/index.php?rest_route=\/wp\/v2\/types\/post"}],"author":[{"embeddable":true,"href":"https:\/\/www.ocorreionews.com.br\/acervo-correio\/index.php?rest_route=\/wp\/v2\/users\/4"}],"replies":[{"embeddable":true,"href":"https:\/\/www.ocorreionews.com.br\/acervo-correio\/index.php?rest_route=%2Fwp%2Fv2%2Fcomments&post=236209"}],"version-history":[{"count":1,"href":"https:\/\/www.ocorreionews.com.br\/acervo-correio\/index.php?rest_route=\/wp\/v2\/posts\/236209\/revisions"}],"predecessor-version":[{"id":236227,"href":"https:\/\/www.ocorreionews.com.br\/acervo-correio\/index.php?rest_route=\/wp\/v2\/posts\/236209\/revisions\/236227"}],"wp:featuredmedia":[{"embeddable":true,"href":"https:\/\/www.ocorreionews.com.br\/acervo-correio\/index.php?rest_route=\/wp\/v2\/media\/236226"}],"wp:attachment":[{"href":"https:\/\/www.ocorreionews.com.br\/acervo-correio\/index.php?rest_route=%2Fwp%2Fv2%2Fmedia&parent=236209"}],"wp:term":[{"taxonomy":"category","embeddable":true,"href":"https:\/\/www.ocorreionews.com.br\/acervo-correio\/index.php?rest_route=%2Fwp%2Fv2%2Fcategories&post=236209"},{"taxonomy":"post_tag","embeddable":true,"href":"https:\/\/www.ocorreionews.com.br\/acervo-correio\/index.php?rest_route=%2Fwp%2Fv2%2Ftags&post=236209"}],"curies":[{"name":"wp","href":"https:\/\/api.w.org\/{rel}","templated":true}]}}