{"id":236225,"date":"2023-04-05T13:49:34","date_gmt":"2023-04-05T17:49:34","guid":{"rendered":"https:\/\/www.ocorreionews.com.br\/acervo-correio\/?p=236225"},"modified":"2023-04-05T13:49:34","modified_gmt":"2023-04-05T17:49:34","slug":"vereadores-de-alcinopolis-aprovaram-tres-projeto-do-executivo","status":"publish","type":"post","link":"https:\/\/www.ocorreionews.com.br\/acervo-correio\/?p=236225","title":{"rendered":"Vereadores de Alcin\u00f3polis aprovaram tr\u00eas projeto do Executivo"},"content":{"rendered":"<p class=\"x_MsoNormal\">Na manh\u00e3 do dia 03 de abril os vereadores reuniram-se para a realiza\u00e7\u00e3o de mais uma Sess\u00e3o Ordin\u00e1ria, tendo como destaques a vota\u00e7\u00e3o de tr\u00eas Projetos de Lei Complementares, de autoria do Executivo Municipal.<\/p>\n<p class=\"x_MsoNormal\">O primeiro Projeto de Lei Complementar votado foi o de n\u00ba 002\/23, que estabelece o regime jur\u00eddico estatut\u00e1rio aos servidores p\u00fablicos da administra\u00e7\u00e3o direta, indireta ou fundacional de Alcin\u00f3polis; o segundo foi o Projeto de Lei Complementar n\u00ba 003\/23, que disp\u00f5e sobre a consolida\u00e7\u00e3o da legisla\u00e7\u00e3o sobre o Plano de Cargos e Remunera\u00e7\u00e3o dos servidores do Poder Executivo Municipal de Alcin\u00f3polis; e o terceiro, e \u00faltimo, foi o Projeto de Lei Complementar n\u00ba 004\/23, que disp\u00f5e sobre a estrutura administrativa do Poder Executivo de Alcin\u00f3polis. Os tr\u00eas aprovados com unanimidade dos votos dos vereadores presentes.<\/p>\n<p class=\"x_MsoNormal\">A pr\u00f3xima Sess\u00e3o est\u00e1 prevista para o dia 10 de abril, \u00e0s 09h00 e tamb\u00e9m ser\u00e1 transmitida pelas m\u00eddias sociais oficiais do Poder Legislativo Municipal, atrav\u00e9s de Live, e pela R\u00e1dio Educativa FM.<\/p>\n<p class=\"x_MsoNormal\">\n<p class=\"x_MsoNormal\">&#8212;<\/p>\n<p class=\"x_MsoNormal\"><i>C\u00e2mara Municipal de Alcin\u00f3polis \u2013 MS<\/i><\/p>\n<p class=\"x_MsoNormal\"><i>Assessoria de Comunica\u00e7\u00e3o \u2013 ASCOM<\/i><\/p>\n<p class=\"x_MsoNormal\"><i>Jornalista Bruna Souza<\/i><\/p>\n","protected":false},"excerpt":{"rendered":"<p>Na manh\u00e3 do dia 03 de abril os vereadores reuniram-se para a realiza\u00e7\u00e3o de mais uma Sess\u00e3o Ordin\u00e1ria, tendo como destaques a vota\u00e7\u00e3o de tr\u00eas Projetos de Lei Complementares, de autoria do Executivo Municipal. O primeiro Projeto de Lei Complementar votado foi o de n\u00ba 002\/23, que estabelece o regime jur\u00eddico estatut\u00e1rio aos servidores p\u00fablicos [&hellip;]<\/p>\n","protected":false},"author":4,"featured_media":236234,"comment_status":"closed","ping_status":"closed","sticky":false,"template":"","format":"standard","meta":{"footnotes":""},"categories":[18,20],"tags":[],"class_list":["post-236225","post","type-post","status-publish","format-standard","has-post-thumbnail","hentry","category-alcinopolis","category-camara-municipal"],"_links":{"self":[{"href":"https:\/\/www.ocorreionews.com.br\/acervo-correio\/index.php?rest_route=\/wp\/v2\/posts\/236225","targetHints":{"allow":["GET"]}}],"collection":[{"href":"https:\/\/www.ocorreionews.com.br\/acervo-correio\/index.php?rest_route=\/wp\/v2\/posts"}],"about":[{"href":"https:\/\/www.ocorreionews.com.br\/acervo-correio\/index.php?rest_route=\/wp\/v2\/types\/post"}],"author":[{"embeddable":true,"href":"https:\/\/www.ocorreionews.com.br\/acervo-correio\/index.php?rest_route=\/wp\/v2\/users\/4"}],"replies":[{"embeddable":true,"href":"https:\/\/www.ocorreionews.com.br\/acervo-correio\/index.php?rest_route=%2Fwp%2Fv2%2Fcomments&post=236225"}],"version-history":[{"count":1,"href":"https:\/\/www.ocorreionews.com.br\/acervo-correio\/index.php?rest_route=\/wp\/v2\/posts\/236225\/revisions"}],"predecessor-version":[{"id":236236,"href":"https:\/\/www.ocorreionews.com.br\/acervo-correio\/index.php?rest_route=\/wp\/v2\/posts\/236225\/revisions\/236236"}],"wp:featuredmedia":[{"embeddable":true,"href":"https:\/\/www.ocorreionews.com.br\/acervo-correio\/index.php?rest_route=\/wp\/v2\/media\/236234"}],"wp:attachment":[{"href":"https:\/\/www.ocorreionews.com.br\/acervo-correio\/index.php?rest_route=%2Fwp%2Fv2%2Fmedia&parent=236225"}],"wp:term":[{"taxonomy":"category","embeddable":true,"href":"https:\/\/www.ocorreionews.com.br\/acervo-correio\/index.php?rest_route=%2Fwp%2Fv2%2Fcategories&post=236225"},{"taxonomy":"post_tag","embeddable":true,"href":"https:\/\/www.ocorreionews.com.br\/acervo-correio\/index.php?rest_route=%2Fwp%2Fv2%2Ftags&post=236225"}],"curies":[{"name":"wp","href":"https:\/\/api.w.org\/{rel}","templated":true}]}}