{"id":236228,"date":"2023-04-05T13:42:46","date_gmt":"2023-04-05T17:42:46","guid":{"rendered":"https:\/\/www.ocorreionews.com.br\/acervo-correio\/?p=236228"},"modified":"2023-04-05T13:42:46","modified_gmt":"2023-04-05T17:42:46","slug":"prefeito-dalmy-crisostomo-sanciona-a-lei-do-plano-de-cargos-e-remuneracao-dos-servidores-do-executivo-municipal","status":"publish","type":"post","link":"https:\/\/www.ocorreionews.com.br\/acervo-correio\/?p=236228","title":{"rendered":"Prefeito Dalmy Cris\u00f3stomo sanciona a Lei do Plano de Cargos e Remunera\u00e7\u00e3o dos Servidores do Executivo Municipal."},"content":{"rendered":"<p>Na manh\u00e3 desta quarta-feira o Prefeito de Alcin\u00f3polis, Dalmy Cris\u00f3stomo da Silva, acompanhado do Vice-prefeito Valter Roniz, recebeu em seu gabinete, representantes do Legislativo Municipal e os representantes do Sindicato dos Servidores, para a assinatura que sancionou a Lei Complementar 87\/2023, estabelece o regime jur\u00eddico estatut\u00e1rio aos Servidores P\u00fablicos do munic\u00edpio de Alcin\u00f3polis e consolida a Legisla\u00e7\u00e3o sobre o Plano de Cargos e Remunera\u00e7\u00e3o dos Servidores do Executivo Municipal.<\/p>\n<p>PCR \u00e9 criado por lei e regulamenta um conjunto de normas que regem a carreira dos profissionais de uma determinada categoria. O PCR deve ter como pressuposto a valoriza\u00e7\u00e3o que se expressa, entre outros fatores, em uma remunera\u00e7\u00e3o condigna, desenvolvimento de processos formativos e condi\u00e7\u00f5es dignas de trabalho.<\/p>\n<p>No ato da assinatura o prefeito Dalmy Cris\u00f3stomo, lembrou que h\u00e1 muitos anos, os servidores vinham tentando essa conquista e com ele havia prometido, nessa data est\u00e1 realizando o sonho de todos servidores. Agradeceu ao apoio restrito de todos os vereadores que apoiaram o projeto.<\/p>\n<p><a href=\"https:\/\/www.ocorreionews.com.br\/acervo-correio\/wp-content\/uploads\/2023\/04\/dalmy-lei-estatuto-servidor.png\"><img loading=\"lazy\" decoding=\"async\" class=\"alignnone size-full wp-image-236229\" src=\"https:\/\/www.ocorreionews.com.br\/acervo-correio\/wp-content\/uploads\/2023\/04\/dalmy-lei-estatuto-servidor.png\" alt=\"\" width=\"457\" height=\"251\" srcset=\"https:\/\/www.ocorreionews.com.br\/acervo-correio\/wp-content\/uploads\/2023\/04\/dalmy-lei-estatuto-servidor.png 457w, https:\/\/www.ocorreionews.com.br\/acervo-correio\/wp-content\/uploads\/2023\/04\/dalmy-lei-estatuto-servidor-300x165.png 300w\" sizes=\"auto, (max-width: 457px) 100vw, 457px\" \/><\/a> <a href=\"https:\/\/www.ocorreionews.com.br\/acervo-correio\/wp-content\/uploads\/2023\/04\/dalmy-lei-estatuto-servidor2.png\"><img loading=\"lazy\" decoding=\"async\" class=\"alignnone size-full wp-image-236230\" src=\"https:\/\/www.ocorreionews.com.br\/acervo-correio\/wp-content\/uploads\/2023\/04\/dalmy-lei-estatuto-servidor2.png\" alt=\"\" width=\"445\" height=\"224\" srcset=\"https:\/\/www.ocorreionews.com.br\/acervo-correio\/wp-content\/uploads\/2023\/04\/dalmy-lei-estatuto-servidor2.png 445w, https:\/\/www.ocorreionews.com.br\/acervo-correio\/wp-content\/uploads\/2023\/04\/dalmy-lei-estatuto-servidor2-300x151.png 300w\" sizes=\"auto, (max-width: 445px) 100vw, 445px\" \/><\/a><\/p>\n<p>O presidente da C\u00e2mara vereador afirmou que esse projeto era um anseio de todos os servidores e parabenizou o prefeito por poder realizar esse sonho.<\/p>\n<p>O representante do Sindicato, Lucimar Rocha afirmou que \u00e9 uma conquista de todos, e agradeceu ao prefeito que prometeu fazer essa reformula\u00e7\u00e3o e hoje se concretiza.<\/p>\n<p>Participaram, os vereadores Ademir M\u00fcller, \u00c2ngelo do Nicola, Evaldo Furtado, Izabel do Zezinho e Onilza Matias, assim como tamb\u00e9m os representantes do Sindicato dos Trabalhadores, Lucimar, Paulo C\u00e9sar, Roger e J\u00e2nio<\/p>\n","protected":false},"excerpt":{"rendered":"<p>Na manh\u00e3 desta quarta-feira o Prefeito de Alcin\u00f3polis, Dalmy Cris\u00f3stomo da Silva, acompanhado do Vice-prefeito Valter Roniz, recebeu em seu gabinete, representantes do Legislativo Municipal e os representantes do Sindicato dos Servidores, para a assinatura que sancionou a Lei Complementar 87\/2023, estabelece o regime jur\u00eddico estatut\u00e1rio aos Servidores P\u00fablicos do munic\u00edpio de Alcin\u00f3polis e consolida [&hellip;]<\/p>\n","protected":false},"author":4,"featured_media":236231,"comment_status":"closed","ping_status":"closed","sticky":false,"template":"","format":"standard","meta":{"footnotes":""},"categories":[18,41],"tags":[],"class_list":["post-236228","post","type-post","status-publish","format-standard","has-post-thumbnail","hentry","category-alcinopolis","category-destaque"],"_links":{"self":[{"href":"https:\/\/www.ocorreionews.com.br\/acervo-correio\/index.php?rest_route=\/wp\/v2\/posts\/236228","targetHints":{"allow":["GET"]}}],"collection":[{"href":"https:\/\/www.ocorreionews.com.br\/acervo-correio\/index.php?rest_route=\/wp\/v2\/posts"}],"about":[{"href":"https:\/\/www.ocorreionews.com.br\/acervo-correio\/index.php?rest_route=\/wp\/v2\/types\/post"}],"author":[{"embeddable":true,"href":"https:\/\/www.ocorreionews.com.br\/acervo-correio\/index.php?rest_route=\/wp\/v2\/users\/4"}],"replies":[{"embeddable":true,"href":"https:\/\/www.ocorreionews.com.br\/acervo-correio\/index.php?rest_route=%2Fwp%2Fv2%2Fcomments&post=236228"}],"version-history":[{"count":1,"href":"https:\/\/www.ocorreionews.com.br\/acervo-correio\/index.php?rest_route=\/wp\/v2\/posts\/236228\/revisions"}],"predecessor-version":[{"id":236232,"href":"https:\/\/www.ocorreionews.com.br\/acervo-correio\/index.php?rest_route=\/wp\/v2\/posts\/236228\/revisions\/236232"}],"wp:featuredmedia":[{"embeddable":true,"href":"https:\/\/www.ocorreionews.com.br\/acervo-correio\/index.php?rest_route=\/wp\/v2\/media\/236231"}],"wp:attachment":[{"href":"https:\/\/www.ocorreionews.com.br\/acervo-correio\/index.php?rest_route=%2Fwp%2Fv2%2Fmedia&parent=236228"}],"wp:term":[{"taxonomy":"category","embeddable":true,"href":"https:\/\/www.ocorreionews.com.br\/acervo-correio\/index.php?rest_route=%2Fwp%2Fv2%2Fcategories&post=236228"},{"taxonomy":"post_tag","embeddable":true,"href":"https:\/\/www.ocorreionews.com.br\/acervo-correio\/index.php?rest_route=%2Fwp%2Fv2%2Ftags&post=236228"}],"curies":[{"name":"wp","href":"https:\/\/api.w.org\/{rel}","templated":true}]}}