{"id":236233,"date":"2023-04-05T14:21:10","date_gmt":"2023-04-05T18:21:10","guid":{"rendered":"https:\/\/www.ocorreionews.com.br\/acervo-correio\/?p=236233"},"modified":"2023-04-05T14:21:10","modified_gmt":"2023-04-05T18:21:10","slug":"caos-total-hospitais-em-ms-continuam-com-superlotacoes-e-enfrentam-falta-de-leitos","status":"publish","type":"post","link":"https:\/\/www.ocorreionews.com.br\/acervo-correio\/?p=236233","title":{"rendered":"Caos total: hospitais em MS continuam com superlota\u00e7\u00f5es e enfrentam falta de leitos"},"content":{"rendered":"<p>O surgimento de doen\u00e7as respirat\u00f3rias em crian\u00e7as tem refletido tanto em hospitais p\u00fablicos de Campo Grande como em privados. Alguns j\u00e1 trabalham com 100% de ocupa\u00e7\u00e3o, como \u00e9 o caso da Cassems.<\/p>\n<p>O hospital informa que atua com log\u00edstica flex\u00edvel de leitos, adaptando a unidade \u00e0 demanda. No CTI pedi\u00e1trico, a ocupa\u00e7\u00e3o tem permanecido com 100%, al\u00e9m de ter m\u00e9dia di\u00e1ria de 20 crian\u00e7as ocupando as unidades de interna\u00e7\u00e3o. No geral, a ocupa\u00e7\u00e3o hospitalar no local est\u00e1 em 95%.<\/p>\n<p>Na \u00faltima segunda-feira (3), a banc\u00e1ria Lidiane Maria de Oliveira, de 43 anos, precisou levar o filho de 7 anos para atendimento na Cassems. Ele foi diagnosticado com virose, apresentando v\u00f4mito e mal-estar.<\/p>\n<p>Conforme ela detalha, v\u00e1rias crian\u00e7as estavam no pronto atendimento e foi informada que a enfermaria estava lotada. O filho fez exame de sangue, ficou por 6 horas tomando soro na veia e foi liberado.<\/p>\n<p>Na Santa Casa, a \u00e1rea vermelha do pronto-socorro tem 11 pacientes, sendo a capacidade para apenas seis leitos. S\u00e3o nove internados aguardando leitos de terapia intensiva e enfermaria.<\/p>\n<p>J\u00e1 na \u00e1rea verde do pronto-socorro, s\u00e3o 32 pacientes, sendo 18 internados e os demais em observa\u00e7\u00e3o aguardando leitos de enfermaria e centro cir\u00fargico. Nesta unidade, a capacidade \u00e9 de sete leitos.<\/p>\n<p>Al\u00e9m disso, a Santa Casa tamb\u00e9m est\u00e1 esperando a chegada de mais tr\u00eas pacientes graves para a \u00e1rea vermelha e mais oito para a \u00e1rea verde.<\/p>\n<p>Na \u00e1rea vermelha pedi\u00e1trica, s\u00e3o cinco pacientes graves, sendo quatro intubados. A capacidade t\u00e9cnica \u00e9 de apenas tr\u00eas leitos. J\u00e1 a \u00e1rea verde tem 14 pacientes, sendo cinco internados.<\/p>\n<p>\u201cRessaltamos que o hospital segue sem condi\u00e7\u00f5es t\u00e9cnicas para receber pacientes at\u00e9 que a situa\u00e7\u00e3o da superlota\u00e7\u00e3o se resolva. O risco de desassist\u00eancia j\u00e1 foi refor\u00e7ado \u00e0s autoridades envolvidas (Sesau, MP e CRM)\u201d, diz parte da nota do hospital.<\/p>\n<p>Na vis\u00e3o do diretor t\u00e9cnico do hospital, William Lemos, \u00e9 necess\u00e1rio um olhar mais atento para melhorar a gest\u00e3o, para atender de forma mais r\u00e1pida, come\u00e7ando na aten\u00e7\u00e3o b\u00e1sica, para chegar menos pacientes graves nos hospitais.<\/p>\n<p>Ainda de acordo com Lemos, atualmente, s\u00e3o 45 pacientes no pronto-socorro, sendo que aproximadamente 30 aguardam um leito. Em rela\u00e7\u00e3o \u00e0 alta hospitalar, s\u00e3o 70 por dia, por outro lado, o pronto-socorro recebe cerca de 100 a 110 pacientes di\u00e1rios.<\/p>\n<p>Por meio de nota, a Unimed Campo Grande disse que a UTI Pedi\u00e1trica Mista do hospital conta com dez leitos neonatal e pedi\u00e1trico. No entanto, n\u00e3o p\u00f4de repassar a demanda por ocupa\u00e7\u00e3o, devido \u00e0 rotatividade de atendimentos.<\/p>\n<figure style=\"width: 400px\" class=\"wp-caption alignleft\"><img loading=\"lazy\" decoding=\"async\" class=\"img-fluid\" src=\"https:\/\/cdn6.campograndenews.com.br\/uploads\/noticias\/2023\/04\/05\/2yhxmfu1m3acg.jpeg\" sizes=\"auto, (min-width: 1024px) calc(.5 * (100vw - 21.875em)), 100vw\" srcset=\"https:\/\/cdn6.campograndenews.com.br\/uploads\/noticias\/2023\/04\/05\/2elewv0zrxno0.jpeg 1024w, https:\/\/cdn6.campograndenews.com.br\/uploads\/noticias\/2023\/04\/05\/3nkk1dqbfqskw.jpeg 640w, https:\/\/cdn6.campograndenews.com.br\/uploads\/noticias\/2023\/04\/05\/2yhxmfu1m3acg.jpeg 320w\" alt=\"Secret\u00e1rio de Sa\u00fade, Sandro Benitez, em audi\u00eancia p\u00fablica na C\u00e2mara Municipal de Campo Grande (Foto: Marcos Maluf)\" width=\"400\" height=\"853\" \/><figcaption class=\"wp-caption-text\">Secret\u00e1rio de Sa\u00fade, Sandro Benitez, em audi\u00eancia p\u00fablica na C\u00e2mara Municipal de Campo Grande (Foto: Marcos Maluf)<\/figcaption><\/figure>\n<p><strong>Leitos \u2013<\/strong> A Sesau (Secretaria Municipal de Sa\u00fade) est\u00e1 em tratativas com hospitais filantr\u00f3picos e particulares de Campo Grande com o objetivo de contratar leitos pedi\u00e1tricos para atender a demanda.<\/p>\n<p>O secret\u00e1rio de Sa\u00fade, Sandro Benitez, disse, durante Audi\u00eancia P\u00fablica na C\u00e2mara Municipal, que Campo Grande tem menos de 30 leitos de UTI pedi\u00e1trico.<\/p>\n<p>\u201cAcho que 30 leitos, hoje, a gente desafoga, n\u00f3s temos uma m\u00e9dia de 30 a 50 crian\u00e7as para conseguir uma vaga hospitalar. Com 30 leitos eu desafogo e eu consigo dar vaz\u00e3o e um melhor atendimento para as crian\u00e7as dentro do hospital\u201d, destaca.<\/p>\n<p>Benitez alerta ainda que n\u00e3o \u00e9 o momento de ir para balada, bares, passear com crian\u00e7as em shoppings e nem receber visitas.<\/p>\n<p>Por Izabela Cavalcanti &#8211;\u00a0 CAMPO GRANDE NEWS<\/p>\n","protected":false},"excerpt":{"rendered":"<p>O surgimento de doen\u00e7as respirat\u00f3rias em crian\u00e7as tem refletido tanto em hospitais p\u00fablicos de Campo Grande como em privados. Alguns j\u00e1 trabalham com 100% de ocupa\u00e7\u00e3o, como \u00e9 o caso da Cassems. O hospital informa que atua com log\u00edstica flex\u00edvel de leitos, adaptando a unidade \u00e0 demanda. No CTI pedi\u00e1trico, a ocupa\u00e7\u00e3o tem permanecido com [&hellip;]<\/p>\n","protected":false},"author":5,"featured_media":236251,"comment_status":"closed","ping_status":"closed","sticky":false,"template":"","format":"standard","meta":{"footnotes":""},"categories":[39],"tags":[],"class_list":["post-236233","post","type-post","status-publish","format-standard","has-post-thumbnail","hentry","category-saude"],"_links":{"self":[{"href":"https:\/\/www.ocorreionews.com.br\/acervo-correio\/index.php?rest_route=\/wp\/v2\/posts\/236233","targetHints":{"allow":["GET"]}}],"collection":[{"href":"https:\/\/www.ocorreionews.com.br\/acervo-correio\/index.php?rest_route=\/wp\/v2\/posts"}],"about":[{"href":"https:\/\/www.ocorreionews.com.br\/acervo-correio\/index.php?rest_route=\/wp\/v2\/types\/post"}],"author":[{"embeddable":true,"href":"https:\/\/www.ocorreionews.com.br\/acervo-correio\/index.php?rest_route=\/wp\/v2\/users\/5"}],"replies":[{"embeddable":true,"href":"https:\/\/www.ocorreionews.com.br\/acervo-correio\/index.php?rest_route=%2Fwp%2Fv2%2Fcomments&post=236233"}],"version-history":[{"count":1,"href":"https:\/\/www.ocorreionews.com.br\/acervo-correio\/index.php?rest_route=\/wp\/v2\/posts\/236233\/revisions"}],"predecessor-version":[{"id":236252,"href":"https:\/\/www.ocorreionews.com.br\/acervo-correio\/index.php?rest_route=\/wp\/v2\/posts\/236233\/revisions\/236252"}],"wp:featuredmedia":[{"embeddable":true,"href":"https:\/\/www.ocorreionews.com.br\/acervo-correio\/index.php?rest_route=\/wp\/v2\/media\/236251"}],"wp:attachment":[{"href":"https:\/\/www.ocorreionews.com.br\/acervo-correio\/index.php?rest_route=%2Fwp%2Fv2%2Fmedia&parent=236233"}],"wp:term":[{"taxonomy":"category","embeddable":true,"href":"https:\/\/www.ocorreionews.com.br\/acervo-correio\/index.php?rest_route=%2Fwp%2Fv2%2Fcategories&post=236233"},{"taxonomy":"post_tag","embeddable":true,"href":"https:\/\/www.ocorreionews.com.br\/acervo-correio\/index.php?rest_route=%2Fwp%2Fv2%2Ftags&post=236233"}],"curies":[{"name":"wp","href":"https:\/\/api.w.org\/{rel}","templated":true}]}}