{"id":236235,"date":"2023-04-05T13:56:36","date_gmt":"2023-04-05T17:56:36","guid":{"rendered":"https:\/\/www.ocorreionews.com.br\/acervo-correio\/?p=236235"},"modified":"2023-04-05T13:56:36","modified_gmt":"2023-04-05T17:56:36","slug":"legislativo-divulga-pauta-prevista-para-a-proxima-sessao-ordinaria-13","status":"publish","type":"post","link":"https:\/\/www.ocorreionews.com.br\/acervo-correio\/?p=236235","title":{"rendered":"Legislativo divulga pauta prevista para a pr\u00f3xima Sess\u00e3o Ordin\u00e1ria"},"content":{"rendered":"<p class=\"x_MsoNormal\">A pr\u00f3xima Sess\u00e3o Ordin\u00e1ria est\u00e1 programada para acontecer no dia 10 de abril, no Plen\u00e1rio \u201cAdolfo Alves Carneiro.<\/p>\n<p class=\"x_MsoNormal\">Para esta Sess\u00e3o est\u00e1 prevista a apresenta\u00e7\u00e3o da Indica\u00e7\u00e3o n\u00ba 34\/23, de autoria do vereador Ademir M\u00fcller (PSDB), solicitando a regulamenta\u00e7\u00e3o da concess\u00e3o de gratifica\u00e7\u00e3o por desempenho da fun\u00e7\u00e3o de motorista do transporte escolar.<\/p>\n<p class=\"x_MsoNormal\">A Sess\u00e3o est\u00e1 prevista para iniciar \u00e0s 09h00 e ser\u00e1 transmitida pelas m\u00eddias sociais oficiais do Poder Legislativo Municipal, atrav\u00e9s de Live, e pela R\u00e1dio Educativa FM.<\/p>\n<p class=\"x_MsoNormal\">\n<p class=\"x_MsoNormal\">&#8212;<\/p>\n<p class=\"x_MsoNormal\"><i>C\u00e2mara Municipal de Alcin\u00f3polis \u2013 MS<\/i><\/p>\n<p class=\"x_MsoNormal\"><i>Assessoria de Comunica\u00e7\u00e3o \u2013 ASCOM<\/i><\/p>\n<p class=\"x_MsoNormal\"><i>Jornalista Bruna Souza<\/i><\/p>\n<p class=\"x_MsoNormal\">\n<p class=\"x_MsoNormal\" aria-hidden=\"true\">\n<div><\/div>\n","protected":false},"excerpt":{"rendered":"<p>A pr\u00f3xima Sess\u00e3o Ordin\u00e1ria est\u00e1 programada para acontecer no dia 10 de abril, no Plen\u00e1rio \u201cAdolfo Alves Carneiro. Para esta Sess\u00e3o est\u00e1 prevista a apresenta\u00e7\u00e3o da Indica\u00e7\u00e3o n\u00ba 34\/23, de autoria do vereador Ademir M\u00fcller (PSDB), solicitando a regulamenta\u00e7\u00e3o da concess\u00e3o de gratifica\u00e7\u00e3o por desempenho da fun\u00e7\u00e3o de motorista do transporte escolar. A Sess\u00e3o est\u00e1 [&hellip;]<\/p>\n","protected":false},"author":4,"featured_media":203629,"comment_status":"closed","ping_status":"closed","sticky":false,"template":"","format":"standard","meta":{"footnotes":""},"categories":[18,20],"tags":[],"class_list":["post-236235","post","type-post","status-publish","format-standard","has-post-thumbnail","hentry","category-alcinopolis","category-camara-municipal"],"_links":{"self":[{"href":"https:\/\/www.ocorreionews.com.br\/acervo-correio\/index.php?rest_route=\/wp\/v2\/posts\/236235","targetHints":{"allow":["GET"]}}],"collection":[{"href":"https:\/\/www.ocorreionews.com.br\/acervo-correio\/index.php?rest_route=\/wp\/v2\/posts"}],"about":[{"href":"https:\/\/www.ocorreionews.com.br\/acervo-correio\/index.php?rest_route=\/wp\/v2\/types\/post"}],"author":[{"embeddable":true,"href":"https:\/\/www.ocorreionews.com.br\/acervo-correio\/index.php?rest_route=\/wp\/v2\/users\/4"}],"replies":[{"embeddable":true,"href":"https:\/\/www.ocorreionews.com.br\/acervo-correio\/index.php?rest_route=%2Fwp%2Fv2%2Fcomments&post=236235"}],"version-history":[{"count":1,"href":"https:\/\/www.ocorreionews.com.br\/acervo-correio\/index.php?rest_route=\/wp\/v2\/posts\/236235\/revisions"}],"predecessor-version":[{"id":236239,"href":"https:\/\/www.ocorreionews.com.br\/acervo-correio\/index.php?rest_route=\/wp\/v2\/posts\/236235\/revisions\/236239"}],"wp:featuredmedia":[{"embeddable":true,"href":"https:\/\/www.ocorreionews.com.br\/acervo-correio\/index.php?rest_route=\/wp\/v2\/media\/203629"}],"wp:attachment":[{"href":"https:\/\/www.ocorreionews.com.br\/acervo-correio\/index.php?rest_route=%2Fwp%2Fv2%2Fmedia&parent=236235"}],"wp:term":[{"taxonomy":"category","embeddable":true,"href":"https:\/\/www.ocorreionews.com.br\/acervo-correio\/index.php?rest_route=%2Fwp%2Fv2%2Fcategories&post=236235"},{"taxonomy":"post_tag","embeddable":true,"href":"https:\/\/www.ocorreionews.com.br\/acervo-correio\/index.php?rest_route=%2Fwp%2Fv2%2Ftags&post=236235"}],"curies":[{"name":"wp","href":"https:\/\/api.w.org\/{rel}","templated":true}]}}