{"id":236326,"date":"2023-04-07T08:02:29","date_gmt":"2023-04-07T12:02:29","guid":{"rendered":"https:\/\/www.ocorreionews.com.br\/acervo-correio\/?p=236326"},"modified":"2023-04-06T14:06:54","modified_gmt":"2023-04-06T18:06:54","slug":"2a-expo-rica-abrira-chamamento-publico-para-cantores-locais-se-apresentarem-na-praca-de-alimentacao","status":"publish","type":"post","link":"https:\/\/www.ocorreionews.com.br\/acervo-correio\/?p=236326","title":{"rendered":"2\u00aa Expo Rica abrir\u00e1 chamamento p\u00fablico para cantores locais se apresentarem na Pra\u00e7a de Alimenta\u00e7\u00e3o"},"content":{"rendered":"<div class=\"ntc_cont_descricao_noticia sw_txteditor\">\n<p>O Munic\u00edpio de Costa Rica est\u00e1 abrindo um chamamento p\u00fablico para cantores locais interessados em se apresentar na 2\u00aa Expo Rica &#8211; Exposi\u00e7\u00e3o Agropecu\u00e1ria de Costa Rica, que ocorrer\u00e1 entre os dias 11 e 14 de maio de 2023, no Parque de Exposi\u00e7\u00f5es Laerte Paes Coelho. O credenciamento acontecer\u00e1 entre os dias 25 de abril a 03 de maio e tem como objetivo celebrar uma parceria entre a Secretaria Municipal de Turismo, Meio Ambiente, Esporte e Cultura e os interessados por meio da autoriza\u00e7\u00e3o tempor\u00e1ria de apresenta\u00e7\u00e3o na Pra\u00e7a de Alimenta\u00e7\u00e3o.<\/p>\n<p>Segundo o secret\u00e1rio da pasta, Jo\u00e3o Carlos Candido Rocha, a 2\u00aa Expo Rica \u00e9 um dos maiores eventos do munic\u00edpio e oferece seis vagas com dura\u00e7\u00e3o m\u00ednima de duas horas e valor de R$ 3 mil para os candidatos interessados. As inscri\u00e7\u00f5es podem ser feitas na Secretaria de Turismo, localizada na Avenida Jo\u00e3o de Barro, 209, Jardim Bela Vista, ap\u00f3s a ponte nova, de segunda a sexta-feira, das 7h \u00e0s 11h e das 13h \u00e0s 17h. Mais informa\u00e7\u00f5es podem ser obtidas pelo telefone (67) 3247-7070.<\/p>\n<p>O edital de chamamento p\u00fablico cont\u00e9m a documenta\u00e7\u00e3o exigida para a habilita\u00e7\u00e3o das pessoas jur\u00eddicas interessadas em fazer parte do evento. O edital foi publicado na edi\u00e7\u00e3o n\u00ba 3428 do Di\u00e1rio Oficial do Munic\u00edpio na \u00faltima sexta-feira (31). Esta \u00e9 uma oportunidade para os cantores da regi\u00e3o mostrarem o seu talento e se apresentarem em um dos maiores eventos do munic\u00edpio.<\/p>\n<\/div>\n<div class=\"ntc_area_info_noticia sw_lato\">\n<div>\n<div class=\"ntc_info_noticia\"><strong class=\"sw_lato_black\">Fonte: <\/strong>Assessoria de Comunica\u00e7\u00e3o &#8211; PMCR,<strong class=\"sw_lato_black\">\u00a0<\/strong>Silvestre de Castro<\/div>\n<\/div>\n<\/div>\n","protected":false},"excerpt":{"rendered":"<p>O Munic\u00edpio de Costa Rica est\u00e1 abrindo um chamamento p\u00fablico para cantores locais interessados em se apresentar na 2\u00aa Expo Rica &#8211; Exposi\u00e7\u00e3o Agropecu\u00e1ria de Costa Rica, que ocorrer\u00e1 entre os dias 11 e 14 de maio de 2023, no Parque de Exposi\u00e7\u00f5es Laerte Paes Coelho. O credenciamento acontecer\u00e1 entre os dias 25 de abril [&hellip;]<\/p>\n","protected":false},"author":5,"featured_media":236328,"comment_status":"closed","ping_status":"closed","sticky":false,"template":"","format":"standard","meta":{"footnotes":""},"categories":[25],"tags":[],"class_list":["post-236326","post","type-post","status-publish","format-standard","has-post-thumbnail","hentry","category-costa-rica"],"_links":{"self":[{"href":"https:\/\/www.ocorreionews.com.br\/acervo-correio\/index.php?rest_route=\/wp\/v2\/posts\/236326","targetHints":{"allow":["GET"]}}],"collection":[{"href":"https:\/\/www.ocorreionews.com.br\/acervo-correio\/index.php?rest_route=\/wp\/v2\/posts"}],"about":[{"href":"https:\/\/www.ocorreionews.com.br\/acervo-correio\/index.php?rest_route=\/wp\/v2\/types\/post"}],"author":[{"embeddable":true,"href":"https:\/\/www.ocorreionews.com.br\/acervo-correio\/index.php?rest_route=\/wp\/v2\/users\/5"}],"replies":[{"embeddable":true,"href":"https:\/\/www.ocorreionews.com.br\/acervo-correio\/index.php?rest_route=%2Fwp%2Fv2%2Fcomments&post=236326"}],"version-history":[{"count":1,"href":"https:\/\/www.ocorreionews.com.br\/acervo-correio\/index.php?rest_route=\/wp\/v2\/posts\/236326\/revisions"}],"predecessor-version":[{"id":236333,"href":"https:\/\/www.ocorreionews.com.br\/acervo-correio\/index.php?rest_route=\/wp\/v2\/posts\/236326\/revisions\/236333"}],"wp:featuredmedia":[{"embeddable":true,"href":"https:\/\/www.ocorreionews.com.br\/acervo-correio\/index.php?rest_route=\/wp\/v2\/media\/236328"}],"wp:attachment":[{"href":"https:\/\/www.ocorreionews.com.br\/acervo-correio\/index.php?rest_route=%2Fwp%2Fv2%2Fmedia&parent=236326"}],"wp:term":[{"taxonomy":"category","embeddable":true,"href":"https:\/\/www.ocorreionews.com.br\/acervo-correio\/index.php?rest_route=%2Fwp%2Fv2%2Fcategories&post=236326"},{"taxonomy":"post_tag","embeddable":true,"href":"https:\/\/www.ocorreionews.com.br\/acervo-correio\/index.php?rest_route=%2Fwp%2Fv2%2Ftags&post=236326"}],"curies":[{"name":"wp","href":"https:\/\/api.w.org\/{rel}","templated":true}]}}