{"id":236370,"date":"2023-04-07T07:19:39","date_gmt":"2023-04-07T11:19:39","guid":{"rendered":"https:\/\/www.ocorreionews.com.br\/acervo-correio\/?p=236370"},"modified":"2023-04-07T07:19:39","modified_gmt":"2023-04-07T11:19:39","slug":"prefeitura-atraves-da-secretaria-de-assistencia-social-faz-entrega-de-ovos-de-pascoa-para-criancas-das-redes-municipal-e-estadual-de-ensino","status":"publish","type":"post","link":"https:\/\/www.ocorreionews.com.br\/acervo-correio\/?p=236370","title":{"rendered":"Prefeitura atrav\u00e9s da Secretaria de Assist\u00eancia Social faz entrega de ovos de P\u00e1scoa para crian\u00e7as das redes Municipal e Estadual de ensino"},"content":{"rendered":"<div dir=\"auto\">O Prefeito Dalmy Cris\u00f3stomo, acompanhado do Vice-prefeito Valter Roniz, Secret\u00e1rio de Assist\u00eancia Social, Alo\u00edsio Martins e Secret\u00e1rio de Educa\u00e7\u00e3o, Jesus Aparecido, estiveram nas unidades escolares, EMAC, CMEI, EMMAM, EERCC, al\u00e9m da APAE E CONVIVER onde fizeram a entrega de ovos de P\u00e1scoa.<\/div>\n<div dir=\"auto\"><\/div>\n<div dir=\"auto\">O Prefeito Dalmy parabenizou todos os envolvidos no projeto e disse que \u00e9 muito gratificante poder proporcionar alegria a nossas crian\u00e7as e vov\u00f3s e vov\u00f4s. Finalizou desejando \u00e0 todos uma Feliz P\u00e1scoa.<\/div>\n<div dir=\"auto\"><a href=\"https:\/\/www.ocorreionews.com.br\/acervo-correio\/wp-content\/uploads\/2023\/04\/pascoa3-1.jpg\"><img loading=\"lazy\" decoding=\"async\" class=\"alignnone size-full wp-image-236373\" src=\"https:\/\/www.ocorreionews.com.br\/acervo-correio\/wp-content\/uploads\/2023\/04\/pascoa3-1.jpg\" alt=\"\" width=\"1080\" height=\"565\" srcset=\"https:\/\/www.ocorreionews.com.br\/acervo-correio\/wp-content\/uploads\/2023\/04\/pascoa3-1.jpg 1080w, https:\/\/www.ocorreionews.com.br\/acervo-correio\/wp-content\/uploads\/2023\/04\/pascoa3-1-300x157.jpg 300w, https:\/\/www.ocorreionews.com.br\/acervo-correio\/wp-content\/uploads\/2023\/04\/pascoa3-1-1024x536.jpg 1024w, https:\/\/www.ocorreionews.com.br\/acervo-correio\/wp-content\/uploads\/2023\/04\/pascoa3-1-768x402.jpg 768w\" sizes=\"auto, (max-width: 1080px) 100vw, 1080px\" \/><\/a><\/div>\n<div dir=\"auto\"><\/div>\n<div dir=\"auto\">Alo\u00edsio Martins, em suas palavras, disse que n\u00e3o tem pre\u00e7o ver a felicidade estampada nos olhinhos de cada crian\u00e7a ao receber seu ovo de P\u00e1scoa.<\/div>\n<div dir=\"auto\">Estiveram acompanhando a a\u00e7\u00e3o o presidente da C\u00e2mara, Valdeci Passarinho, os vereadores Ademir M\u00fcller, Evaldo Furtado, Izabel do Zezinho, Onilza Matias e Ros\u00e2ngela Campos.<\/div>\n<p><a href=\"https:\/\/www.ocorreionews.com.br\/acervo-correio\/wp-content\/uploads\/2023\/04\/pascoa-1.jpg\"><img loading=\"lazy\" decoding=\"async\" class=\"alignnone size-full wp-image-236371\" src=\"https:\/\/www.ocorreionews.com.br\/acervo-correio\/wp-content\/uploads\/2023\/04\/pascoa-1.jpg\" alt=\"\" width=\"1080\" height=\"565\" srcset=\"https:\/\/www.ocorreionews.com.br\/acervo-correio\/wp-content\/uploads\/2023\/04\/pascoa-1.jpg 1080w, https:\/\/www.ocorreionews.com.br\/acervo-correio\/wp-content\/uploads\/2023\/04\/pascoa-1-300x157.jpg 300w, https:\/\/www.ocorreionews.com.br\/acervo-correio\/wp-content\/uploads\/2023\/04\/pascoa-1-1024x536.jpg 1024w, https:\/\/www.ocorreionews.com.br\/acervo-correio\/wp-content\/uploads\/2023\/04\/pascoa-1-768x402.jpg 768w\" sizes=\"auto, (max-width: 1080px) 100vw, 1080px\" \/><\/a><\/p>\n<div dir=\"auto\">ASCOM\u00a0 Simone<\/div>\n","protected":false},"excerpt":{"rendered":"<p>O Prefeito Dalmy Cris\u00f3stomo, acompanhado do Vice-prefeito Valter Roniz, Secret\u00e1rio de Assist\u00eancia Social, Alo\u00edsio Martins e Secret\u00e1rio de Educa\u00e7\u00e3o, Jesus Aparecido, estiveram nas unidades escolares, EMAC, CMEI, EMMAM, EERCC, al\u00e9m da APAE E CONVIVER onde fizeram a entrega de ovos de P\u00e1scoa. O Prefeito Dalmy parabenizou todos os envolvidos no projeto e disse que \u00e9 [&hellip;]<\/p>\n","protected":false},"author":4,"featured_media":236372,"comment_status":"closed","ping_status":"closed","sticky":false,"template":"","format":"standard","meta":{"footnotes":""},"categories":[18],"tags":[],"class_list":["post-236370","post","type-post","status-publish","format-standard","has-post-thumbnail","hentry","category-alcinopolis"],"_links":{"self":[{"href":"https:\/\/www.ocorreionews.com.br\/acervo-correio\/index.php?rest_route=\/wp\/v2\/posts\/236370","targetHints":{"allow":["GET"]}}],"collection":[{"href":"https:\/\/www.ocorreionews.com.br\/acervo-correio\/index.php?rest_route=\/wp\/v2\/posts"}],"about":[{"href":"https:\/\/www.ocorreionews.com.br\/acervo-correio\/index.php?rest_route=\/wp\/v2\/types\/post"}],"author":[{"embeddable":true,"href":"https:\/\/www.ocorreionews.com.br\/acervo-correio\/index.php?rest_route=\/wp\/v2\/users\/4"}],"replies":[{"embeddable":true,"href":"https:\/\/www.ocorreionews.com.br\/acervo-correio\/index.php?rest_route=%2Fwp%2Fv2%2Fcomments&post=236370"}],"version-history":[{"count":1,"href":"https:\/\/www.ocorreionews.com.br\/acervo-correio\/index.php?rest_route=\/wp\/v2\/posts\/236370\/revisions"}],"predecessor-version":[{"id":236375,"href":"https:\/\/www.ocorreionews.com.br\/acervo-correio\/index.php?rest_route=\/wp\/v2\/posts\/236370\/revisions\/236375"}],"wp:featuredmedia":[{"embeddable":true,"href":"https:\/\/www.ocorreionews.com.br\/acervo-correio\/index.php?rest_route=\/wp\/v2\/media\/236372"}],"wp:attachment":[{"href":"https:\/\/www.ocorreionews.com.br\/acervo-correio\/index.php?rest_route=%2Fwp%2Fv2%2Fmedia&parent=236370"}],"wp:term":[{"taxonomy":"category","embeddable":true,"href":"https:\/\/www.ocorreionews.com.br\/acervo-correio\/index.php?rest_route=%2Fwp%2Fv2%2Fcategories&post=236370"},{"taxonomy":"post_tag","embeddable":true,"href":"https:\/\/www.ocorreionews.com.br\/acervo-correio\/index.php?rest_route=%2Fwp%2Fv2%2Ftags&post=236370"}],"curies":[{"name":"wp","href":"https:\/\/api.w.org\/{rel}","templated":true}]}}