{"id":236376,"date":"2023-04-07T07:33:51","date_gmt":"2023-04-07T11:33:51","guid":{"rendered":"https:\/\/www.ocorreionews.com.br\/acervo-correio\/?p=236376"},"modified":"2023-04-07T18:55:58","modified_gmt":"2023-04-07T22:55:58","slug":"homem-e-preso-em-flagrante-com-360-quilos-de-pescado-ilegal","status":"publish","type":"post","link":"https:\/\/www.ocorreionews.com.br\/acervo-correio\/?p=236376","title":{"rendered":"Homem \u00e9 preso em flagrante com 360 quilos de pescado ilegal"},"content":{"rendered":"<p>Homem de 34 anos foi autuado com 360 quilos de pescado em barco no caronal que liga Coxim e S\u00e3o Gabriel do Oeste na \u00faltima quarta-feira (5). O indiv\u00edduo foi preso, pagou fian\u00e7a de R$ 6,5 mil e ainda ir\u00e1 arcar com multa de R$ 10,2 mil por crime ambiental de pesca predat\u00f3ria.<\/p>\n<p>De acordo com a PMA (Pol\u00edcia Militar Ambiental), o homem que n\u00e3o teve a identidade divulgada, era procurado desde o \u00faltimo domingo (2). Ele conseguiu escapar do flagrante na situa\u00e7\u00e3o.<\/p>\n<p>Durante a averigua\u00e7\u00e3o, o pescador iniciou novamente a fuga da embarca\u00e7\u00e3o, mas foi alcan\u00e7ado pela equipe moton\u00e1utica. Diversas esp\u00e9cies de peixe, como pintado e cachara, foram encontradas com sinais de captura por rede de pesca.<\/p>\n<p>O pescado e o barco com motor foram apreendidos. O crime prev\u00ea pena de um a tr\u00eas anos em deten\u00e7\u00e3o. A multa ser\u00e1 julgada pelo Imasul (Instituto de Meio Ambiente de Mato Grosso do Sul).<\/p>\n<div style=\"width: 640px;\" class=\"wp-video\"><!--[if lt IE 9]><script>document.createElement('video');<\/script><![endif]-->\n<video class=\"wp-video-shortcode\" id=\"video-236376-1\" width=\"640\" height=\"360\" preload=\"metadata\" controls=\"controls\"><source type=\"video\/mp4\" src=\"https:\/\/www.pm.ms.gov.br\/wp-content\/uploads\/2023\/04\/Pesca-Coxim-6-abril-2023.mp4?_=1\" \/><a href=\"https:\/\/www.pm.ms.gov.br\/wp-content\/uploads\/2023\/04\/Pesca-Coxim-6-abril-2023.mp4\">https:\/\/www.pm.ms.gov.br\/wp-content\/uploads\/2023\/04\/Pesca-Coxim-6-abril-2023.mp4<\/a><\/video><\/div>\n<p>Por Gustavo Bonotto &#8211; CAMPO GRANDE NEWS<\/p>\n","protected":false},"excerpt":{"rendered":"<p>Homem de 34 anos foi autuado com 360 quilos de pescado em barco no caronal que liga Coxim e S\u00e3o Gabriel do Oeste na \u00faltima quarta-feira (5). O indiv\u00edduo foi preso, pagou fian\u00e7a de R$ 6,5 mil e ainda ir\u00e1 arcar com multa de R$ 10,2 mil por crime ambiental de pesca predat\u00f3ria. De acordo [&hellip;]<\/p>\n","protected":false},"author":4,"featured_media":236377,"comment_status":"closed","ping_status":"closed","sticky":false,"template":"","format":"standard","meta":{"footnotes":""},"categories":[38],"tags":[],"class_list":["post-236376","post","type-post","status-publish","format-standard","has-post-thumbnail","hentry","category-policia"],"_links":{"self":[{"href":"https:\/\/www.ocorreionews.com.br\/acervo-correio\/index.php?rest_route=\/wp\/v2\/posts\/236376","targetHints":{"allow":["GET"]}}],"collection":[{"href":"https:\/\/www.ocorreionews.com.br\/acervo-correio\/index.php?rest_route=\/wp\/v2\/posts"}],"about":[{"href":"https:\/\/www.ocorreionews.com.br\/acervo-correio\/index.php?rest_route=\/wp\/v2\/types\/post"}],"author":[{"embeddable":true,"href":"https:\/\/www.ocorreionews.com.br\/acervo-correio\/index.php?rest_route=\/wp\/v2\/users\/4"}],"replies":[{"embeddable":true,"href":"https:\/\/www.ocorreionews.com.br\/acervo-correio\/index.php?rest_route=%2Fwp%2Fv2%2Fcomments&post=236376"}],"version-history":[{"count":1,"href":"https:\/\/www.ocorreionews.com.br\/acervo-correio\/index.php?rest_route=\/wp\/v2\/posts\/236376\/revisions"}],"predecessor-version":[{"id":236401,"href":"https:\/\/www.ocorreionews.com.br\/acervo-correio\/index.php?rest_route=\/wp\/v2\/posts\/236376\/revisions\/236401"}],"wp:featuredmedia":[{"embeddable":true,"href":"https:\/\/www.ocorreionews.com.br\/acervo-correio\/index.php?rest_route=\/wp\/v2\/media\/236377"}],"wp:attachment":[{"href":"https:\/\/www.ocorreionews.com.br\/acervo-correio\/index.php?rest_route=%2Fwp%2Fv2%2Fmedia&parent=236376"}],"wp:term":[{"taxonomy":"category","embeddable":true,"href":"https:\/\/www.ocorreionews.com.br\/acervo-correio\/index.php?rest_route=%2Fwp%2Fv2%2Fcategories&post=236376"},{"taxonomy":"post_tag","embeddable":true,"href":"https:\/\/www.ocorreionews.com.br\/acervo-correio\/index.php?rest_route=%2Fwp%2Fv2%2Ftags&post=236376"}],"curies":[{"name":"wp","href":"https:\/\/api.w.org\/{rel}","templated":true}]}}