{"id":236773,"date":"2023-04-12T10:51:21","date_gmt":"2023-04-12T14:51:21","guid":{"rendered":"https:\/\/www.ocorreionews.com.br\/acervo-correio\/?p=236773"},"modified":"2023-04-12T10:51:21","modified_gmt":"2023-04-12T14:51:21","slug":"alunos-podem-se-inscrever-em-42-cursos-da-uems-usando-historico-escolar","status":"publish","type":"post","link":"https:\/\/www.ocorreionews.com.br\/acervo-correio\/?p=236773","title":{"rendered":"Alunos podem se inscrever em 42 cursos da UEMS usando hist\u00f3rico escolar"},"content":{"rendered":"<p dir=\"ltr\">A Uems (Universidade Estadual de Mato Grosso do Sul) informa que est\u00e3o abertas as inscri\u00e7\u00f5es para o processo seletivo permanente 2023, em que o aluno pode usar a\u00a0nota do &#8220;Hist\u00f3rico Escolar&#8221; para preencher vagas remanescentes nos cursos de gradua\u00e7\u00e3o, que est\u00e3o em lista de espera. S\u00e3o vagas para 42 cursos de gradua\u00e7\u00e3o.<\/p>\n<p dir=\"ltr\">As informa\u00e7\u00f5es sobre esta sele\u00e7\u00e3o contam no <a href=\"http:\/\/www.uems.br\/pro-reitoria\/proe\/dind\/permanente.\"><strong>Portal da UEMS<\/strong>.<\/a>\u00a0As inscri\u00e7\u00f5es s\u00e3o gratuitas e ser\u00e3o realizadas exclusivamente pela internet, at\u00e9 \u00e0s 23h59 do dia 16 de abril de 2023.\u00a0Todos os hor\u00e1rios definidos no edital s\u00e3o os oficiais do Estado de Mato Grosso do Sul.<\/p>\n<p dir=\"ltr\">O candidato\u00a0dever\u00e1 preencher o Formul\u00e1rio (Inscri\u00e7\u00e3o) e anexar o Hist\u00f3rico Escolar do Ensino M\u00e9dio ou Certificado de Conclus\u00e3o do Ensino M\u00e9dio, obtido mediante a participa\u00e7\u00e3o no Encceja (Exame Nacional para Certifica\u00e7\u00e3o de Compet\u00eancias de Jovens e Adultos), emitido pelas institui\u00e7\u00f5es certificadoras (Secretarias Estaduais de Educa\u00e7\u00e3o ou Institutos Federais de Educa\u00e7\u00e3o, Ci\u00eancia e Tecnologia).<\/p>\n<p dir=\"ltr\">Em caso de n\u00e3o efetiva\u00e7\u00e3o da inscri\u00e7\u00e3o, o candidato dever\u00e1 entrar em contato pelo telefone (67) 3902-2516 ou pelo e-mail <a href=\"mailto:dind@uems.br\" target=\"_blank\" rel=\"noopener\"><strong>dind@uems.br<\/strong><\/a>, para verificar o ocorrido.<\/p>\n<p dir=\"ltr\"><strong>Matr\u00edculas<\/strong><\/p>\n<p dir=\"ltr\">Os candidatos classificados ser\u00e3o convocados, de acordo com a necessidade de vagas dispon\u00edveis nos cursos, exclusivamente por meio de editais espec\u00edficos, para realizar sua matr\u00edcula nas datas, hor\u00e1rios e locais especificados nos respectivos editais de convoca\u00e7\u00e3o disponibilizados no<strong><a href=\"http:\/\/www.uems.br\/pro-reitoria\/proe\/dind\/permanente.\"> endere\u00e7o eletr\u00f4nico da Uems\u00a0<\/a><\/strong><\/p>\n<p dir=\"ltr\">Quaisquer d\u00favidas e informa\u00e7\u00f5es suplementares poder\u00e3o ser respondidas pela Divis\u00e3o de Ingresso Discente via telefone (67) 3902-2516 ou por meio eletr\u00f4nico no e-mail <strong><a href=\"mailto:dind@uems.br\" target=\"_blank\" rel=\"noopener\">dind@uems.br<\/a>.<\/strong><\/p>\n<p dir=\"ltr\">\n<p dir=\"ltr\">\n<p dir=\"ltr\"><em>Assessoria UEMS<\/em><\/p>\n","protected":false},"excerpt":{"rendered":"<p>A Uems (Universidade Estadual de Mato Grosso do Sul) informa que est\u00e3o abertas as inscri\u00e7\u00f5es para o processo seletivo permanente 2023, em que o aluno pode usar a\u00a0nota do &#8220;Hist\u00f3rico Escolar&#8221; para preencher vagas remanescentes nos cursos de gradua\u00e7\u00e3o, que est\u00e3o em lista de espera. S\u00e3o vagas para 42 cursos de gradua\u00e7\u00e3o. As informa\u00e7\u00f5es sobre [&hellip;]<\/p>\n","protected":false},"author":5,"featured_media":235074,"comment_status":"closed","ping_status":"closed","sticky":false,"template":"","format":"standard","meta":{"footnotes":""},"categories":[27],"tags":[],"class_list":["post-236773","post","type-post","status-publish","format-standard","has-post-thumbnail","hentry","category-educacao"],"_links":{"self":[{"href":"https:\/\/www.ocorreionews.com.br\/acervo-correio\/index.php?rest_route=\/wp\/v2\/posts\/236773","targetHints":{"allow":["GET"]}}],"collection":[{"href":"https:\/\/www.ocorreionews.com.br\/acervo-correio\/index.php?rest_route=\/wp\/v2\/posts"}],"about":[{"href":"https:\/\/www.ocorreionews.com.br\/acervo-correio\/index.php?rest_route=\/wp\/v2\/types\/post"}],"author":[{"embeddable":true,"href":"https:\/\/www.ocorreionews.com.br\/acervo-correio\/index.php?rest_route=\/wp\/v2\/users\/5"}],"replies":[{"embeddable":true,"href":"https:\/\/www.ocorreionews.com.br\/acervo-correio\/index.php?rest_route=%2Fwp%2Fv2%2Fcomments&post=236773"}],"version-history":[{"count":1,"href":"https:\/\/www.ocorreionews.com.br\/acervo-correio\/index.php?rest_route=\/wp\/v2\/posts\/236773\/revisions"}],"predecessor-version":[{"id":236780,"href":"https:\/\/www.ocorreionews.com.br\/acervo-correio\/index.php?rest_route=\/wp\/v2\/posts\/236773\/revisions\/236780"}],"wp:featuredmedia":[{"embeddable":true,"href":"https:\/\/www.ocorreionews.com.br\/acervo-correio\/index.php?rest_route=\/wp\/v2\/media\/235074"}],"wp:attachment":[{"href":"https:\/\/www.ocorreionews.com.br\/acervo-correio\/index.php?rest_route=%2Fwp%2Fv2%2Fmedia&parent=236773"}],"wp:term":[{"taxonomy":"category","embeddable":true,"href":"https:\/\/www.ocorreionews.com.br\/acervo-correio\/index.php?rest_route=%2Fwp%2Fv2%2Fcategories&post=236773"},{"taxonomy":"post_tag","embeddable":true,"href":"https:\/\/www.ocorreionews.com.br\/acervo-correio\/index.php?rest_route=%2Fwp%2Fv2%2Ftags&post=236773"}],"curies":[{"name":"wp","href":"https:\/\/api.w.org\/{rel}","templated":true}]}}