{"id":236779,"date":"2023-04-12T10:55:48","date_gmt":"2023-04-12T14:55:48","guid":{"rendered":"https:\/\/www.ocorreionews.com.br\/acervo-correio\/?p=236779"},"modified":"2023-04-12T10:55:48","modified_gmt":"2023-04-12T14:55:48","slug":"goias-mudas-de-pequi-sem-espinhos-serao-comercializadas-veja-como-adquirir","status":"publish","type":"post","link":"https:\/\/www.ocorreionews.com.br\/acervo-correio\/?p=236779","title":{"rendered":"Goi\u00e1s: Mudas de pequi sem espinhos ser\u00e3o comercializadas; veja como adquirir"},"content":{"rendered":"<div id=\"chunk-fcec4\">\n<div class=\"mc-column content-text active-extra-styles \" data-block-type=\"unstyled\" data-block-weight=\"48\" data-block-id=\"3\">\n<p class=\"content-text__container \" data-track-category=\"Link no Texto\" data-track-links=\"\">A Ag\u00eancia Goiana de Assist\u00eancia T\u00e9cnica, Extens\u00e3o Rural e Pesquisa Agropecu\u00e1ria (Emater) vai comercializar um lote de 6 mil mudas de pequi sem espinhos para os goianos. A expectativa \u00e9 de que os p\u00e9s fiquem prontos para serem comercializados em setembro deste ano com valor de R$ 50.<\/p>\n<p data-track-category=\"Link no Texto\" data-track-links=\"\">\n<\/div>\n<\/div>\n<div class=\"wall protected-content\">\n<div id=\"chunk-acrhf\">\n<div class=\"mc-column content-text active-extra-styles \" data-block-type=\"unstyled\" data-block-weight=\"23\" data-block-id=\"4\">\n<p class=\"content-text__container \" data-track-category=\"Link no Texto\" data-track-links=\"\">Os interessados em adquirir as mudas precisam entrar no site da Emater e fazer um cadastro na aba \u201cAquisi\u00e7\u00e3o de Mudas de Pequi\u201d.<\/p>\n<p data-track-category=\"Link no Texto\" data-track-links=\"\">\n<\/div>\n<\/div>\n<div id=\"chunk-78d4c\">\n<div class=\"mc-column content-text active-extra-styles \" data-block-type=\"unstyled\" data-block-weight=\"38\" data-block-id=\"6\">\n<p class=\"content-text__container \" data-track-category=\"Link no Texto\" data-track-links=\"\">A Emater divulgou que assim que as mudas estiverem prontas os t\u00e9cnicos v\u00e3o entrar em contato para efetuar a comercializa\u00e7\u00e3o e agendar o dia e hor\u00e1rio de retirada. Qualquer pessoa interessada poder\u00e1 fazer o cadastro, sem crit\u00e9rios espec\u00edficos.<\/p>\n<p data-track-category=\"Link no Texto\" data-track-links=\"\">\n<\/div>\n<\/div>\n<div class=\"mc-column content-text active-extra-styles\" data-block-type=\"raw\" data-block-weight=\"2\" data-block-id=\"10\">\n<div class=\"content-intertitle\">\n<h2>Novos cultivares<\/h2>\n<\/div>\n<p>&nbsp;<\/p>\n<\/div>\n<div id=\"chunk-150ev\">\n<div class=\"row medium-uncollapsed content-media content-photo\" data-block-type=\"backstage-photo\" data-block-id=\"11\">\n<div class=\" mc-column  content-media__container\">\n<div class=\"content-media-container glb-skeleton-box\">\n<figure class=\"content-media-figure\"><img decoding=\"async\" class=\"i-amphtml-fill-content i-amphtml-replaced-content\" src=\"https:\/\/s2.glbimg.com\/NBHWeQjonYLQ-ejkC9gnB9OPBGQ=\/0x0:1700x1065\/984x0\/smart\/filters:strip_icc()\/i.s3.glbimg.com\/v1\/AUTH_59edd422c0c84a879bd37670ae4f538a\/internal_photos\/bs\/2023\/c\/y\/yS6NmDQme7SGs0agPUPQ\/pequi-sem-espinho.png\" sizes=\"(max-width: 1366px) 648px, 100vw\" srcset=\"https:\/\/s2.glbimg.com\/Ov4fXMuAbvFiiD_FUAlO-7gJZrM=\/0x0:1700x1065\/1000x0\/smart\/filters:strip_icc()\/i.s3.glbimg.com\/v1\/AUTH_59edd422c0c84a879bd37670ae4f538a\/internal_photos\/bs\/2023\/c\/y\/yS6NmDQme7SGs0agPUPQ\/pequi-sem-espinho.png 1000w, https:\/\/s2.glbimg.com\/NBHWeQjonYLQ-ejkC9gnB9OPBGQ=\/0x0:1700x1065\/984x0\/smart\/filters:strip_icc()\/i.s3.glbimg.com\/v1\/AUTH_59edd422c0c84a879bd37670ae4f538a\/internal_photos\/bs\/2023\/c\/y\/yS6NmDQme7SGs0agPUPQ\/pequi-sem-espinho.png 984w, https:\/\/s2.glbimg.com\/4s3jOBTSRN5XBds6K4tiSbWJUyo=\/0x0:1700x1065\/640x0\/smart\/filters:strip_icc()\/i.s3.glbimg.com\/v1\/AUTH_59edd422c0c84a879bd37670ae4f538a\/internal_photos\/bs\/2023\/c\/y\/yS6NmDQme7SGs0agPUPQ\/pequi-sem-espinho.png 640w, https:\/\/s2.glbimg.com\/XxIyRy03QffEaV-5qD9VxIaYeJk=\/0x0:1700x1065\/600x0\/smart\/filters:strip_icc()\/i.s3.glbimg.com\/v1\/AUTH_59edd422c0c84a879bd37670ae4f538a\/internal_photos\/bs\/2023\/c\/y\/yS6NmDQme7SGs0agPUPQ\/pequi-sem-espinho.png 600w\" alt=\"Pequi sem espinho, em Goi\u00e1s \u2014 Foto: Reprodu\u00e7\u00e3o\/Nivaldo Ferr\" \/><\/figure>\n<\/div>\n<p class=\"content-media__description  \">Pequi sem espinho, em Goi\u00e1s \u2014 Foto: Reprodu\u00e7\u00e3o\/Nivaldo Ferr<\/p>\n<p>&nbsp;<\/p>\n<\/div>\n<\/div>\n<\/div>\n<div id=\"chunk-frndu\">\n<div class=\"mc-column content-text active-extra-styles \" data-block-type=\"unstyled\" data-block-weight=\"46\" data-block-id=\"12\">\n<p class=\"content-text__container \" data-track-category=\"Link no Texto\" data-track-links=\"\">Em iniciativa que faz parte do programa de da Emater, em parceria com a Empresa Brasileira de Pesquisa Agropecu\u00e1ria (Embrapa), da unidade Cerrados, resultou em seis variedades de pequi, tr\u00eas com espinhos e outras tr\u00eas sem espinhos. Foram 25 anos de pesquisas para chegar aos resultados.<\/p>\n<p data-track-category=\"Link no Texto\" data-track-links=\"\">\n<\/div>\n<\/div>\n<div id=\"chunk-8ojn3\">\n<div class=\"mc-column content-text active-extra-styles \" data-block-type=\"unstyled\" data-block-weight=\"23\" data-block-id=\"13\">\n<p class=\"content-text__container \" data-track-category=\"Link no Texto\" data-track-links=\"\">Esses cultivares foram registrados no Minist\u00e9rio da Agricultura e Pecu\u00e1ria (Mapa) e comercializadas primeiro com viveiristas goianos e com agricultores familiares do Estado.<\/p>\n<p data-track-category=\"Link no Texto\" data-track-links=\"\">\n<\/div>\n<\/div>\n<div id=\"chunk-top2\">\n<div class=\"mc-column content-text active-extra-styles \" data-block-type=\"unstyled\" data-block-weight=\"50\" data-block-id=\"14\">\n<p class=\"content-text__container \" data-track-category=\"Link no Texto\" data-track-links=\"\">O presidente da Ag\u00eancia Goiana, Pedro Leonardo Rezende, explicou que: \u201cAp\u00f3s a conclus\u00e3o dessa pesquisa estamos focando na produ\u00e7\u00e3o de novas mudas. Depois de atender aos agricultores familiares na primeira entrega, grupo priorit\u00e1rio da Emater, estamos trabalhando para acolher essa demanda da sociedade que se interessou pelo cultivo do fruto\u201d.<\/p>\n<p data-track-category=\"Link no Texto\" data-track-links=\"\">\n<\/div>\n<\/div>\n<div id=\"chunk-ffs41\">\n<div class=\"content-ads content-ads--reveal\" data-block-type=\"ads\" data-block-id=\"15\">\n<div id=\"banner_materia__7a0d6ad2-892d-4fcd-94ce-22e4a1316535\" class=\"tag-manager-publicidade-container mc-has-reveal mc-has-ad-lazyload\" data-id=\"banner_materia__7a0d6ad2-892d-4fcd-94ce-22e4a1316535\">\n<div id=\"google_ads_iframe_\/95377733\/tvg_G1\/Sua_Regiao&gt;Centro_Oeste&gt;Goias_4__container__\"><\/div>\n<\/div>\n<\/div>\n<\/div>\n<div id=\"chunk-bv2ni\">\n<div class=\"mc-column content-text active-extra-styles \" data-block-type=\"unstyled\" data-block-weight=\"33\" data-block-id=\"16\">\n<p class=\"content-text__container \" data-track-category=\"Link no Texto\" data-track-links=\"\">A pesquisadora da Emater e o pesquisador da Embrapa Cerrados, Elainy Botelho e Ailton Pereira, explicaram que com o lan\u00e7amento dessas seis novas cultivares desenvolvidas surgiu do interesse da popula\u00e7\u00e3o pelas novas esp\u00e9cies.<\/p>\n<p data-track-category=\"Link no Texto\" data-track-links=\"\">\n<\/div>\n<\/div>\n<div class=\"mc-column content-text active-extra-styles\" data-block-type=\"raw\" data-block-weight=\"25\" data-block-id=\"17\">\n<p class=\"content-text__container\">\n<blockquote class=\"content-blockquote theme-border-color-primary-before\"><p>\u201cPercebemos que existem tamb\u00e9m pessoas que gostariam da muda para consumo pr\u00f3prio, cultivando um ou dois p\u00e9s da planta no quintal, em s\u00edtios\u201d, contou Elainy.<\/p><\/blockquote>\n<\/div>\n<p>&nbsp;<\/p>\n<div id=\"chunk-bp5up\">\n<div class=\"mc-column content-text active-extra-styles \" data-block-type=\"unstyled\" data-block-weight=\"28\" data-block-id=\"18\">\n<p class=\"content-text__container \" data-track-category=\"Link no Texto\" data-track-links=\"\">A Emater lan\u00e7ou tamb\u00e9m cartilhas online com orienta\u00e7\u00f5es sobre o pequi. Quem se interessar pode acessar os links: <a class=\"\" href=\"https:\/\/www.emater.go.gov.br\/wp\/biblioteca_virtual\/cultivares-do-pequizeiro-e-book\/\" target=\"_blank\" rel=\"noopener\">cultivares do pequizeiro<\/a> e <a class=\"\" href=\"https:\/\/www.emater.go.gov.br\/wp\/biblioteca_virtual\/orientacoes-para-o-cultivo-do-pequizeiro-e-book\/\" target=\"_blank\" rel=\"noopener\">orienta\u00e7\u00f5es para o cultivo do pequizeiro<\/a>.<\/p>\n<p data-track-category=\"Link no Texto\" data-track-links=\"\">\n<\/div>\n<\/div>\n<div id=\"chunk-2if4j\">\n<div class=\"mc-column content-text active-extra-styles \" data-block-type=\"unstyled\" data-block-weight=\"17\" data-block-id=\"19\">\n<p class=\"content-text__container \" data-track-category=\"Link no Texto\" data-track-links=\"\">Para d\u00favidas e mais informa\u00e7\u00f5es basta acessar o <a class=\"\" href=\"https:\/\/www.emater.go.gov.br\/wp\/\" target=\"_blank\" rel=\"noopener\">site da Emater<\/a> ou ligar no telefone (62) 3201-3207.<\/p>\n<div class=\"content-media-container glb-skeleton-box\">\n<figure class=\"content-media-figure\">\n<p><figure style=\"width: 647px\" class=\"wp-caption aligncenter\"><img loading=\"lazy\" decoding=\"async\" class=\"i-amphtml-fill-content i-amphtml-replaced-content\" src=\"https:\/\/s2.glbimg.com\/BrdIRCZnEhE7SeeoX7A8p1VQ3AU=\/0x0:1700x1065\/984x0\/smart\/filters:strip_icc()\/i.s3.glbimg.com\/v1\/AUTH_59edd422c0c84a879bd37670ae4f538a\/internal_photos\/bs\/2023\/S\/0\/IMT6BtQ7miNx0qt1G2Mw\/mudas-pequi.png\" sizes=\"auto, (max-width: 1366px) 648px, 100vw\" srcset=\"https:\/\/s2.glbimg.com\/1nBDB_jSUFGOdsd2rnFpwvPeoPk=\/0x0:1700x1065\/1000x0\/smart\/filters:strip_icc()\/i.s3.glbimg.com\/v1\/AUTH_59edd422c0c84a879bd37670ae4f538a\/internal_photos\/bs\/2023\/S\/0\/IMT6BtQ7miNx0qt1G2Mw\/mudas-pequi.png 1000w, https:\/\/s2.glbimg.com\/BrdIRCZnEhE7SeeoX7A8p1VQ3AU=\/0x0:1700x1065\/984x0\/smart\/filters:strip_icc()\/i.s3.glbimg.com\/v1\/AUTH_59edd422c0c84a879bd37670ae4f538a\/internal_photos\/bs\/2023\/S\/0\/IMT6BtQ7miNx0qt1G2Mw\/mudas-pequi.png 984w, https:\/\/s2.glbimg.com\/YGfe9kBdUIWfKWXTRLPgB_Y4sqA=\/0x0:1700x1065\/640x0\/smart\/filters:strip_icc()\/i.s3.glbimg.com\/v1\/AUTH_59edd422c0c84a879bd37670ae4f538a\/internal_photos\/bs\/2023\/S\/0\/IMT6BtQ7miNx0qt1G2Mw\/mudas-pequi.png 640w, https:\/\/s2.glbimg.com\/gtuQs-C5o-QYo5KTEH3lDrIMsFQ=\/0x0:1700x1065\/600x0\/smart\/filters:strip_icc()\/i.s3.glbimg.com\/v1\/AUTH_59edd422c0c84a879bd37670ae4f538a\/internal_photos\/bs\/2023\/S\/0\/IMT6BtQ7miNx0qt1G2Mw\/mudas-pequi.png 600w\" alt=\"Novas mudas de pequi sem espinhos devem ficar prontas em setembro, em Goi\u00e1s \u2014 Foto: Divulga\u00e7\u00e3o\/ Brunno Falc\u00e3o\" width=\"647\" height=\"405\" \/><figcaption class=\"wp-caption-text\">Novas mudas de pequi sem espinhos devem ficar prontas em setembro, em Goi\u00e1s \u2014 Foto: Divulga\u00e7\u00e3o\/ Brunno Falc\u00e3o<\/figcaption><\/figure><\/figure>\n<\/div>\n<p>&nbsp;<\/p>\n<p class=\"content-media__description  \">Por Vin\u00edcius Silva, g1 Goi\u00e1s<\/p>\n<p data-track-category=\"Link no Texto\" data-track-links=\"\">\n<\/div>\n<\/div>\n<\/div>\n","protected":false},"excerpt":{"rendered":"<p>A Ag\u00eancia Goiana de Assist\u00eancia T\u00e9cnica, Extens\u00e3o Rural e Pesquisa Agropecu\u00e1ria (Emater) vai comercializar um lote de 6 mil mudas de pequi sem espinhos para os goianos. A expectativa \u00e9 de que os p\u00e9s fiquem prontos para serem comercializados em setembro deste ano com valor de R$ 50. Os interessados em adquirir as mudas precisam [&hellip;]<\/p>\n","protected":false},"author":5,"featured_media":185588,"comment_status":"closed","ping_status":"closed","sticky":false,"template":"","format":"standard","meta":{"footnotes":""},"categories":[17],"tags":[],"class_list":["post-236779","post","type-post","status-publish","format-standard","has-post-thumbnail","hentry","category-agropecuaria"],"_links":{"self":[{"href":"https:\/\/www.ocorreionews.com.br\/acervo-correio\/index.php?rest_route=\/wp\/v2\/posts\/236779","targetHints":{"allow":["GET"]}}],"collection":[{"href":"https:\/\/www.ocorreionews.com.br\/acervo-correio\/index.php?rest_route=\/wp\/v2\/posts"}],"about":[{"href":"https:\/\/www.ocorreionews.com.br\/acervo-correio\/index.php?rest_route=\/wp\/v2\/types\/post"}],"author":[{"embeddable":true,"href":"https:\/\/www.ocorreionews.com.br\/acervo-correio\/index.php?rest_route=\/wp\/v2\/users\/5"}],"replies":[{"embeddable":true,"href":"https:\/\/www.ocorreionews.com.br\/acervo-correio\/index.php?rest_route=%2Fwp%2Fv2%2Fcomments&post=236779"}],"version-history":[{"count":1,"href":"https:\/\/www.ocorreionews.com.br\/acervo-correio\/index.php?rest_route=\/wp\/v2\/posts\/236779\/revisions"}],"predecessor-version":[{"id":236781,"href":"https:\/\/www.ocorreionews.com.br\/acervo-correio\/index.php?rest_route=\/wp\/v2\/posts\/236779\/revisions\/236781"}],"wp:featuredmedia":[{"embeddable":true,"href":"https:\/\/www.ocorreionews.com.br\/acervo-correio\/index.php?rest_route=\/wp\/v2\/media\/185588"}],"wp:attachment":[{"href":"https:\/\/www.ocorreionews.com.br\/acervo-correio\/index.php?rest_route=%2Fwp%2Fv2%2Fmedia&parent=236779"}],"wp:term":[{"taxonomy":"category","embeddable":true,"href":"https:\/\/www.ocorreionews.com.br\/acervo-correio\/index.php?rest_route=%2Fwp%2Fv2%2Fcategories&post=236779"},{"taxonomy":"post_tag","embeddable":true,"href":"https:\/\/www.ocorreionews.com.br\/acervo-correio\/index.php?rest_route=%2Fwp%2Fv2%2Ftags&post=236779"}],"curies":[{"name":"wp","href":"https:\/\/api.w.org\/{rel}","templated":true}]}}