{"id":236787,"date":"2023-04-12T14:10:03","date_gmt":"2023-04-12T18:10:03","guid":{"rendered":"https:\/\/www.ocorreionews.com.br\/acervo-correio\/?p=236787"},"modified":"2023-04-12T16:51:41","modified_gmt":"2023-04-12T20:51:41","slug":"acidente-na-ms-306-deixou-qutro-pessoas-feridas","status":"publish","type":"post","link":"https:\/\/www.ocorreionews.com.br\/acervo-correio\/?p=236787","title":{"rendered":"Acidente na MS 306 deixou cinco pessoas feridas em Chapad\u00e3o do Sul"},"content":{"rendered":"<p>Um acidente envolvendo duas caminhonetes no inicio da tarde desta quarta-feira (12), deixou cinco pessoas com ferimentos leves na rodovia MS 306, na regi\u00e3o do Pouso Frio em Chapad\u00e3o do Sul.<\/p>\n<p>Segundo informa\u00e7\u00f5es de amigos das vitimas, a colis\u00e3o envolveu um Fiat Toro que era conduzido por uma enfermeira de Chapad\u00e3o do Sul que estava acompanhada com sua filho uma crian\u00e7a que estava na cadeirinha no banco de atr\u00e1s, e uma Chevrolet Trail Blazer, que tinha tr\u00eas pessoas da mesma fam\u00edlia, pai, m\u00e3e e filha que s\u00e3o da cidade de Cuiab\u00e1 MT.<\/p>\n<p>O acidente aconteceu ap\u00f3s a condutora do Fiat Toro, que seguia sentido Chapad\u00e3o do Sul invadir a pista contr\u00e1ria e colidir frontalmente com o SUV.<\/p>\n<p>Os socorrista da concessionaria Way306 socorreram as vitimas at\u00e9 o Hospital Municipal de Chapad\u00e3o do Sul.<\/p>\n<p>Segundo informa\u00e7\u00f5es a nossa reportagem, os ocupantes do Fiat Toro a crian\u00e7a nada sofreu e motorista reclamava de dores na cervical e passou por tomografia e estava em observa\u00e7\u00e3o.<\/p>\n<p>No outro veiculo que estava \u00e0 fam\u00edlia de Mato Grosso, uma mulher tamb\u00e9m teve que ser submetida \u00e0 tomografia, pois ela reclamava de dores na altura do peito causada pelo sinto de seguran\u00e7a.<\/p>\n<p>A Policia Rodovi\u00e1ria Militar esteve no local que apurara as causas do acidente.<\/p>\n<figure id=\"attachment_40523\" aria-describedby=\"caption-attachment-40523\" style=\"width: 800px\" class=\"wp-caption alignnone\"><img loading=\"lazy\" decoding=\"async\" class=\"wp-image-40523\" src=\"https:\/\/jovemsulnews.com.br\/wp-content\/uploads\/2023\/04\/ACIDENTE-GRAND-BLAZER-E-TORO-01.jpg\" sizes=\"auto, (max-width: 800px) 100vw, 800px\" srcset=\"https:\/\/jovemsulnews.com.br\/wp-content\/uploads\/2023\/04\/ACIDENTE-GRAND-BLAZER-E-TORO-01.jpg 800w, https:\/\/jovemsulnews.com.br\/wp-content\/uploads\/2023\/04\/ACIDENTE-GRAND-BLAZER-E-TORO-01-300x169.jpg 300w, https:\/\/jovemsulnews.com.br\/wp-content\/uploads\/2023\/04\/ACIDENTE-GRAND-BLAZER-E-TORO-01-768x432.jpg 768w, https:\/\/jovemsulnews.com.br\/wp-content\/uploads\/2023\/04\/ACIDENTE-GRAND-BLAZER-E-TORO-01-305x172.jpg 305w, https:\/\/jovemsulnews.com.br\/wp-content\/uploads\/2023\/04\/ACIDENTE-GRAND-BLAZER-E-TORO-01-400x225.jpg 400w\" alt=\"\" width=\"800\" height=\"450\" \/><figcaption id=\"caption-attachment-40523\" class=\"wp-caption-text\">Foto Internautas<\/figcaption><\/figure>\n<p>&nbsp;<\/p>\n","protected":false},"excerpt":{"rendered":"<p>Um acidente envolvendo duas caminhonetes no inicio da tarde desta quarta-feira (12), deixou cinco pessoas com ferimentos leves na rodovia MS 306, na regi\u00e3o do Pouso Frio em Chapad\u00e3o do Sul. Segundo informa\u00e7\u00f5es de amigos das vitimas, a colis\u00e3o envolveu um Fiat Toro que era conduzido por uma enfermeira de Chapad\u00e3o do Sul que estava [&hellip;]<\/p>\n","protected":false},"author":4,"featured_media":236788,"comment_status":"closed","ping_status":"closed","sticky":false,"template":"","format":"standard","meta":{"footnotes":""},"categories":[23,41,38],"tags":[],"class_list":["post-236787","post","type-post","status-publish","format-standard","has-post-thumbnail","hentry","category-chapadao-do-sul","category-destaque","category-policia"],"_links":{"self":[{"href":"https:\/\/www.ocorreionews.com.br\/acervo-correio\/index.php?rest_route=\/wp\/v2\/posts\/236787","targetHints":{"allow":["GET"]}}],"collection":[{"href":"https:\/\/www.ocorreionews.com.br\/acervo-correio\/index.php?rest_route=\/wp\/v2\/posts"}],"about":[{"href":"https:\/\/www.ocorreionews.com.br\/acervo-correio\/index.php?rest_route=\/wp\/v2\/types\/post"}],"author":[{"embeddable":true,"href":"https:\/\/www.ocorreionews.com.br\/acervo-correio\/index.php?rest_route=\/wp\/v2\/users\/4"}],"replies":[{"embeddable":true,"href":"https:\/\/www.ocorreionews.com.br\/acervo-correio\/index.php?rest_route=%2Fwp%2Fv2%2Fcomments&post=236787"}],"version-history":[{"count":1,"href":"https:\/\/www.ocorreionews.com.br\/acervo-correio\/index.php?rest_route=\/wp\/v2\/posts\/236787\/revisions"}],"predecessor-version":[{"id":236834,"href":"https:\/\/www.ocorreionews.com.br\/acervo-correio\/index.php?rest_route=\/wp\/v2\/posts\/236787\/revisions\/236834"}],"wp:featuredmedia":[{"embeddable":true,"href":"https:\/\/www.ocorreionews.com.br\/acervo-correio\/index.php?rest_route=\/wp\/v2\/media\/236788"}],"wp:attachment":[{"href":"https:\/\/www.ocorreionews.com.br\/acervo-correio\/index.php?rest_route=%2Fwp%2Fv2%2Fmedia&parent=236787"}],"wp:term":[{"taxonomy":"category","embeddable":true,"href":"https:\/\/www.ocorreionews.com.br\/acervo-correio\/index.php?rest_route=%2Fwp%2Fv2%2Fcategories&post=236787"},{"taxonomy":"post_tag","embeddable":true,"href":"https:\/\/www.ocorreionews.com.br\/acervo-correio\/index.php?rest_route=%2Fwp%2Fv2%2Ftags&post=236787"}],"curies":[{"name":"wp","href":"https:\/\/api.w.org\/{rel}","templated":true}]}}