{"id":236793,"date":"2023-04-12T14:21:03","date_gmt":"2023-04-12T18:21:03","guid":{"rendered":"https:\/\/www.ocorreionews.com.br\/acervo-correio\/?p=236793"},"modified":"2023-04-13T18:57:50","modified_gmt":"2023-04-13T22:57:50","slug":"seguranca-nas-escola-sera-tema-a-ser-discutido-na-proxima-terca-feira-dia-18","status":"publish","type":"post","link":"https:\/\/www.ocorreionews.com.br\/acervo-correio\/?p=236793","title":{"rendered":"Seguran\u00e7a nas Escolas ser\u00e1 tema reuni\u00e3o na pr\u00f3xima ter\u00e7a na C\u00e2mara Municipal de Chapad\u00e3o do Sul"},"content":{"rendered":"<p>Est\u00e1 marcada para a pr\u00f3xima ter\u00e7a-feira dia 17, uma reuni\u00e3o na C\u00e2mara Municipal de Chapad\u00e3o do Sul, que ter\u00e1 como tema principal a discutir seguran\u00e7a nas escolas de Chapad\u00e3o do Sul devido aos casos recentes de atentados em algumas escolas no Brasil e a forte onda de propaga\u00e7\u00e3o de amea\u00e7as e <em>Fake News<\/em> atrav\u00e9s de redes sociais.<\/p>\n<p>A reuni\u00e3o foi solicitada pelo presidente da Mesa Diretora da C\u00e2mara de Vereadores, Airton Ant\u00f4nio Schwantes (Tucano) e o vereador Presidente da Comiss\u00e3o de Educa\u00e7\u00e3o da c\u00e2mara Andr\u00e9 dos Anjos.<\/p>\n<p>Na reuni\u00e3o participar\u00e3o representantes das escolas municipais, estaduais e particulares, for\u00e7as de seguran\u00e7as de Chapad\u00e3o do Sul, autoridades dos poderes legislativo, executivo e judici\u00e1rio e demais vereadores<\/p>\n<p>&nbsp;<\/p>\n<p>&nbsp;<\/p>\n","protected":false},"excerpt":{"rendered":"<p>Est\u00e1 marcada para a pr\u00f3xima ter\u00e7a-feira dia 17, uma reuni\u00e3o na C\u00e2mara Municipal de Chapad\u00e3o do Sul, que ter\u00e1 como tema principal a discutir seguran\u00e7a nas escolas de Chapad\u00e3o do Sul devido aos casos recentes de atentados em algumas escolas no Brasil e a forte onda de propaga\u00e7\u00e3o de amea\u00e7as e Fake News atrav\u00e9s de [&hellip;]<\/p>\n","protected":false},"author":4,"featured_media":227937,"comment_status":"closed","ping_status":"closed","sticky":false,"template":"","format":"standard","meta":{"footnotes":""},"categories":[20,23,41],"tags":[],"class_list":["post-236793","post","type-post","status-publish","format-standard","has-post-thumbnail","hentry","category-camara-municipal","category-chapadao-do-sul","category-destaque"],"_links":{"self":[{"href":"https:\/\/www.ocorreionews.com.br\/acervo-correio\/index.php?rest_route=\/wp\/v2\/posts\/236793","targetHints":{"allow":["GET"]}}],"collection":[{"href":"https:\/\/www.ocorreionews.com.br\/acervo-correio\/index.php?rest_route=\/wp\/v2\/posts"}],"about":[{"href":"https:\/\/www.ocorreionews.com.br\/acervo-correio\/index.php?rest_route=\/wp\/v2\/types\/post"}],"author":[{"embeddable":true,"href":"https:\/\/www.ocorreionews.com.br\/acervo-correio\/index.php?rest_route=\/wp\/v2\/users\/4"}],"replies":[{"embeddable":true,"href":"https:\/\/www.ocorreionews.com.br\/acervo-correio\/index.php?rest_route=%2Fwp%2Fv2%2Fcomments&post=236793"}],"version-history":[{"count":1,"href":"https:\/\/www.ocorreionews.com.br\/acervo-correio\/index.php?rest_route=\/wp\/v2\/posts\/236793\/revisions"}],"predecessor-version":[{"id":236928,"href":"https:\/\/www.ocorreionews.com.br\/acervo-correio\/index.php?rest_route=\/wp\/v2\/posts\/236793\/revisions\/236928"}],"wp:featuredmedia":[{"embeddable":true,"href":"https:\/\/www.ocorreionews.com.br\/acervo-correio\/index.php?rest_route=\/wp\/v2\/media\/227937"}],"wp:attachment":[{"href":"https:\/\/www.ocorreionews.com.br\/acervo-correio\/index.php?rest_route=%2Fwp%2Fv2%2Fmedia&parent=236793"}],"wp:term":[{"taxonomy":"category","embeddable":true,"href":"https:\/\/www.ocorreionews.com.br\/acervo-correio\/index.php?rest_route=%2Fwp%2Fv2%2Fcategories&post=236793"},{"taxonomy":"post_tag","embeddable":true,"href":"https:\/\/www.ocorreionews.com.br\/acervo-correio\/index.php?rest_route=%2Fwp%2Fv2%2Ftags&post=236793"}],"curies":[{"name":"wp","href":"https:\/\/api.w.org\/{rel}","templated":true}]}}