{"id":236847,"date":"2023-04-13T07:21:44","date_gmt":"2023-04-13T11:21:44","guid":{"rendered":"https:\/\/www.ocorreionews.com.br\/acervo-correio\/?p=236847"},"modified":"2023-04-13T07:21:44","modified_gmt":"2023-04-13T11:21:44","slug":"vereadores-agradecem-governador-riedel-por-atender-pedido-de-reparos-na-rodovia-ms-316","status":"publish","type":"post","link":"https:\/\/www.ocorreionews.com.br\/acervo-correio\/?p=236847","title":{"rendered":"Vereadores agradecem governador Riedel por atender pedido de reparos na rodovia MS 316"},"content":{"rendered":"<p>Os vereadores Tuta (PSDB) e Neife Vida (PP) estiveram nesta quarta-feira (12), visitando a obra de tapa buraco na rodovia MS 316, que liga Para\u00edso das \u00c1guas ao distrito de Pouso Alto.<\/p>\n<p>Com v\u00e1rios buracos, em uma grande extens\u00e3o da rodovia, oferece riscos para os usu\u00e1rios. Os vereadores encaminharam of\u00edcios \u00e0 Secretaria de Estado de Obras, por meio do secret\u00e1rio H\u00e9lio Peluffo e\u00a0ao governador Eduardo RIEDEL (PSDB), que atendendo a solicita\u00e7\u00e3o, foi iniciada a obra nesta semana.<\/p>\n<p>&#8220;Queremos agradecer ao governador Riedel e ao secret\u00e1rio H\u00e9lio Peluffo, por atender nossa indica\u00e7\u00e3o, realizando esses reparos, que garantem mais seguran\u00e7a para os usu\u00e1rios desta importante via&#8221;, destacaram.<\/p>\n<p>bnc noticias<\/p>\n","protected":false},"excerpt":{"rendered":"<p>Os vereadores Tuta (PSDB) e Neife Vida (PP) estiveram nesta quarta-feira (12), visitando a obra de tapa buraco na rodovia MS 316, que liga Para\u00edso das \u00c1guas ao distrito de Pouso Alto. Com v\u00e1rios buracos, em uma grande extens\u00e3o da rodovia, oferece riscos para os usu\u00e1rios. Os vereadores encaminharam of\u00edcios \u00e0 Secretaria de Estado de [&hellip;]<\/p>\n","protected":false},"author":4,"featured_media":236848,"comment_status":"closed","ping_status":"closed","sticky":false,"template":"","format":"standard","meta":{"footnotes":""},"categories":[20,36],"tags":[],"class_list":["post-236847","post","type-post","status-publish","format-standard","has-post-thumbnail","hentry","category-camara-municipal","category-paraiso-das-aguas"],"_links":{"self":[{"href":"https:\/\/www.ocorreionews.com.br\/acervo-correio\/index.php?rest_route=\/wp\/v2\/posts\/236847","targetHints":{"allow":["GET"]}}],"collection":[{"href":"https:\/\/www.ocorreionews.com.br\/acervo-correio\/index.php?rest_route=\/wp\/v2\/posts"}],"about":[{"href":"https:\/\/www.ocorreionews.com.br\/acervo-correio\/index.php?rest_route=\/wp\/v2\/types\/post"}],"author":[{"embeddable":true,"href":"https:\/\/www.ocorreionews.com.br\/acervo-correio\/index.php?rest_route=\/wp\/v2\/users\/4"}],"replies":[{"embeddable":true,"href":"https:\/\/www.ocorreionews.com.br\/acervo-correio\/index.php?rest_route=%2Fwp%2Fv2%2Fcomments&post=236847"}],"version-history":[{"count":1,"href":"https:\/\/www.ocorreionews.com.br\/acervo-correio\/index.php?rest_route=\/wp\/v2\/posts\/236847\/revisions"}],"predecessor-version":[{"id":236850,"href":"https:\/\/www.ocorreionews.com.br\/acervo-correio\/index.php?rest_route=\/wp\/v2\/posts\/236847\/revisions\/236850"}],"wp:featuredmedia":[{"embeddable":true,"href":"https:\/\/www.ocorreionews.com.br\/acervo-correio\/index.php?rest_route=\/wp\/v2\/media\/236848"}],"wp:attachment":[{"href":"https:\/\/www.ocorreionews.com.br\/acervo-correio\/index.php?rest_route=%2Fwp%2Fv2%2Fmedia&parent=236847"}],"wp:term":[{"taxonomy":"category","embeddable":true,"href":"https:\/\/www.ocorreionews.com.br\/acervo-correio\/index.php?rest_route=%2Fwp%2Fv2%2Fcategories&post=236847"},{"taxonomy":"post_tag","embeddable":true,"href":"https:\/\/www.ocorreionews.com.br\/acervo-correio\/index.php?rest_route=%2Fwp%2Fv2%2Ftags&post=236847"}],"curies":[{"name":"wp","href":"https:\/\/api.w.org\/{rel}","templated":true}]}}