{"id":236856,"date":"2023-04-13T07:45:35","date_gmt":"2023-04-13T11:45:35","guid":{"rendered":"https:\/\/www.ocorreionews.com.br\/acervo-correio\/?p=236856"},"modified":"2023-04-13T07:45:35","modified_gmt":"2023-04-13T11:45:35","slug":"forum-mais-milho-destaca-producao-de-etanol-e-maxima-produtividade-na-norte-show","status":"publish","type":"post","link":"https:\/\/www.ocorreionews.com.br\/acervo-correio\/?p=236856","title":{"rendered":"F\u00f3rum Mais Milho destaca produ\u00e7\u00e3o de etanol e m\u00e1xima produtividade na Norte Show"},"content":{"rendered":"<p>A <strong>produ\u00e7\u00e3o de etanol de milho<\/strong> <strong>e a m\u00e1xima produtividade do cereal<\/strong> estar\u00e3o em debate no <strong>F\u00f3rum Mais Milho<\/strong> na pr\u00f3xima <strong>quarta-feira (19)<\/strong> durante a <a href=\"https:\/\/www.norteshow.com.br\/\">Norte Show<\/a>, em Sinop (MT).<\/p>\n<p>O F\u00f3rum T\u00e9cnico faz parte da programa\u00e7\u00e3o da Norte Show e ter\u00e1 transmiss\u00e3o ao vivo pelo Canal Rural no Facebook e YouTube, a partir das 16h00 (hor\u00e1rio de Mato Grosso).<\/p>\n<p>O evento est\u00e1 dividido em dois pain\u00e9is. <strong>O primeiro debater\u00e1 o etanol de milho e quais as vantagens para o produtor rural e para o Brasil.<\/strong><\/p>\n<p>&nbsp;<\/p>\n<p>O primeiro painel contar\u00e1 com a presen\u00e7a do presidente da Uni\u00e3o Nacional do Etanol de Milho (<a href=\"https:\/\/etanoldemilho.com.br\/\">Unem<\/a>), Guilherme Nolasco, do superintendente do Instituto Mato-grossense de Economia Agropecu\u00e1ria (<a href=\"https:\/\/www.imea.com.br\/imea-site\/\">Imea<\/a>), Cleiton Gauer, al\u00e9m do professor da Universidade de S\u00e3o Paulo (USP) especialista em DDGS, Fl\u00e1vio Portela, e do gerente de DDGS da Inpasa, Daniel Sarmento.<\/p>\n<p>J\u00e1 o<strong> segundo painel debater\u00e1 sobre como ser um campe\u00e3o de produtividade<\/strong>. O painel ter\u00e1 um <strong>bate-papo com o agricultor Cristian Dalben<\/strong>, campe\u00e3o nacional de produ\u00e7\u00e3o de milho com <strong>248 sacas colhidas por hectare na safra 2022.<\/strong><\/p>\n<p>A media\u00e7\u00e3o ser\u00e1 do diretor-executivo da <strong>Associa\u00e7\u00e3o Brasileira dos Produtores de Milho<\/strong> (<a href=\"https:\/\/www.abramilho.org.br\/\">Abramilho<\/a>), Glauber Silveira.<\/p>\n<div id=\"attachment_2930461\" class=\"wp-caption aligncenter\"><img loading=\"lazy\" decoding=\"async\" class=\"wp-image-2930461 size-large entered lazyloaded\" src=\"https:\/\/imagens-cdn.canalrural.com.br\/wp-content\/uploads\/WhatsApp-Image-2023-03-03-at-10.37.19-640x360.jpeg\" sizes=\"auto, (max-width: 640px) 100vw, 640px\" srcset=\"https:\/\/imagens-cdn.canalrural.com.br\/wp-content\/uploads\/WhatsApp-Image-2023-03-03-at-10.37.19-150x84.jpeg 150w, https:\/\/imagens-cdn.canalrural.com.br\/wp-content\/uploads\/WhatsApp-Image-2023-03-03-at-10.37.19-320x180.jpeg 320w, https:\/\/imagens-cdn.canalrural.com.br\/wp-content\/uploads\/WhatsApp-Image-2023-03-03-at-10.37.19-640x360.jpeg 640w\" alt=\"Milho Mato Grosso - milho 2\u00aa safra\" width=\"640\" height=\"360\" data-lazy-srcset=\"https:\/\/imagens-cdn.canalrural.com.br\/wp-content\/uploads\/WhatsApp-Image-2023-03-03-at-10.37.19-150x84.jpeg 150w, https:\/\/imagens-cdn.canalrural.com.br\/wp-content\/uploads\/WhatsApp-Image-2023-03-03-at-10.37.19-320x180.jpeg 320w, https:\/\/imagens-cdn.canalrural.com.br\/wp-content\/uploads\/WhatsApp-Image-2023-03-03-at-10.37.19-640x360.jpeg 640w\" data-lazy-sizes=\"(max-width: 640px) 100vw, 640px\" aria-describedby=\"caption-attachment-2930461\" data-lazy-src=\"https:\/\/imagens-cdn.canalrural.com.br\/wp-content\/uploads\/WhatsApp-Image-2023-03-03-at-10.37.19-640x360.jpeg\" data-ll-status=\"loaded\" \/><\/p>\n<p id=\"caption-attachment-2930461\" class=\"wp-caption-text\">Foto: Viviane Petroli\/Canal Rural Mato Grosso<\/p>\n<\/div>\n<h2>S\u00e9tima temporada do Mais Milho<\/h2>\n<p>A <strong>s\u00e9tima temporada do Mais Milho<\/strong> teve in\u00edcio no dia 15 de fevereiro em Campo Grande, no Mato Grosso do Sul. Na ocasi\u00e3o foi realizado o painel \u201cProdu\u00e7\u00e3o e desenvolvimento da cultura do milho em Mato Grosso\u201d, que contou com a presen\u00e7a do setor produtivo e especialistas da ind\u00fastria e \u00e1rea econ\u00f4mica.<\/p>\n<p>O <strong>programa<\/strong> \u00e9 uma <strong>realiza\u00e7\u00e3o<\/strong> <strong>do Canal Rural, da Abramilho e da Associa\u00e7\u00e3o dos Produtores de Soja e Milho de Mato Grosso<\/strong> (Aprosoja-MT).<\/p>\n<p>O Mais Milho tem como principal caracter\u00edstica <strong>levar informa\u00e7\u00e3o constante<\/strong> aos produtores, t\u00e9cnicos, agr\u00f4nomos e todos os envolvidos com a cultura. Foco no olhar de quem enfrenta obst\u00e1culos e encontra estrat\u00e9gias para super\u00e1-los e ajuda a fazer da agricultura brasileira refer\u00eancia no planeta.<\/p>\n<p>O projeto \u00e9 tamb\u00e9m uma <strong>iniciativa em busca de solu\u00e7\u00f5es para os desafios dentro e fora das fazendas<\/strong>, dando visibilidade ao que pensam as entidades que representam o setor, a pesquisa, <em>tradings<\/em> e grandes consumidores do gr\u00e3o brasileiro.<\/p>\n<p>A cada safra, a cada temporada, s\u00e3o mostradas as perspectivas de como o milho pode avan\u00e7ar em tecnologia, produtividade, log\u00edstica, mercado, agrega\u00e7\u00e3o de valor e gera\u00e7\u00e3o de novas oportunidades, como, por exemplo, o uso do gr\u00e3o como mat\u00e9ria-prima para a produ\u00e7\u00e3o de energia renov\u00e1vel.<\/p>\n<p>Canal Rural MT<\/p>\n","protected":false},"excerpt":{"rendered":"<p>A produ\u00e7\u00e3o de etanol de milho e a m\u00e1xima produtividade do cereal estar\u00e3o em debate no F\u00f3rum Mais Milho na pr\u00f3xima quarta-feira (19) durante a Norte Show, em Sinop (MT). O F\u00f3rum T\u00e9cnico faz parte da programa\u00e7\u00e3o da Norte Show e ter\u00e1 transmiss\u00e3o ao vivo pelo Canal Rural no Facebook e YouTube, a partir das [&hellip;]<\/p>\n","protected":false},"author":4,"featured_media":236866,"comment_status":"closed","ping_status":"closed","sticky":false,"template":"","format":"standard","meta":{"footnotes":""},"categories":[17],"tags":[],"class_list":["post-236856","post","type-post","status-publish","format-standard","has-post-thumbnail","hentry","category-agropecuaria"],"_links":{"self":[{"href":"https:\/\/www.ocorreionews.com.br\/acervo-correio\/index.php?rest_route=\/wp\/v2\/posts\/236856","targetHints":{"allow":["GET"]}}],"collection":[{"href":"https:\/\/www.ocorreionews.com.br\/acervo-correio\/index.php?rest_route=\/wp\/v2\/posts"}],"about":[{"href":"https:\/\/www.ocorreionews.com.br\/acervo-correio\/index.php?rest_route=\/wp\/v2\/types\/post"}],"author":[{"embeddable":true,"href":"https:\/\/www.ocorreionews.com.br\/acervo-correio\/index.php?rest_route=\/wp\/v2\/users\/4"}],"replies":[{"embeddable":true,"href":"https:\/\/www.ocorreionews.com.br\/acervo-correio\/index.php?rest_route=%2Fwp%2Fv2%2Fcomments&post=236856"}],"version-history":[{"count":1,"href":"https:\/\/www.ocorreionews.com.br\/acervo-correio\/index.php?rest_route=\/wp\/v2\/posts\/236856\/revisions"}],"predecessor-version":[{"id":236867,"href":"https:\/\/www.ocorreionews.com.br\/acervo-correio\/index.php?rest_route=\/wp\/v2\/posts\/236856\/revisions\/236867"}],"wp:featuredmedia":[{"embeddable":true,"href":"https:\/\/www.ocorreionews.com.br\/acervo-correio\/index.php?rest_route=\/wp\/v2\/media\/236866"}],"wp:attachment":[{"href":"https:\/\/www.ocorreionews.com.br\/acervo-correio\/index.php?rest_route=%2Fwp%2Fv2%2Fmedia&parent=236856"}],"wp:term":[{"taxonomy":"category","embeddable":true,"href":"https:\/\/www.ocorreionews.com.br\/acervo-correio\/index.php?rest_route=%2Fwp%2Fv2%2Fcategories&post=236856"},{"taxonomy":"post_tag","embeddable":true,"href":"https:\/\/www.ocorreionews.com.br\/acervo-correio\/index.php?rest_route=%2Fwp%2Fv2%2Ftags&post=236856"}],"curies":[{"name":"wp","href":"https:\/\/api.w.org\/{rel}","templated":true}]}}