{"id":236859,"date":"2023-04-13T07:37:26","date_gmt":"2023-04-13T11:37:26","guid":{"rendered":"https:\/\/www.ocorreionews.com.br\/acervo-correio\/?p=236859"},"modified":"2023-04-13T07:37:26","modified_gmt":"2023-04-13T11:37:26","slug":"prefeito-dalmy-crisostomo-se-reuni-com-autoridades-da-policia-militar-e-civil-para-discutir-sobre-seguranca-escolar","status":"publish","type":"post","link":"https:\/\/www.ocorreionews.com.br\/acervo-correio\/?p=236859","title":{"rendered":"Prefeito Dalmy Cris\u00f3stomo se reuni com autoridades da Pol\u00edcia militar e civil para discutir sobre Seguran\u00e7a escolar"},"content":{"rendered":"<div dir=\"auto\">\n<p>O Prefeito Dalmy Cris\u00f3stomo participou de uma reuni\u00e3o no Plen\u00e1rio da C\u00e2mara Municipal de Alcin\u00f3polis para discutir sobre Seguran\u00e7a nas escolas do munic\u00edpio.<\/p>\n<p>A reuni\u00e3o foi conduzida pelo Prefeito e teve a participa\u00e7\u00e3o do Major Tiago Almeida, Sargento Aurilei, Sargento Luiz C\u00e9sar Ferreira de Melo, Policial civil Tarc\u00edsio, Presidente da C\u00e2mara, Valdeci Passarinho,\u00a0 Secret\u00e1rio de Educa\u00e7\u00e3o, Jesus Aparecido Limae o Vice-prefeito Valter Roniz.<\/p>\n<\/div>\n<p><a href=\"https:\/\/www.ocorreionews.com.br\/acervo-correio\/wp-content\/uploads\/2023\/04\/reuniao-PM-escola4.jpg\"><img loading=\"lazy\" decoding=\"async\" class=\"alignnone size-full wp-image-236863\" src=\"https:\/\/www.ocorreionews.com.br\/acervo-correio\/wp-content\/uploads\/2023\/04\/reuniao-PM-escola4.jpg\" alt=\"\" width=\"1080\" height=\"715\" srcset=\"https:\/\/www.ocorreionews.com.br\/acervo-correio\/wp-content\/uploads\/2023\/04\/reuniao-PM-escola4.jpg 1080w, https:\/\/www.ocorreionews.com.br\/acervo-correio\/wp-content\/uploads\/2023\/04\/reuniao-PM-escola4-300x199.jpg 300w, https:\/\/www.ocorreionews.com.br\/acervo-correio\/wp-content\/uploads\/2023\/04\/reuniao-PM-escola4-1024x678.jpg 1024w, https:\/\/www.ocorreionews.com.br\/acervo-correio\/wp-content\/uploads\/2023\/04\/reuniao-PM-escola4-768x508.jpg 768w\" sizes=\"auto, (max-width: 1080px) 100vw, 1080px\" \/><\/a><\/p>\n<div dir=\"auto\">\n<p>O objetivo da reuni\u00e3o foi discutir medidas de prote\u00e7\u00e3o nas escolas, ressaltando que algumas medidas j\u00e1 foram colocadas em a\u00e7\u00e3o, visando proteja e nossas crian\u00e7as e adolescentes.<\/p>\n<p><a href=\"https:\/\/www.ocorreionews.com.br\/acervo-correio\/wp-content\/uploads\/2023\/04\/reuniao-PM-escola3.jpg\"><img loading=\"lazy\" decoding=\"async\" class=\"alignnone size-full wp-image-236862\" src=\"https:\/\/www.ocorreionews.com.br\/acervo-correio\/wp-content\/uploads\/2023\/04\/reuniao-PM-escola3.jpg\" alt=\"\" width=\"1080\" height=\"714\" srcset=\"https:\/\/www.ocorreionews.com.br\/acervo-correio\/wp-content\/uploads\/2023\/04\/reuniao-PM-escola3.jpg 1080w, https:\/\/www.ocorreionews.com.br\/acervo-correio\/wp-content\/uploads\/2023\/04\/reuniao-PM-escola3-300x198.jpg 300w, https:\/\/www.ocorreionews.com.br\/acervo-correio\/wp-content\/uploads\/2023\/04\/reuniao-PM-escola3-1024x677.jpg 1024w, https:\/\/www.ocorreionews.com.br\/acervo-correio\/wp-content\/uploads\/2023\/04\/reuniao-PM-escola3-768x508.jpg 768w\" sizes=\"auto, (max-width: 1080px) 100vw, 1080px\" \/><\/a><\/p>\n<p>A Pol\u00edcia militar e civil tirou as d\u00favidas e fez esclarecimentos referente ao assunto para os presentes e foram enf\u00e1ticos ao afirmar que todos est\u00e3o empenhados e realizando trabalhos preventivos nas escolas. Pediram ainda aos pais que n\u00e3o entrem em p\u00e2nico, pois muitas das not\u00edcias divulgadas em redes sociais como WhatsApp e Facebook s\u00e3o fake news, espalhadas justamente para alarmar as fam\u00edlias. Pontuaram tamb\u00e9m que espalhar p\u00e2nico, fake news e outros fatos que n\u00e3o condizem com a verdade \u00e9 crime e os respons\u00e1veis podem responder criminalmente por tais atos<\/p>\n<p><a href=\"https:\/\/www.ocorreionews.com.br\/acervo-correio\/wp-content\/uploads\/2023\/04\/reuniao-PM-escola.jpg\"><img loading=\"lazy\" decoding=\"async\" class=\"alignnone size-full wp-image-236860\" src=\"https:\/\/www.ocorreionews.com.br\/acervo-correio\/wp-content\/uploads\/2023\/04\/reuniao-PM-escola.jpg\" alt=\"\" width=\"1080\" height=\"714\" srcset=\"https:\/\/www.ocorreionews.com.br\/acervo-correio\/wp-content\/uploads\/2023\/04\/reuniao-PM-escola.jpg 1080w, https:\/\/www.ocorreionews.com.br\/acervo-correio\/wp-content\/uploads\/2023\/04\/reuniao-PM-escola-300x198.jpg 300w, https:\/\/www.ocorreionews.com.br\/acervo-correio\/wp-content\/uploads\/2023\/04\/reuniao-PM-escola-1024x677.jpg 1024w, https:\/\/www.ocorreionews.com.br\/acervo-correio\/wp-content\/uploads\/2023\/04\/reuniao-PM-escola-768x508.jpg 768w\" sizes=\"auto, (max-width: 1080px) 100vw, 1080px\" \/><\/a><\/p>\n<p>Estiveram presentes na reuni\u00e3o os vereadores Ademir M\u00fcller, \u00c2ngelo do Nicola, Evaldo Furtado, Izabel do Zezinho, Onilza Matias, Paula do Edivaldinho e Ros\u00e2ngela Campos, os Secret\u00e1rios Fernando Nicoletti, Alo\u00edsio Martins e C\u00e9lia Regina, as diretoras escolares Amanda Silvestrini, Cristina Selli e Vera L\u00facia, a Coordenadora escolar Sara Giraldi, diretora da APAE Cl\u00e9lia, representantes da APMF EMAC e CMEI, representante do CMDCA e Conselheiros Tutelares.<\/p>\n<p>Fonte\/fotos: Assecom\/Prefeitura de Alcin\u00f3polis\/Simone Nogueira<\/p>\n<\/div>\n","protected":false},"excerpt":{"rendered":"<p>O Prefeito Dalmy Cris\u00f3stomo participou de uma reuni\u00e3o no Plen\u00e1rio da C\u00e2mara Municipal de Alcin\u00f3polis para discutir sobre Seguran\u00e7a nas escolas do munic\u00edpio. A reuni\u00e3o foi conduzida pelo Prefeito e teve a participa\u00e7\u00e3o do Major Tiago Almeida, Sargento Aurilei, Sargento Luiz C\u00e9sar Ferreira de Melo, Policial civil Tarc\u00edsio, Presidente da C\u00e2mara, Valdeci Passarinho,\u00a0 Secret\u00e1rio de [&hellip;]<\/p>\n","protected":false},"author":4,"featured_media":236861,"comment_status":"closed","ping_status":"closed","sticky":false,"template":"","format":"standard","meta":{"footnotes":""},"categories":[18],"tags":[],"class_list":["post-236859","post","type-post","status-publish","format-standard","has-post-thumbnail","hentry","category-alcinopolis"],"_links":{"self":[{"href":"https:\/\/www.ocorreionews.com.br\/acervo-correio\/index.php?rest_route=\/wp\/v2\/posts\/236859","targetHints":{"allow":["GET"]}}],"collection":[{"href":"https:\/\/www.ocorreionews.com.br\/acervo-correio\/index.php?rest_route=\/wp\/v2\/posts"}],"about":[{"href":"https:\/\/www.ocorreionews.com.br\/acervo-correio\/index.php?rest_route=\/wp\/v2\/types\/post"}],"author":[{"embeddable":true,"href":"https:\/\/www.ocorreionews.com.br\/acervo-correio\/index.php?rest_route=\/wp\/v2\/users\/4"}],"replies":[{"embeddable":true,"href":"https:\/\/www.ocorreionews.com.br\/acervo-correio\/index.php?rest_route=%2Fwp%2Fv2%2Fcomments&post=236859"}],"version-history":[{"count":1,"href":"https:\/\/www.ocorreionews.com.br\/acervo-correio\/index.php?rest_route=\/wp\/v2\/posts\/236859\/revisions"}],"predecessor-version":[{"id":236864,"href":"https:\/\/www.ocorreionews.com.br\/acervo-correio\/index.php?rest_route=\/wp\/v2\/posts\/236859\/revisions\/236864"}],"wp:featuredmedia":[{"embeddable":true,"href":"https:\/\/www.ocorreionews.com.br\/acervo-correio\/index.php?rest_route=\/wp\/v2\/media\/236861"}],"wp:attachment":[{"href":"https:\/\/www.ocorreionews.com.br\/acervo-correio\/index.php?rest_route=%2Fwp%2Fv2%2Fmedia&parent=236859"}],"wp:term":[{"taxonomy":"category","embeddable":true,"href":"https:\/\/www.ocorreionews.com.br\/acervo-correio\/index.php?rest_route=%2Fwp%2Fv2%2Fcategories&post=236859"},{"taxonomy":"post_tag","embeddable":true,"href":"https:\/\/www.ocorreionews.com.br\/acervo-correio\/index.php?rest_route=%2Fwp%2Fv2%2Ftags&post=236859"}],"curies":[{"name":"wp","href":"https:\/\/api.w.org\/{rel}","templated":true}]}}