{"id":236869,"date":"2023-04-13T07:59:42","date_gmt":"2023-04-13T11:59:42","guid":{"rendered":"https:\/\/www.ocorreionews.com.br\/acervo-correio\/?p=236869"},"modified":"2023-04-13T08:00:42","modified_gmt":"2023-04-13T12:00:42","slug":"painel-artistico-de-735-metros-quadrados-em-rio-verde-homenageia-o-agro","status":"publish","type":"post","link":"https:\/\/www.ocorreionews.com.br\/acervo-correio\/?p=236869","title":{"rendered":"Painel art\u00edstico de 735 metros quadrados em Rio Verde homenageia o AGRO"},"content":{"rendered":"<div class=\"html-inner\">\n<p>A paix\u00e3o pelo trabalho e pela vida no campo levou uma empresa goiana \u2013 o Grupo Conceito &#8211; a criar um dos maiores pain\u00e9is tem\u00e1ticos do Pa\u00eds. A obra tem 98 metros de largura por 7,5 metros de altura e acaba de ser inaugurada no Anel Vi\u00e1rio de Rio Verde (GO). Quem passa pelo munic\u00edpio, considerado uma das capitais brasileiras do agroneg\u00f3cio, pode visualizar facilmente o imenso quadro a c\u00e9u aberto \u00e0s margens da estrada. No local est\u00e1 instalada uma das empresas do Grupo, a Conceito Sementes.<\/p>\n<p>O trabalho de concep\u00e7\u00e3o do mural come\u00e7ou em janeiro de 2023, quando o Studio Rol\u00ea, de Goi\u00e2nia, foi contratado para conceber e realizar a pintura a partir da vis\u00e3o e do prop\u00f3sito da empresa. O pared\u00e3o come\u00e7ou a ganhar tra\u00e7os e cores a partir de 6 de mar\u00e7o e foi conclu\u00eddo cerca de 20 dias depois. A pintura retrata as diferentes fases do processo produtivo, do plantio \u00e0 colheita, mostrando o trabalho de mulheres e homens, o desafio da sucess\u00e3o familiar e a presen\u00e7a da lavoura-pecu\u00e1ria dividindo espa\u00e7o com tratores, colheitadeiras, drones e computadores.<\/p>\n<p>\u201cO Grupo Conceito tem como diferencial essa vis\u00e3o de produtor. Somos produtores e nos relacionamos com outros produtores, com a sociedade e com o mercado de forma geral a partir do ponto de vista de quem est\u00e1 no campo, trabalhando a terra debaixo de sol quente e chuva para colocar alimento na mesa, com cada vez mais tecnologia. Acreditamos que o agro semeia inova\u00e7\u00e3o e colhe prosperidade. Quisemos materializar isso de uma forma l\u00fadica e interativa. \u00c9 uma ferramenta de marketing, mas \u00e9 tamb\u00e9m uma homenagem ao agro, e um presente para Rio Verde e para qualquer pessoa que passar por aqui\u201d, explica o respons\u00e1vel pela Conceito Sementes, Cristiano Rebeschini.<\/p>\n<p>A empresa criou um acesso especial ao mural, a partir do Anel Vi\u00e1rio, para quem quiser estacionar com seguran\u00e7a e fazer fotos e v\u00eddeos. \u201cO visitante \u00e9 muito bem-vindo a parar, fazer sua selfie e postar no instagram marcando o @grupoconceitoagro e usando a hashtag #notra\u00e7odoagro, que faz refer\u00eancia ao nome da obra (No Tra\u00e7o do Agro). Vamos interagir e espalhar essa mensagem positiva sobre o agro brasileiro por todo o mundo\u201d, conclama Rebeschini.<\/p>\n<p>Olha Goias<\/p>\n<\/div>\n","protected":false},"excerpt":{"rendered":"<p>Uma das maiores obras do g\u00eanero no Pa\u00eds, mural pode ser visto por quem passa pelo Anel Vi\u00e1rio do munic\u00edpio e conta com espa\u00e7o reservado para quem quiser parar e tirar fotos<\/p>\n","protected":false},"author":4,"featured_media":236871,"comment_status":"closed","ping_status":"closed","sticky":false,"template":"","format":"standard","meta":{"footnotes":""},"categories":[17],"tags":[],"class_list":["post-236869","post","type-post","status-publish","format-standard","has-post-thumbnail","hentry","category-agropecuaria"],"_links":{"self":[{"href":"https:\/\/www.ocorreionews.com.br\/acervo-correio\/index.php?rest_route=\/wp\/v2\/posts\/236869","targetHints":{"allow":["GET"]}}],"collection":[{"href":"https:\/\/www.ocorreionews.com.br\/acervo-correio\/index.php?rest_route=\/wp\/v2\/posts"}],"about":[{"href":"https:\/\/www.ocorreionews.com.br\/acervo-correio\/index.php?rest_route=\/wp\/v2\/types\/post"}],"author":[{"embeddable":true,"href":"https:\/\/www.ocorreionews.com.br\/acervo-correio\/index.php?rest_route=\/wp\/v2\/users\/4"}],"replies":[{"embeddable":true,"href":"https:\/\/www.ocorreionews.com.br\/acervo-correio\/index.php?rest_route=%2Fwp%2Fv2%2Fcomments&post=236869"}],"version-history":[{"count":1,"href":"https:\/\/www.ocorreionews.com.br\/acervo-correio\/index.php?rest_route=\/wp\/v2\/posts\/236869\/revisions"}],"predecessor-version":[{"id":236874,"href":"https:\/\/www.ocorreionews.com.br\/acervo-correio\/index.php?rest_route=\/wp\/v2\/posts\/236869\/revisions\/236874"}],"wp:featuredmedia":[{"embeddable":true,"href":"https:\/\/www.ocorreionews.com.br\/acervo-correio\/index.php?rest_route=\/wp\/v2\/media\/236871"}],"wp:attachment":[{"href":"https:\/\/www.ocorreionews.com.br\/acervo-correio\/index.php?rest_route=%2Fwp%2Fv2%2Fmedia&parent=236869"}],"wp:term":[{"taxonomy":"category","embeddable":true,"href":"https:\/\/www.ocorreionews.com.br\/acervo-correio\/index.php?rest_route=%2Fwp%2Fv2%2Fcategories&post=236869"},{"taxonomy":"post_tag","embeddable":true,"href":"https:\/\/www.ocorreionews.com.br\/acervo-correio\/index.php?rest_route=%2Fwp%2Fv2%2Ftags&post=236869"}],"curies":[{"name":"wp","href":"https:\/\/api.w.org\/{rel}","templated":true}]}}