{"id":236945,"date":"2023-04-14T06:49:07","date_gmt":"2023-04-14T10:49:07","guid":{"rendered":"https:\/\/www.ocorreionews.com.br\/acervo-correio\/?p=236945"},"modified":"2023-04-14T06:49:07","modified_gmt":"2023-04-14T10:49:07","slug":"caminhao-dos-correios-se-envolve-em-acidente-e-carga-fica-espalhada-na-rodovia","status":"publish","type":"post","link":"https:\/\/www.ocorreionews.com.br\/acervo-correio\/?p=236945","title":{"rendered":"Caminh\u00e3o dos Correios se envolve em acidente e carga fica espalhada na rodovia"},"content":{"rendered":"<p>um caminh\u00e3o-ba\u00fa dos Correios se envolveu em um acidente com uma carreta na BR-262, em Anast\u00e1cio, a 135 quil\u00f4metros de Campo Grande. Com o impacto, o ba\u00fa foi \u201crasgado\u201d e a carga de correspond\u00eancias e mercadorias ficou esparramada \u00e0s margens da rodovia.<\/p>\n<p>O acidente ocorreu nas proximidades do S\u00edtio Ana Paula, a carreta trafegava no sentido Campo Grande e o ve\u00edculo dos Correios trafegava no sentido Aquidauana. De acordo com testemunhas, a carreta teria colidido com o caminh\u00e3o-ba\u00fa, que acabou saindo da pista e entrando em um matagal.<\/p>\n<div id=\"taboola-mid-article\" class=\"d-print-none my-3\"><\/div>\n<p>Apesar de o caminh\u00e3o dos Correios ter sofrido danos em parte da cabine, o motorista sofreu apenas algumas escoria\u00e7\u00f5es e ferimentos leves no bra\u00e7o. A carreta, por sua vez, teve diversas avarias na lateral esquerda e s\u00f3 parou 2 quil\u00f4metros ap\u00f3s o local do acidente. O motorista n\u00e3o se feriu.<\/p>\n<p>Equipes trabalharam no local para remover as mercadorias do Correios e limpar a rodovia. A din\u00e2mica do acidente ainda ser\u00e1 apurada. A assessoria dos Correios foi procurada pela reportagem para informar se houve preju\u00edzos com a carga, mas at\u00e9 o momento n\u00e3o houve retorno.<\/p>\n<p><strong>Campo Grande News<\/strong><\/p>\n","protected":false},"excerpt":{"rendered":"<p>um caminh\u00e3o-ba\u00fa dos Correios se envolveu em um acidente com uma carreta na BR-262, em Anast\u00e1cio, a 135 quil\u00f4metros de Campo Grande. Com o impacto, o ba\u00fa foi \u201crasgado\u201d e a carga de correspond\u00eancias e mercadorias ficou esparramada \u00e0s margens da rodovia. O acidente ocorreu nas proximidades do S\u00edtio Ana Paula, a carreta trafegava no [&hellip;]<\/p>\n","protected":false},"author":4,"featured_media":236947,"comment_status":"closed","ping_status":"closed","sticky":false,"template":"","format":"standard","meta":{"footnotes":""},"categories":[38],"tags":[],"class_list":["post-236945","post","type-post","status-publish","format-standard","has-post-thumbnail","hentry","category-policia"],"_links":{"self":[{"href":"https:\/\/www.ocorreionews.com.br\/acervo-correio\/index.php?rest_route=\/wp\/v2\/posts\/236945","targetHints":{"allow":["GET"]}}],"collection":[{"href":"https:\/\/www.ocorreionews.com.br\/acervo-correio\/index.php?rest_route=\/wp\/v2\/posts"}],"about":[{"href":"https:\/\/www.ocorreionews.com.br\/acervo-correio\/index.php?rest_route=\/wp\/v2\/types\/post"}],"author":[{"embeddable":true,"href":"https:\/\/www.ocorreionews.com.br\/acervo-correio\/index.php?rest_route=\/wp\/v2\/users\/4"}],"replies":[{"embeddable":true,"href":"https:\/\/www.ocorreionews.com.br\/acervo-correio\/index.php?rest_route=%2Fwp%2Fv2%2Fcomments&post=236945"}],"version-history":[{"count":1,"href":"https:\/\/www.ocorreionews.com.br\/acervo-correio\/index.php?rest_route=\/wp\/v2\/posts\/236945\/revisions"}],"predecessor-version":[{"id":236949,"href":"https:\/\/www.ocorreionews.com.br\/acervo-correio\/index.php?rest_route=\/wp\/v2\/posts\/236945\/revisions\/236949"}],"wp:featuredmedia":[{"embeddable":true,"href":"https:\/\/www.ocorreionews.com.br\/acervo-correio\/index.php?rest_route=\/wp\/v2\/media\/236947"}],"wp:attachment":[{"href":"https:\/\/www.ocorreionews.com.br\/acervo-correio\/index.php?rest_route=%2Fwp%2Fv2%2Fmedia&parent=236945"}],"wp:term":[{"taxonomy":"category","embeddable":true,"href":"https:\/\/www.ocorreionews.com.br\/acervo-correio\/index.php?rest_route=%2Fwp%2Fv2%2Fcategories&post=236945"},{"taxonomy":"post_tag","embeddable":true,"href":"https:\/\/www.ocorreionews.com.br\/acervo-correio\/index.php?rest_route=%2Fwp%2Fv2%2Ftags&post=236945"}],"curies":[{"name":"wp","href":"https:\/\/api.w.org\/{rel}","templated":true}]}}