{"id":236950,"date":"2023-04-14T07:07:36","date_gmt":"2023-04-14T11:07:36","guid":{"rendered":"https:\/\/www.ocorreionews.com.br\/acervo-correio\/?p=236950"},"modified":"2023-04-14T07:07:36","modified_gmt":"2023-04-14T11:07:36","slug":"vereadores-reunem-se-com-autoridades-para-discutirem-seguranca-escolar","status":"publish","type":"post","link":"https:\/\/www.ocorreionews.com.br\/acervo-correio\/?p=236950","title":{"rendered":"Vereadores  re\u00fanem-se com autoridades para discutirem seguran\u00e7a escolar"},"content":{"rendered":"<p>Na tarde do ultimo dia 12 de abril, o presidente da C\u00e2mara Municipal, vereador Valdeci Passarinho (UNI\u00c3O), acompanhado dos vereadores: Ademir M\u00fcller (PSDB), \u00c2ngelo do Nicola (PP), Isabel do Zezinho (MDB), Evaldo Furtado (PP), Onilza Matias (PL), Paula do Edivaldinho (PP) e Rosangela Campos (PL), receberam, no plen\u00e1rio \u201cAdolfo Alves Carneiro\u201d, autoridades locais e regionais para discutirem a tem\u00e1tica da seguran\u00e7a escolar no munic\u00edpio.<\/p>\n<p>&nbsp;<\/p>\n<p>O tema tem sido abordado exaustivamente entre a comunidade escolar, e ganhou a aten\u00e7\u00e3o das autoridades que n\u00e3o se eximiram da responsabilidade de elaborar iniciativas e a\u00e7\u00f5es para oferecer mais seguran\u00e7a e tranquilidade aos profissionais da educa\u00e7\u00e3o, pais e alunos.<\/p>\n<p><a href=\"https:\/\/www.ocorreionews.com.br\/acervo-correio\/wp-content\/uploads\/2023\/04\/Passarinho-reuniao-escola-scaled.jpg\"><img loading=\"lazy\" decoding=\"async\" class=\"alignnone size-full wp-image-236959\" src=\"https:\/\/www.ocorreionews.com.br\/acervo-correio\/wp-content\/uploads\/2023\/04\/Passarinho-reuniao-escola-scaled.jpg\" alt=\"\" width=\"2560\" height=\"1707\" srcset=\"https:\/\/www.ocorreionews.com.br\/acervo-correio\/wp-content\/uploads\/2023\/04\/Passarinho-reuniao-escola-scaled.jpg 2560w, https:\/\/www.ocorreionews.com.br\/acervo-correio\/wp-content\/uploads\/2023\/04\/Passarinho-reuniao-escola-300x200.jpg 300w, https:\/\/www.ocorreionews.com.br\/acervo-correio\/wp-content\/uploads\/2023\/04\/Passarinho-reuniao-escola-1024x683.jpg 1024w, https:\/\/www.ocorreionews.com.br\/acervo-correio\/wp-content\/uploads\/2023\/04\/Passarinho-reuniao-escola-768x512.jpg 768w, https:\/\/www.ocorreionews.com.br\/acervo-correio\/wp-content\/uploads\/2023\/04\/Passarinho-reuniao-escola-1536x1024.jpg 1536w, https:\/\/www.ocorreionews.com.br\/acervo-correio\/wp-content\/uploads\/2023\/04\/Passarinho-reuniao-escola-2048x1365.jpg 2048w\" sizes=\"auto, (max-width: 2560px) 100vw, 2560px\" \/><\/a><\/p>\n<p>Uma dessas a\u00e7\u00f5es foram as in\u00fameras reuni\u00f5es realizadas, e esta, contou com a presen\u00e7a do prefeito Dalmy Cris\u00f3stomo, do vice-prefeito Valter Roniz, e da colabora\u00e7\u00e3o atrav\u00e9s de esclarecimentos para o desenvolvimento de estrat\u00e9gias das Pol\u00edcias Militar, representada pelo Major Tiago Almeida, Sargento Aurilei, Sargento Luis C\u00e9sar Ferreira de Melo; e Civil, representada pelo Policial Tarc\u00edsio.<\/p>\n<p>&nbsp;<\/p>\n<p>Algumas medidas de prote\u00e7\u00e3o j\u00e1 est\u00e3o sendo tomadas de imediato em todas as escolas do munic\u00edpio a fim de garantir a seguran\u00e7a. No entanto, se fez necess\u00e1rio que os policiais esclarecessem alguns pontos, especialmente, no que tange ao compartilhamento de \u201cfake News\u201d em grupos de whatsapp e demais redes sociais, gerando um p\u00e2nico coletivo entre os pais e funcion\u00e1rios.<\/p>\n<p>&nbsp;<\/p>\n<p>Os trabalhos preventivos das pol\u00edcias v\u00eam sendo desenvolvidos continuamente atrav\u00e9s dos servi\u00e7os de Intelig\u00eancia da PM e PJC, e permanecer\u00e3o com mais afinco. Mas, lembraram que espalhar not\u00edcias falsas (tradu\u00e7\u00e3o literal de \u201cfake News\u201d) \u00e9 crime pass\u00edvel de puni\u00e7\u00e3o legal.<\/p>\n<p>&nbsp;<\/p>\n<p>Esclarecimentos feitos, as autoridades elaborar\u00e3o a\u00e7\u00f5es e projetos a fim de tranquilizar a comunidade escolar, bem como garantir sua seguran\u00e7a e bem-estar de forma respons\u00e1vel e consciente.<\/p>\n<p>&nbsp;<\/p>\n<p>Estiveram presentes ainda, os secret\u00e1rios: de Educa\u00e7\u00e3o, Jesus Aparecido; de Obras, Fernando Nicoletti; de Assist\u00eancia Social, Alo\u00edsio Martins; de Administra\u00e7\u00e3o, C\u00e9lia Regina; as diretoras: Amanda Silvestrini, Cristina Selli, Vera L\u00facia e Cl\u00e9lia; a coordenadora pedag\u00f3gica Sara Giraldi; representantes da Associa\u00e7\u00e3o de Pais, Mestres e Funcion\u00e1rios \u2013 APMF; do Conselho Municipal dos Direitos da Crian\u00e7a e do Adolescente \u2013 CMDCA; e do Conselho Tutelar.-<\/p>\n<p>&nbsp;<\/p>\n<p>Bruna Souza<\/p>\n<p>Jornalista<\/p>\n<p>C\u00e2mara Municipal de Alcin\u00f3polis MS<\/p>\n","protected":false},"excerpt":{"rendered":"<p>Na tarde do ultimo dia 12 de abril, o presidente da C\u00e2mara Municipal, vereador Valdeci Passarinho (UNI\u00c3O), acompanhado dos vereadores: Ademir M\u00fcller (PSDB), \u00c2ngelo do Nicola (PP), Isabel do Zezinho (MDB), Evaldo Furtado (PP), Onilza Matias (PL), Paula do Edivaldinho (PP) e Rosangela Campos (PL), receberam, no plen\u00e1rio \u201cAdolfo Alves Carneiro\u201d, autoridades locais e regionais [&hellip;]<\/p>\n","protected":false},"author":4,"featured_media":236960,"comment_status":"closed","ping_status":"closed","sticky":false,"template":"","format":"standard","meta":{"footnotes":""},"categories":[18,20],"tags":[],"class_list":["post-236950","post","type-post","status-publish","format-standard","has-post-thumbnail","hentry","category-alcinopolis","category-camara-municipal"],"_links":{"self":[{"href":"https:\/\/www.ocorreionews.com.br\/acervo-correio\/index.php?rest_route=\/wp\/v2\/posts\/236950","targetHints":{"allow":["GET"]}}],"collection":[{"href":"https:\/\/www.ocorreionews.com.br\/acervo-correio\/index.php?rest_route=\/wp\/v2\/posts"}],"about":[{"href":"https:\/\/www.ocorreionews.com.br\/acervo-correio\/index.php?rest_route=\/wp\/v2\/types\/post"}],"author":[{"embeddable":true,"href":"https:\/\/www.ocorreionews.com.br\/acervo-correio\/index.php?rest_route=\/wp\/v2\/users\/4"}],"replies":[{"embeddable":true,"href":"https:\/\/www.ocorreionews.com.br\/acervo-correio\/index.php?rest_route=%2Fwp%2Fv2%2Fcomments&post=236950"}],"version-history":[{"count":1,"href":"https:\/\/www.ocorreionews.com.br\/acervo-correio\/index.php?rest_route=\/wp\/v2\/posts\/236950\/revisions"}],"predecessor-version":[{"id":236961,"href":"https:\/\/www.ocorreionews.com.br\/acervo-correio\/index.php?rest_route=\/wp\/v2\/posts\/236950\/revisions\/236961"}],"wp:featuredmedia":[{"embeddable":true,"href":"https:\/\/www.ocorreionews.com.br\/acervo-correio\/index.php?rest_route=\/wp\/v2\/media\/236960"}],"wp:attachment":[{"href":"https:\/\/www.ocorreionews.com.br\/acervo-correio\/index.php?rest_route=%2Fwp%2Fv2%2Fmedia&parent=236950"}],"wp:term":[{"taxonomy":"category","embeddable":true,"href":"https:\/\/www.ocorreionews.com.br\/acervo-correio\/index.php?rest_route=%2Fwp%2Fv2%2Fcategories&post=236950"},{"taxonomy":"post_tag","embeddable":true,"href":"https:\/\/www.ocorreionews.com.br\/acervo-correio\/index.php?rest_route=%2Fwp%2Fv2%2Ftags&post=236950"}],"curies":[{"name":"wp","href":"https:\/\/api.w.org\/{rel}","templated":true}]}}