{"id":237001,"date":"2023-04-14T06:22:05","date_gmt":"2023-04-14T10:22:05","guid":{"rendered":"https:\/\/www.ocorreionews.com.br\/acervo-correio\/?p=237001"},"modified":"2023-04-14T13:26:14","modified_gmt":"2023-04-14T17:26:14","slug":"costa-rica-esta-em-alerta-para-aumento-no-numero-dos-casos-de-sindrome-respiratoria-aguda-grave","status":"publish","type":"post","link":"https:\/\/www.ocorreionews.com.br\/acervo-correio\/?p=237001","title":{"rendered":"Costa Rica est\u00e1 em alerta para aumento no n\u00famero dos casos de S\u00edndrome Respirat\u00f3ria Aguda Grave"},"content":{"rendered":"<p>Considerando o aumento no n\u00famero dos casos de S\u00edndrome Respirat\u00f3ria Aguda Grave (SRAG hospitalizado) em crian\u00e7as e adolescentes, o Governo de Costa Rica, atrav\u00e9s da Secretaria Municipal de Sa\u00fade, alerta quanto a circula\u00e7\u00e3o intensificada de v\u00edrus respirat\u00f3rios \u2013 per\u00edodo de sazonalidade \u2013 nos meses mais frios do ano no pa\u00eds: abril, maio, junho e julho. At\u00e9 esta quinta-feira (13), Mato Grosso do Sul j\u00e1 contabiliza cinco \u00f3bitos relacionados \u00e0 doen\u00e7a.<\/p>\n<p>\u201cPara enfrentar esse momento de forma mais segura, \u00e9 fundamental que toda a popula\u00e7\u00e3o esteja em dia com a sua vacina\u00e7\u00e3o, de acordo com as doses recomendados para cada faixa et\u00e1ria\u201d, ressalta o secret\u00e1rio municipal de Sa\u00fade, Jovenaldo Francisco dos Santos.<\/p>\n<p>Conforme a coordenadora de Vigil\u00e2ncia em Sa\u00fade, Laura Viviane Gomes de Oliveira Rodrigues, na SRAG Hospitalizado \u00e9 poss\u00edvel fazer a identifica\u00e7\u00e3o viral, tendo como v\u00edrus circulante predominante nos casos de interna\u00e7\u00e3o, o Sincicial Respirat\u00f3rio. Nos demais atendimentos m\u00e9dicos, essa identifica\u00e7\u00e3o viral n\u00e3o \u00e9 realizada por n\u00e3o atender crit\u00e9rios cl\u00ednicos, n\u00e3o sendo poss\u00edvel identificar o v\u00edrus causador dessas s\u00edndromes gripais.<\/p>\n<p>Com a alta circula\u00e7\u00e3o de v\u00edrus respirat\u00f3rios, os servi\u00e7os de sa\u00fade p\u00fablicos est\u00e3o lotados em todo o estado. At\u00e9 a 14\u00aa Semana Epidemiol\u00f3gica deste ano, Mato Grosso do Sul contabilizou 1.827 notifica\u00e7\u00f5es de hospitaliza\u00e7\u00f5es por SRAG.<\/p>\n<p>Diante do cen\u00e1rio e do alerta emitido tamb\u00e9m pela Secretaria Estadual de Sa\u00fade, \u00a0a Vigil\u00e2ncia em Sa\u00fade de Costa Rica recomenda:<\/p>\n<ul>\n<li><span style=\"font-family: arial, helvetica, sans-serif;\">Toda crian\u00e7a que apresente sintomas gripais n\u00e3o seja enviada a escola e creche para que a transmissibilidade possa ser controlada;<\/span><\/li>\n<li><span style=\"font-family: arial, helvetica, sans-serif;\">Os pais e ou respons\u00e1veis procurem os Postos de Sa\u00fade para atendimento m\u00e9dico no intuito de prevenir poss\u00edveis complica\u00e7\u00f5es e interna\u00e7\u00f5es;<\/span><\/li>\n<li><span style=\"font-family: arial, helvetica, sans-serif;\">Manter as vacinas das crian\u00e7as sempre atualizadas.<\/span><br \/>\n<span style=\"font-family: arial, helvetica, sans-serif;\">\u00a0<\/span><\/li>\n<\/ul>\n<div class=\"ntc_area_info_noticia sw_lato\">\n<div>\n<div class=\"ntc_info_noticia\"><strong class=\"sw_lato_black\">Fonte: <\/strong>Assessoria de Comunica\u00e7\u00e3o, <strong class=\"sw_lato_black\">\u00a0<\/strong>Angela Bezerra<\/div>\n<\/div>\n<\/div>\n","protected":false},"excerpt":{"rendered":"<p>Considerando o aumento no n\u00famero dos casos de S\u00edndrome Respirat\u00f3ria Aguda Grave (SRAG hospitalizado) em crian\u00e7as e adolescentes, o Governo de Costa Rica, atrav\u00e9s da Secretaria Municipal de Sa\u00fade, alerta quanto a circula\u00e7\u00e3o intensificada de v\u00edrus respirat\u00f3rios \u2013 per\u00edodo de sazonalidade \u2013 nos meses mais frios do ano no pa\u00eds: abril, maio, junho e julho. [&hellip;]<\/p>\n","protected":false},"author":5,"featured_media":237002,"comment_status":"closed","ping_status":"closed","sticky":false,"template":"","format":"standard","meta":{"footnotes":""},"categories":[25,41],"tags":[],"class_list":["post-237001","post","type-post","status-publish","format-standard","has-post-thumbnail","hentry","category-costa-rica","category-destaque"],"_links":{"self":[{"href":"https:\/\/www.ocorreionews.com.br\/acervo-correio\/index.php?rest_route=\/wp\/v2\/posts\/237001","targetHints":{"allow":["GET"]}}],"collection":[{"href":"https:\/\/www.ocorreionews.com.br\/acervo-correio\/index.php?rest_route=\/wp\/v2\/posts"}],"about":[{"href":"https:\/\/www.ocorreionews.com.br\/acervo-correio\/index.php?rest_route=\/wp\/v2\/types\/post"}],"author":[{"embeddable":true,"href":"https:\/\/www.ocorreionews.com.br\/acervo-correio\/index.php?rest_route=\/wp\/v2\/users\/5"}],"replies":[{"embeddable":true,"href":"https:\/\/www.ocorreionews.com.br\/acervo-correio\/index.php?rest_route=%2Fwp%2Fv2%2Fcomments&post=237001"}],"version-history":[{"count":1,"href":"https:\/\/www.ocorreionews.com.br\/acervo-correio\/index.php?rest_route=\/wp\/v2\/posts\/237001\/revisions"}],"predecessor-version":[{"id":237004,"href":"https:\/\/www.ocorreionews.com.br\/acervo-correio\/index.php?rest_route=\/wp\/v2\/posts\/237001\/revisions\/237004"}],"wp:featuredmedia":[{"embeddable":true,"href":"https:\/\/www.ocorreionews.com.br\/acervo-correio\/index.php?rest_route=\/wp\/v2\/media\/237002"}],"wp:attachment":[{"href":"https:\/\/www.ocorreionews.com.br\/acervo-correio\/index.php?rest_route=%2Fwp%2Fv2%2Fmedia&parent=237001"}],"wp:term":[{"taxonomy":"category","embeddable":true,"href":"https:\/\/www.ocorreionews.com.br\/acervo-correio\/index.php?rest_route=%2Fwp%2Fv2%2Fcategories&post=237001"},{"taxonomy":"post_tag","embeddable":true,"href":"https:\/\/www.ocorreionews.com.br\/acervo-correio\/index.php?rest_route=%2Fwp%2Fv2%2Ftags&post=237001"}],"curies":[{"name":"wp","href":"https:\/\/api.w.org\/{rel}","templated":true}]}}