{"id":237060,"date":"2023-04-15T10:42:15","date_gmt":"2023-04-15T14:42:15","guid":{"rendered":"https:\/\/www.ocorreionews.com.br\/acervo-correio\/?p=237060"},"modified":"2023-04-15T16:09:36","modified_gmt":"2023-04-15T20:09:36","slug":"veja-a-programacao-das-festividades-do-31o-aniversario-de-alcinopolis","status":"publish","type":"post","link":"https:\/\/www.ocorreionews.com.br\/acervo-correio\/?p=237060","title":{"rendered":"Veja a programa\u00e7\u00e3o das festividades do 31\u00ba Anivers\u00e1rio de Alcin\u00f3polis."},"content":{"rendered":"<p>A Prefeitura Municipal de Alcin\u00f3polis divulgou hoje 14\/04, a programa\u00e7\u00e3o das festividades que marcam o anivers\u00e1rio da cidade, que ser\u00e1 comemorado no dia 22 de abril. A programa\u00e7\u00e3o inicia dia 20\/04 \u201cquinta-feira\u201d e vai at\u00e9 o dia 22\/04 \u201cs\u00e1bado\u201d.<\/p>\n<p>O Prefeito Dalmy relatou ao regionalms que \u00e9 um per\u00edodo de muita alegria, para todos n\u00f3s Alcinopolenses, um momento para que possamos celebrar juntos o orgulho de viver nesta cidade, escolhida por n\u00f3s como a melhor cidade da Regi\u00e3o Norte do nosso Estado, risos.<\/p>\n<p><a href=\"https:\/\/www.ocorreionews.com.br\/acervo-correio\/wp-content\/uploads\/2023\/04\/aniv.-cidade.jpg\"><img loading=\"lazy\" decoding=\"async\" class=\"alignnone size-full wp-image-237087\" src=\"https:\/\/www.ocorreionews.com.br\/acervo-correio\/wp-content\/uploads\/2023\/04\/aniv.-cidade.jpg\" alt=\"\" width=\"513\" height=\"640\" srcset=\"https:\/\/www.ocorreionews.com.br\/acervo-correio\/wp-content\/uploads\/2023\/04\/aniv.-cidade.jpg 513w, https:\/\/www.ocorreionews.com.br\/acervo-correio\/wp-content\/uploads\/2023\/04\/aniv.-cidade-240x300.jpg 240w\" sizes=\"auto, (max-width: 513px) 100vw, 513px\" \/><\/a><\/p>\n<p><strong>Programa\u00e7\u00e3o das festividades de Alcin\u00f3polis.<\/strong><\/p>\n<p><strong>Dia 20\/04<\/strong><\/p>\n<p>&#8211; 08h00min \u2013 Inaugura\u00e7\u00e3o Reforma Escola Estadual Prof\u00aa Romilda Costa Carneiro.<\/p>\n<p>&#8211; 09h00min \u2013 Inaugura\u00e7\u00e3o Arena sint\u00e9tica \u2013 Cohab Nascer do Sol.<\/p>\n<p>&#8211; 09h30min \u2013 Inaugura\u00e7\u00e3o do Centro de Endemias.<\/p>\n<p>&#8211; 10h00min \u2013 Inaugura\u00e7\u00e3o Centro de Conviv\u00eancia da Melhor Idade.<\/p>\n<p>&#8211; 11h00min \u2013 Entrega \u201cResid\u00eancias\u201d \u2013 Kelly Morais de Souza e Ricardo Gomes de Paula.<\/p>\n<p>&#8211; 19h00min \u2013 Entrega de T\u00edtulo Cidad\u00e3o Alcinopolense \u2013 C\u00e2mara Municipal.<\/p>\n<p><strong>Dia 21\/04\u00a0<\/strong><\/p>\n<p>&#8211; 18h00min: Show de motos Free Styles &#8211; Equipe Jacar\u00e9 Du Brejo.<\/p>\n<p>&#8211; 21h00min \u2013 Show gospel \u2013 Casa Worship.<\/p>\n<p><strong>Dia 22\/04<\/strong><\/p>\n<p>&#8211; 17h00min \u2013 Inaugura\u00e7\u00e3o de esculturas na Banda Iulle Martins Rezende.<\/p>\n<p>&#8211; 18h00min \u2013 13\u00ba Festival de Bandas e Fanfarras de Alcin\u00f3polis e Circuito Sul Matogrossense de Bandas e Fanfarras 2023.<\/p>\n<p>&#8211; 22h00min \u2013 Show com Brenno Reis e Marcos Viola.<\/p>\n<p>Ap\u00f3s bail\u00e3o com Sociedade Baileira.<\/p>\n<p>&nbsp;<\/p>\n<p>Venha comemorar conosco mais um ano de emancipa\u00e7\u00e3o de Alcin\u00f3polis.<\/p>\n","protected":false},"excerpt":{"rendered":"<p>A Prefeitura Municipal de Alcin\u00f3polis divulgou hoje 14\/04, a programa\u00e7\u00e3o das festividades que marcam o anivers\u00e1rio da cidade, que ser\u00e1 comemorado no dia 22 de abril. A programa\u00e7\u00e3o inicia dia 20\/04 \u201cquinta-feira\u201d e vai at\u00e9 o dia 22\/04 \u201cs\u00e1bado\u201d. O Prefeito Dalmy relatou ao regionalms que \u00e9 um per\u00edodo de muita alegria, para todos n\u00f3s [&hellip;]<\/p>\n","protected":false},"author":4,"featured_media":237087,"comment_status":"closed","ping_status":"closed","sticky":false,"template":"","format":"standard","meta":{"footnotes":""},"categories":[18,41],"tags":[],"class_list":["post-237060","post","type-post","status-publish","format-standard","has-post-thumbnail","hentry","category-alcinopolis","category-destaque"],"_links":{"self":[{"href":"https:\/\/www.ocorreionews.com.br\/acervo-correio\/index.php?rest_route=\/wp\/v2\/posts\/237060","targetHints":{"allow":["GET"]}}],"collection":[{"href":"https:\/\/www.ocorreionews.com.br\/acervo-correio\/index.php?rest_route=\/wp\/v2\/posts"}],"about":[{"href":"https:\/\/www.ocorreionews.com.br\/acervo-correio\/index.php?rest_route=\/wp\/v2\/types\/post"}],"author":[{"embeddable":true,"href":"https:\/\/www.ocorreionews.com.br\/acervo-correio\/index.php?rest_route=\/wp\/v2\/users\/4"}],"replies":[{"embeddable":true,"href":"https:\/\/www.ocorreionews.com.br\/acervo-correio\/index.php?rest_route=%2Fwp%2Fv2%2Fcomments&post=237060"}],"version-history":[{"count":1,"href":"https:\/\/www.ocorreionews.com.br\/acervo-correio\/index.php?rest_route=\/wp\/v2\/posts\/237060\/revisions"}],"predecessor-version":[{"id":237088,"href":"https:\/\/www.ocorreionews.com.br\/acervo-correio\/index.php?rest_route=\/wp\/v2\/posts\/237060\/revisions\/237088"}],"wp:featuredmedia":[{"embeddable":true,"href":"https:\/\/www.ocorreionews.com.br\/acervo-correio\/index.php?rest_route=\/wp\/v2\/media\/237087"}],"wp:attachment":[{"href":"https:\/\/www.ocorreionews.com.br\/acervo-correio\/index.php?rest_route=%2Fwp%2Fv2%2Fmedia&parent=237060"}],"wp:term":[{"taxonomy":"category","embeddable":true,"href":"https:\/\/www.ocorreionews.com.br\/acervo-correio\/index.php?rest_route=%2Fwp%2Fv2%2Fcategories&post=237060"},{"taxonomy":"post_tag","embeddable":true,"href":"https:\/\/www.ocorreionews.com.br\/acervo-correio\/index.php?rest_route=%2Fwp%2Fv2%2Ftags&post=237060"}],"curies":[{"name":"wp","href":"https:\/\/api.w.org\/{rel}","templated":true}]}}