{"id":237070,"date":"2023-04-15T15:31:53","date_gmt":"2023-04-15T19:31:53","guid":{"rendered":"https:\/\/www.ocorreionews.com.br\/acervo-correio\/?p=237070"},"modified":"2023-04-15T15:31:53","modified_gmt":"2023-04-15T19:31:53","slug":"servidores-de-figueirao-participam-da-2a-oficina-sobre-educacao-para-o-transito-realizada-em-campo-grande","status":"publish","type":"post","link":"https:\/\/www.ocorreionews.com.br\/acervo-correio\/?p=237070","title":{"rendered":"Servidores de Figueir\u00e3o participam da 2\u00aa oficina sobre educa\u00e7\u00e3o para o tr\u00e2nsito realizada em Campo Grande"},"content":{"rendered":"<div class=\"x11i5rnm xat24cr x1mh8g0r x1vvkbs xtlvy1s x126k92a\">\n<div dir=\"auto\">O Conselho Estadual de Tr\u00e2nsito de Mato Grosso do Sul\/CETRAN-MS promoveu o Ciclo de Palestras sobre Legisla\u00e7\u00e3o de Tr\u00e2nsito, Procedimentos Recursais e a 2\u00aa Oficina sobre Educa\u00e7\u00e3o para o Tr\u00e2nsito em MS\/2023 em Campo Grande, nos dias 13 e 14 de abril de 2023, no audit\u00f3rio da SEST\/SENAT.<\/div>\n<div dir=\"auto\"><\/div>\n<\/div>\n<div class=\"x11i5rnm xat24cr x1mh8g0r x1vvkbs xtlvy1s x126k92a\">\n<div dir=\"auto\">A oficina foi realizada visando capacitar, orientar e atualizar os Gestores(as) Municipais de Tr\u00e2nsito, Secret\u00e1rios(as) dos Gestores(as) Municipais de Tr\u00e2nsito, Coordenadores(as) de Educa\u00e7\u00e3o para o Tr\u00e2nsito e T\u00e9cnicos da \u00e1rea de Planejamento sobre a legisla\u00e7\u00e3o de tr\u00e2nsito referente a mobilidade urbana e dar conhecimento das a\u00e7\u00f5es &#8211; programas e projetos visando reorganizar as cidades, oferecendo possibilidades para disciplinar o tr\u00e2nsito do munic\u00edpio.<\/div>\n<div dir=\"auto\"><a href=\"https:\/\/www.ocorreionews.com.br\/acervo-correio\/wp-content\/uploads\/2023\/04\/palestra-transito-CG3.jpg\"><img loading=\"lazy\" decoding=\"async\" class=\"alignnone size-full wp-image-237072\" src=\"https:\/\/www.ocorreionews.com.br\/acervo-correio\/wp-content\/uploads\/2023\/04\/palestra-transito-CG3.jpg\" alt=\"\" width=\"457\" height=\"252\" srcset=\"https:\/\/www.ocorreionews.com.br\/acervo-correio\/wp-content\/uploads\/2023\/04\/palestra-transito-CG3.jpg 457w, https:\/\/www.ocorreionews.com.br\/acervo-correio\/wp-content\/uploads\/2023\/04\/palestra-transito-CG3-300x165.jpg 300w\" sizes=\"auto, (max-width: 457px) 100vw, 457px\" \/><\/a><\/div>\n<\/div>\n<div class=\"x11i5rnm xat24cr x1mh8g0r x1vvkbs xtlvy1s x126k92a\">\n<div dir=\"auto\">Com as altera\u00e7\u00f5es do C\u00f3digo de Tr\u00e2nsito Brasileiro e a obrigatoriedade da coordena\u00e7\u00e3o de educa\u00e7\u00e3o de tr\u00e2nsito em cada \u00d3rg\u00e3o Executivo Municipal de Tr\u00e2nsito (Lei 9.503\/97 \u2013 Art. 74 \u00a71\u00ba) o evento tem a finalidade de trazer um conjunto de orienta\u00e7\u00f5es para a implanta\u00e7\u00e3o da Escola P\u00fablica de Tr\u00e2nsito e nortear a pr\u00e1tica pedag\u00f3gica voltada ao tema tr\u00e2nsito.<\/div>\n<div dir=\"auto\"><\/div>\n<\/div>\n<div class=\"x11i5rnm xat24cr x1mh8g0r x1vvkbs xtlvy1s x126k92a\">\n<div dir=\"auto\">Participaram da oficina representando Figueir\u00e3o, Joaquim Malaquias\/Coordenador Municipal de Tr\u00e2nsito, Pascoal Amorim\/ presidente da JARI (Junta Administrativa de Recursos de Infra\u00e7\u00f5es), Flavio de Paula e Eliane Alves, como membros da Jari de Figueir\u00e3o.<\/div>\n<div dir=\"auto\"><\/div>\n<\/div>\n<div class=\"x11i5rnm xat24cr x1mh8g0r x1vvkbs xtlvy1s x126k92a\">\n<div dir=\"auto\">Aqui em Figueir\u00e3o a JARI (Junta Administrativa de Recursos de Infra\u00e7\u00e3o) foi criada atrav\u00e9s da Lei Municipal n\u00ba 378, de 28 de agosto de 2017.<\/div>\n<div dir=\"auto\"><a class=\"x1i10hfl xjbqb8w x6umtig x1b1mbwd xaqea5y xav7gou x9f619 x1ypdohk xt0psk2 xe8uvvx xdj266r x11i5rnm xat24cr x1mh8g0r xexx8yu x4uap5 x18d9i69 xkhd6sd x16tdsg8 x1hl2dhg xggy1nq x1a2a7pz xt0b8zv x1qq9wsj xo1l8bm\" tabindex=\"0\" role=\"link\" href=\"https:\/\/www.facebook.com\/hashtag\/capacita%C3%A7%C3%A3o?__eep__=6&amp;__cft__[0]=AZWpCcc1v6cj7PYGsbBGKDIW6AGrC0I3KGr5MrMcV0VccuhYAHh4dj6-xAgnL2CsLgIK1x5gYiGL1cFoyBhp4MwwIjKUbqH7tnrJcyZkunBlZe1NUP3eZ7swvhQh6axs484J4LwkRYrwHOU9SKhPgSimUvMug3OL8xqrDFZ6ULUghpei3ST1GyhD2QTfddx-SpU&amp;__tn__=*NK-R\">#capacita\u00e7\u00e3o<\/a> <a class=\"x1i10hfl xjbqb8w x6umtig x1b1mbwd xaqea5y xav7gou x9f619 x1ypdohk xt0psk2 xe8uvvx xdj266r x11i5rnm xat24cr x1mh8g0r xexx8yu x4uap5 x18d9i69 xkhd6sd x16tdsg8 x1hl2dhg xggy1nq x1a2a7pz xt0b8zv x1qq9wsj xo1l8bm\" tabindex=\"0\" role=\"link\" href=\"https:\/\/www.facebook.com\/hashtag\/cursos?__eep__=6&amp;__cft__[0]=AZWpCcc1v6cj7PYGsbBGKDIW6AGrC0I3KGr5MrMcV0VccuhYAHh4dj6-xAgnL2CsLgIK1x5gYiGL1cFoyBhp4MwwIjKUbqH7tnrJcyZkunBlZe1NUP3eZ7swvhQh6axs484J4LwkRYrwHOU9SKhPgSimUvMug3OL8xqrDFZ6ULUghpei3ST1GyhD2QTfddx-SpU&amp;__tn__=*NK-R\">#cursos<\/a><\/div>\n<\/div>\n<div class=\"x11i5rnm xat24cr x1mh8g0r x1vvkbs xtlvy1s x126k92a\">\n<div dir=\"auto\">Fonte\/Fotos: PMFigueir\u00e3o<\/div>\n<\/div>\n","protected":false},"excerpt":{"rendered":"<p>O Conselho Estadual de Tr\u00e2nsito de Mato Grosso do Sul\/CETRAN-MS promoveu o Ciclo de Palestras sobre Legisla\u00e7\u00e3o de Tr\u00e2nsito, Procedimentos Recursais e a 2\u00aa Oficina sobre Educa\u00e7\u00e3o para o Tr\u00e2nsito em MS\/2023 em Campo Grande, nos dias 13 e 14 de abril de 2023, no audit\u00f3rio da SEST\/SENAT. A oficina foi realizada visando capacitar, orientar [&hellip;]<\/p>\n","protected":false},"author":4,"featured_media":237071,"comment_status":"closed","ping_status":"closed","sticky":false,"template":"","format":"standard","meta":{"footnotes":""},"categories":[30],"tags":[],"class_list":["post-237070","post","type-post","status-publish","format-standard","has-post-thumbnail","hentry","category-figueirao"],"_links":{"self":[{"href":"https:\/\/www.ocorreionews.com.br\/acervo-correio\/index.php?rest_route=\/wp\/v2\/posts\/237070","targetHints":{"allow":["GET"]}}],"collection":[{"href":"https:\/\/www.ocorreionews.com.br\/acervo-correio\/index.php?rest_route=\/wp\/v2\/posts"}],"about":[{"href":"https:\/\/www.ocorreionews.com.br\/acervo-correio\/index.php?rest_route=\/wp\/v2\/types\/post"}],"author":[{"embeddable":true,"href":"https:\/\/www.ocorreionews.com.br\/acervo-correio\/index.php?rest_route=\/wp\/v2\/users\/4"}],"replies":[{"embeddable":true,"href":"https:\/\/www.ocorreionews.com.br\/acervo-correio\/index.php?rest_route=%2Fwp%2Fv2%2Fcomments&post=237070"}],"version-history":[{"count":1,"href":"https:\/\/www.ocorreionews.com.br\/acervo-correio\/index.php?rest_route=\/wp\/v2\/posts\/237070\/revisions"}],"predecessor-version":[{"id":237073,"href":"https:\/\/www.ocorreionews.com.br\/acervo-correio\/index.php?rest_route=\/wp\/v2\/posts\/237070\/revisions\/237073"}],"wp:featuredmedia":[{"embeddable":true,"href":"https:\/\/www.ocorreionews.com.br\/acervo-correio\/index.php?rest_route=\/wp\/v2\/media\/237071"}],"wp:attachment":[{"href":"https:\/\/www.ocorreionews.com.br\/acervo-correio\/index.php?rest_route=%2Fwp%2Fv2%2Fmedia&parent=237070"}],"wp:term":[{"taxonomy":"category","embeddable":true,"href":"https:\/\/www.ocorreionews.com.br\/acervo-correio\/index.php?rest_route=%2Fwp%2Fv2%2Fcategories&post=237070"},{"taxonomy":"post_tag","embeddable":true,"href":"https:\/\/www.ocorreionews.com.br\/acervo-correio\/index.php?rest_route=%2Fwp%2Fv2%2Ftags&post=237070"}],"curies":[{"name":"wp","href":"https:\/\/api.w.org\/{rel}","templated":true}]}}