{"id":237083,"date":"2023-04-15T16:03:58","date_gmt":"2023-04-15T20:03:58","guid":{"rendered":"https:\/\/www.ocorreionews.com.br\/acervo-correio\/?p=237083"},"modified":"2023-04-15T16:03:58","modified_gmt":"2023-04-15T20:03:58","slug":"explosao-mata-18-mil-vacas-nos-eua-gas-do-pum-bovino-pode-ser-causa","status":"publish","type":"post","link":"https:\/\/www.ocorreionews.com.br\/acervo-correio\/?p=237083","title":{"rendered":"Explos\u00e3o mata 18 mil vacas nos EUA; g\u00e1s do \u201cpum bovino\u201d pode ser causa"},"content":{"rendered":"<div class=\"elementor-element elementor-element-27538ce elementor-widget elementor-widget-theme-post-content\" data-id=\"27538ce\" data-element_type=\"widget\" data-widget_type=\"theme-post-content.default\">\n<div class=\"elementor-widget-container\">\n<p><strong><em>H\u00e1 suspeita de que inc\u00eandio tenha se iniciado com inflama\u00e7\u00e3o do g\u00e1s metano no local. Subst\u00e2ncia \u00e9 liberada no \u201cpum\u201d e arroto de bovinos<\/em><\/strong><\/p>\n<p>Uma explos\u00e3o seguida de um inc\u00eandio ) na localidade de South Fork Dairy, no estado do Texas, nos Estados Unidos, matou cerca de 18 mil vacas e feriu uma funcion\u00e1ria da fazenda.<\/p>\n<p>Em um comunicado, o Comiss\u00e1rio para a Agricultura do Texas, Sid Miller, disse que as causas do incidente ainda s\u00e3o desconhecidas e classificou o epis\u00f3dio como um \u201cacontecimento horr\u00edvel\u201d. \u201cEsse foi o inc\u00eandio mais mortal em um celeiro na hist\u00f3ria do Texas, e a limpeza e a investiga\u00e7\u00e3o devem levar algum tempo\u201d, afirmou.<\/p>\n<figure id=\"attachment_75102\" class=\"wp-caption aligncenter\" aria-describedby=\"caption-attachment-75102\"><img loading=\"lazy\" decoding=\"async\" class=\"wp-image-75102 size-full lazyloaded\" src=\"https:\/\/folhacg.com.br\/wp-content\/uploads\/2023\/04\/pum.jpg\" sizes=\"auto, (max-width: 640px) 100vw, 640px\" srcset=\"https:\/\/folhacg.com.br\/wp-content\/uploads\/2023\/04\/pum.jpg 640w, https:\/\/folhacg.com.br\/wp-content\/uploads\/2023\/04\/pum-300x131.jpg 300w\" alt=\"\" width=\"640\" height=\"280\" data-srcset=\"https:\/\/folhacg.com.br\/wp-content\/uploads\/2023\/04\/pum.jpg 640w, https:\/\/folhacg.com.br\/wp-content\/uploads\/2023\/04\/pum-300x131.jpg 300w\" data-src=\"https:\/\/folhacg.com.br\/wp-content\/uploads\/2023\/04\/pum.jpg\" data-sizes=\"(max-width: 640px) 100vw, 640px\" \/><figcaption id=\"caption-attachment-75102\" class=\"wp-caption-text\">G\u00e1s metano pode estar por tr\u00e1s de trag\u00e9dia Foto: DW \/ Deutsche Welle<\/figcaption><\/figure>\n<p>O xerife do condado de Castro, Sal Rivera, disse que o incidente pode ter sido iniciado ap\u00f3s um superaquecimento de um sistema para remover esterco que causou \u00e0 igni\u00e7\u00e3o do g\u00e1s metano presente no local. No entanto, ele destacou que o caso ainda est\u00e1 sob investiga\u00e7\u00e3o. \u201cAssim que soubermos as causas e os fatores que levaram a essa trag\u00e9dia, o p\u00fablico ser\u00e1 plenamente informado a respeito. Para que trag\u00e9dias como essa possam ser evitadas no futuro\u201d, destacou.<\/p>\n<p>Um dos principais gases causadores do efeito estufa, o metano \u00e9 liberado no arroto e \u201cpum\u201d de bovinos e \u00e9 resultado do processo de digest\u00e3o destes animais.<\/p>\n<p>Uma funcion\u00e1ria da fazenda teria ficado gravemente ferida ap\u00f3s ficar presa dentro da instala\u00e7\u00e3o em chamas. Ela foi resgatada por policiais e bombeiros e levada a um hospital da cidade de Lubbock.<\/p>\n<p>De acordo com as autoridades, os propriet\u00e1rios da fazenda n\u00e3o foram localizados. Um v\u00eddeo publicado no Twitter estimou que o celeiro tenha mais de 198 mil metros quadrados.<\/p>\n<p>\u201cH\u00e1 li\u00e7\u00f5es a serem aprendidas, e o impacto desse inc\u00eandio pode influenciar o entorno [da fazenda] e tamb\u00e9m a pr\u00f3pria ind\u00fastria\u201d, disse Miller.<\/p>\n<p>O incidente levou o Animal Welfare Institute, uma das mais antigas institui\u00e7\u00f5es de combate ao sofrimento animal, a instar o Texas a impor regulamentos federais de prote\u00e7\u00e3o nos criadouros: \u201cAs fazendas devem trabalhar ainda mais para proteger os animais, adotando medidas padr\u00f5es de seguran\u00e7a contra inc\u00eandios\u201d, escreveu o instituto no Twitter.<\/p>\n<\/div>\n<\/div>\n","protected":false},"excerpt":{"rendered":"<p>H\u00e1 suspeita de que inc\u00eandio tenha se iniciado com inflama\u00e7\u00e3o do g\u00e1s metano no local. Subst\u00e2ncia \u00e9 liberada no \u201cpum\u201d e arroto de bovinos Uma explos\u00e3o seguida de um inc\u00eandio ) na localidade de South Fork Dairy, no estado do Texas, nos Estados Unidos, matou cerca de 18 mil vacas e feriu uma funcion\u00e1ria da [&hellip;]<\/p>\n","protected":false},"author":4,"featured_media":237084,"comment_status":"closed","ping_status":"closed","sticky":false,"template":"","format":"standard","meta":{"footnotes":""},"categories":[17],"tags":[],"class_list":["post-237083","post","type-post","status-publish","format-standard","has-post-thumbnail","hentry","category-agropecuaria"],"_links":{"self":[{"href":"https:\/\/www.ocorreionews.com.br\/acervo-correio\/index.php?rest_route=\/wp\/v2\/posts\/237083","targetHints":{"allow":["GET"]}}],"collection":[{"href":"https:\/\/www.ocorreionews.com.br\/acervo-correio\/index.php?rest_route=\/wp\/v2\/posts"}],"about":[{"href":"https:\/\/www.ocorreionews.com.br\/acervo-correio\/index.php?rest_route=\/wp\/v2\/types\/post"}],"author":[{"embeddable":true,"href":"https:\/\/www.ocorreionews.com.br\/acervo-correio\/index.php?rest_route=\/wp\/v2\/users\/4"}],"replies":[{"embeddable":true,"href":"https:\/\/www.ocorreionews.com.br\/acervo-correio\/index.php?rest_route=%2Fwp%2Fv2%2Fcomments&post=237083"}],"version-history":[{"count":1,"href":"https:\/\/www.ocorreionews.com.br\/acervo-correio\/index.php?rest_route=\/wp\/v2\/posts\/237083\/revisions"}],"predecessor-version":[{"id":237085,"href":"https:\/\/www.ocorreionews.com.br\/acervo-correio\/index.php?rest_route=\/wp\/v2\/posts\/237083\/revisions\/237085"}],"wp:featuredmedia":[{"embeddable":true,"href":"https:\/\/www.ocorreionews.com.br\/acervo-correio\/index.php?rest_route=\/wp\/v2\/media\/237084"}],"wp:attachment":[{"href":"https:\/\/www.ocorreionews.com.br\/acervo-correio\/index.php?rest_route=%2Fwp%2Fv2%2Fmedia&parent=237083"}],"wp:term":[{"taxonomy":"category","embeddable":true,"href":"https:\/\/www.ocorreionews.com.br\/acervo-correio\/index.php?rest_route=%2Fwp%2Fv2%2Fcategories&post=237083"},{"taxonomy":"post_tag","embeddable":true,"href":"https:\/\/www.ocorreionews.com.br\/acervo-correio\/index.php?rest_route=%2Fwp%2Fv2%2Ftags&post=237083"}],"curies":[{"name":"wp","href":"https:\/\/api.w.org\/{rel}","templated":true}]}}