{"id":237144,"date":"2023-04-17T09:42:23","date_gmt":"2023-04-17T13:42:23","guid":{"rendered":"https:\/\/www.ocorreionews.com.br\/acervo-correio\/?p=237144"},"modified":"2023-04-17T09:42:23","modified_gmt":"2023-04-17T13:42:23","slug":"frente-fria-chega-em-ms-e-temperadora-pode-chegar-aos-11oc-em-chapadao-do-sul","status":"publish","type":"post","link":"https:\/\/www.ocorreionews.com.br\/acervo-correio\/?p=237144","title":{"rendered":"Frente fria chega em MS e temperadora pode chegar aos 11\u00baC em Chapad\u00e3o do Sul"},"content":{"rendered":"<p>Chapad\u00e3o do Sul poder\u00e1 enfrentar 11\u00baC nesta semana segundo previs\u00e3o do tempo. Esta ser\u00e1 a m\u00ednima na sexta-feira (21), segundo o Inmet (Instituto Nacional de Meteorologia), e a m\u00e1xima chega aos 28\u00baC.<\/p>\n<p>Na quinta-feira (20), Ponta Por\u00e3 deve enfrentar 9\u00baC, dia 20, e mais ao sul, Sete Quedas e Iguatemi devem registrar 10\u00baC e Mundo Novo, 11\u00baC. A m\u00e1xima nessas localidades n\u00e3o passar\u00e1 dos 22\u00baC.<\/p>\n<p>E as proje\u00e7\u00f5es s\u00e3o ainda mais frias para depois e o feriado de 21 de abril poder\u00e1 ser de temperaturas ainda mais baixas. A frente fria que se aproxima est\u00e1 sobre a regi\u00e3o Sul do Brasil, mas vai avan\u00e7ar sobre o interior do Pa\u00eds. Conforme o Climatempo, as proje\u00e7\u00f5es atmosf\u00e9ricas de m\u00e9dio prazo come\u00e7am a mostrar frio de verdade para o feriado de 21 de abril.<\/p>\n<p>Outro site, o Metsul indica que uma massa de ar frio vai derrubar a temperatura nesta semana no Centro-Oeste, que inclui Mato Grosso do Sul. \u201cO ingresso do ar mais frio ser\u00e1 proporcionado por tr\u00eas ciclones extratropicais e em dois momentos diferentes da semana. Por isso, agora no come\u00e7o da semana, a influ\u00eancia do ar frio ser\u00e1 menos abrangente e no final atingir\u00e1 um maior n\u00famero de \u00e1reas e com maior for\u00e7a\u201d.<\/p>\n<p><strong>Chuva \u2013<\/strong> Antes da temperatura baixar de vez, algumas cidades do Estado dever\u00e3o enfrentar chuva intensa, como Corumb\u00e1, onde h\u00e1 alerta de chuvas intensas at\u00e9 as 10h de amanh\u00e3 com chuva de at\u00e9 100 mm ao dia, ventos intensos entre 60 e 100 km\/h, al\u00e9m de risco de corte de energia el\u00e9trica, queda de galhos de \u00e1rvores, alagamentos e de descargas el\u00e9tricas.<\/p>\n<p>No mesmo per\u00edodo, Navira\u00ed e Taquarussu devem sofrer com tempestades e risco de queda de granizo, de corte de energia el\u00e9trica, estragos em planta\u00e7\u00f5es, queda de \u00e1rvores e alagamentos.<\/p>\n<p>&nbsp;<\/p>\n<p>Com informa\u00e7\u00f5es de Campo Grande News (Lucia Morel)<\/p>\n","protected":false},"excerpt":{"rendered":"<p>Chapad\u00e3o do Sul poder\u00e1 enfrentar 11\u00baC nesta semana segundo previs\u00e3o do tempo. Esta ser\u00e1 a m\u00ednima na sexta-feira (21), segundo o Inmet (Instituto Nacional de Meteorologia), e a m\u00e1xima chega aos 28\u00baC. Na quinta-feira (20), Ponta Por\u00e3 deve enfrentar 9\u00baC, dia 20, e mais ao sul, Sete Quedas e Iguatemi devem registrar 10\u00baC e Mundo [&hellip;]<\/p>\n","protected":false},"author":5,"featured_media":144511,"comment_status":"closed","ping_status":"closed","sticky":false,"template":"","format":"standard","meta":{"footnotes":""},"categories":[23,41],"tags":[],"class_list":["post-237144","post","type-post","status-publish","format-standard","has-post-thumbnail","hentry","category-chapadao-do-sul","category-destaque"],"_links":{"self":[{"href":"https:\/\/www.ocorreionews.com.br\/acervo-correio\/index.php?rest_route=\/wp\/v2\/posts\/237144","targetHints":{"allow":["GET"]}}],"collection":[{"href":"https:\/\/www.ocorreionews.com.br\/acervo-correio\/index.php?rest_route=\/wp\/v2\/posts"}],"about":[{"href":"https:\/\/www.ocorreionews.com.br\/acervo-correio\/index.php?rest_route=\/wp\/v2\/types\/post"}],"author":[{"embeddable":true,"href":"https:\/\/www.ocorreionews.com.br\/acervo-correio\/index.php?rest_route=\/wp\/v2\/users\/5"}],"replies":[{"embeddable":true,"href":"https:\/\/www.ocorreionews.com.br\/acervo-correio\/index.php?rest_route=%2Fwp%2Fv2%2Fcomments&post=237144"}],"version-history":[{"count":1,"href":"https:\/\/www.ocorreionews.com.br\/acervo-correio\/index.php?rest_route=\/wp\/v2\/posts\/237144\/revisions"}],"predecessor-version":[{"id":237148,"href":"https:\/\/www.ocorreionews.com.br\/acervo-correio\/index.php?rest_route=\/wp\/v2\/posts\/237144\/revisions\/237148"}],"wp:featuredmedia":[{"embeddable":true,"href":"https:\/\/www.ocorreionews.com.br\/acervo-correio\/index.php?rest_route=\/wp\/v2\/media\/144511"}],"wp:attachment":[{"href":"https:\/\/www.ocorreionews.com.br\/acervo-correio\/index.php?rest_route=%2Fwp%2Fv2%2Fmedia&parent=237144"}],"wp:term":[{"taxonomy":"category","embeddable":true,"href":"https:\/\/www.ocorreionews.com.br\/acervo-correio\/index.php?rest_route=%2Fwp%2Fv2%2Fcategories&post=237144"},{"taxonomy":"post_tag","embeddable":true,"href":"https:\/\/www.ocorreionews.com.br\/acervo-correio\/index.php?rest_route=%2Fwp%2Fv2%2Ftags&post=237144"}],"curies":[{"name":"wp","href":"https:\/\/api.w.org\/{rel}","templated":true}]}}