{"id":237156,"date":"2023-04-17T10:13:00","date_gmt":"2023-04-17T14:13:00","guid":{"rendered":"https:\/\/www.ocorreionews.com.br\/acervo-correio\/?p=237156"},"modified":"2023-04-17T10:13:00","modified_gmt":"2023-04-17T14:13:00","slug":"homem-e-detido-por-fornecer-bebidas-alcoolicas-para-duas-adolescentes-em-costa-rica","status":"publish","type":"post","link":"https:\/\/www.ocorreionews.com.br\/acervo-correio\/?p=237156","title":{"rendered":"Homem \u00e9 detido por fornecer bebidas alco\u00f3licas para duas adolescentes em Costa Rica"},"content":{"rendered":"<p>Um comerciante de 46 anos, acabou sendo detido na madrugada deste domingo em Costa Rica, por fornecer bebidas alco\u00f3licas para duas adolescentes.<\/p>\n<p>De acordo com informa\u00e7\u00f5es do Boletim de Ocorr\u00eancia, por voltas 00:30min os policiais militares de Costa Rica, foram acionados pelo conselho tutelar, que recebeu uma den\u00fancia que em uma conveni\u00eancia na Avenida Jos\u00e9 Ferreira da Costa, havia menores ingerindo bebida alco\u00f3lica.<\/p>\n<p>Os militares juntamente com as conselheiras tutelares foram at\u00e9 o local, onde foram localizadas duas menores uma de 16 e a outra de 17 anos, ingerindo bebidas alco\u00f3lica (cerveja), as v\u00edtimas relataram que compraram a cerveja no estabelecimento, e o propriet\u00e1rio admitiu ter fornecido a bebida para as menores.<\/p>\n<p>Diante do exposto encaminhamos o autor a delegacia e as menores conduzidas pelas conselheiras, onde foi confeccionado este B.O.<\/p>\n","protected":false},"excerpt":{"rendered":"<p>Um comerciante de 46 anos, acabou sendo detido na madrugada deste domingo em Costa Rica, por fornecer bebidas alco\u00f3licas para duas adolescentes. De acordo com informa\u00e7\u00f5es do Boletim de Ocorr\u00eancia, por voltas 00:30min os policiais militares de Costa Rica, foram acionados pelo conselho tutelar, que recebeu uma den\u00fancia que em uma conveni\u00eancia na Avenida Jos\u00e9 [&hellip;]<\/p>\n","protected":false},"author":5,"featured_media":229890,"comment_status":"closed","ping_status":"closed","sticky":false,"template":"","format":"standard","meta":{"footnotes":""},"categories":[25,38],"tags":[],"class_list":["post-237156","post","type-post","status-publish","format-standard","has-post-thumbnail","hentry","category-costa-rica","category-policia"],"_links":{"self":[{"href":"https:\/\/www.ocorreionews.com.br\/acervo-correio\/index.php?rest_route=\/wp\/v2\/posts\/237156","targetHints":{"allow":["GET"]}}],"collection":[{"href":"https:\/\/www.ocorreionews.com.br\/acervo-correio\/index.php?rest_route=\/wp\/v2\/posts"}],"about":[{"href":"https:\/\/www.ocorreionews.com.br\/acervo-correio\/index.php?rest_route=\/wp\/v2\/types\/post"}],"author":[{"embeddable":true,"href":"https:\/\/www.ocorreionews.com.br\/acervo-correio\/index.php?rest_route=\/wp\/v2\/users\/5"}],"replies":[{"embeddable":true,"href":"https:\/\/www.ocorreionews.com.br\/acervo-correio\/index.php?rest_route=%2Fwp%2Fv2%2Fcomments&post=237156"}],"version-history":[{"count":1,"href":"https:\/\/www.ocorreionews.com.br\/acervo-correio\/index.php?rest_route=\/wp\/v2\/posts\/237156\/revisions"}],"predecessor-version":[{"id":237157,"href":"https:\/\/www.ocorreionews.com.br\/acervo-correio\/index.php?rest_route=\/wp\/v2\/posts\/237156\/revisions\/237157"}],"wp:featuredmedia":[{"embeddable":true,"href":"https:\/\/www.ocorreionews.com.br\/acervo-correio\/index.php?rest_route=\/wp\/v2\/media\/229890"}],"wp:attachment":[{"href":"https:\/\/www.ocorreionews.com.br\/acervo-correio\/index.php?rest_route=%2Fwp%2Fv2%2Fmedia&parent=237156"}],"wp:term":[{"taxonomy":"category","embeddable":true,"href":"https:\/\/www.ocorreionews.com.br\/acervo-correio\/index.php?rest_route=%2Fwp%2Fv2%2Fcategories&post=237156"},{"taxonomy":"post_tag","embeddable":true,"href":"https:\/\/www.ocorreionews.com.br\/acervo-correio\/index.php?rest_route=%2Fwp%2Fv2%2Ftags&post=237156"}],"curies":[{"name":"wp","href":"https:\/\/api.w.org\/{rel}","templated":true}]}}