{"id":237158,"date":"2023-04-17T10:24:53","date_gmt":"2023-04-17T14:24:53","guid":{"rendered":"https:\/\/www.ocorreionews.com.br\/acervo-correio\/?p=237158"},"modified":"2023-04-17T10:24:53","modified_gmt":"2023-04-17T14:24:53","slug":"briga-entre-irmaos-termina-com-homem-gravemente-ferido-em-costa-rica","status":"publish","type":"post","link":"https:\/\/www.ocorreionews.com.br\/acervo-correio\/?p=237158","title":{"rendered":"Briga entre irm\u00e3os termina com homem gravemente ferido em Costa Rica"},"content":{"rendered":"<p>Na tarde deste domingo (16), um homem de 42 anos ficou gravemente ferido, ap\u00f3s se envolver em uma briga com sua irm\u00e3 e ela esfaque\u00e1-lo na cidade de Costa Rica.<\/p>\n<p>Segundo informa\u00e7\u00f5es do Boletim de Ocorr\u00eancia, por volta das 13h50min, a Pol\u00edcia Militar de Costa Rica, recebeu uma den\u00fancia de um esfaqueamento em uma resid\u00eancia na Rua Luzia Francisca de Jesus, Bairro Novo Horizonte onde um homem havia sido socorrido at\u00e9 o Funda\u00e7\u00e3o Hospitalar com um corte grave que atingiu uma art\u00e9ria do seu corpo.<\/p>\n<p>No local, os militares foram informados que a autora de 46 anos seria a irm\u00e3 da v\u00edtima, que foi localizada e confirmou que deferiu um golpe de fac\u00e3o em seu irm\u00e3o, pois o mesmo tentou agredi-la com um cabo de enxada.<\/p>\n<p>Diante dos fatos, a mulher foi encaminhada para delegacia de pol\u00edcia para as tomar as devidas provid\u00eancias.<\/p>\n","protected":false},"excerpt":{"rendered":"<p>Na tarde deste domingo (16), um homem de 42 anos ficou gravemente ferido, ap\u00f3s se envolver em uma briga com sua irm\u00e3 e ela esfaque\u00e1-lo na cidade de Costa Rica. Segundo informa\u00e7\u00f5es do Boletim de Ocorr\u00eancia, por volta das 13h50min, a Pol\u00edcia Militar de Costa Rica, recebeu uma den\u00fancia de um esfaqueamento em uma resid\u00eancia [&hellip;]<\/p>\n","protected":false},"author":5,"featured_media":228558,"comment_status":"closed","ping_status":"closed","sticky":false,"template":"","format":"standard","meta":{"footnotes":""},"categories":[25,38],"tags":[],"class_list":["post-237158","post","type-post","status-publish","format-standard","has-post-thumbnail","hentry","category-costa-rica","category-policia"],"_links":{"self":[{"href":"https:\/\/www.ocorreionews.com.br\/acervo-correio\/index.php?rest_route=\/wp\/v2\/posts\/237158","targetHints":{"allow":["GET"]}}],"collection":[{"href":"https:\/\/www.ocorreionews.com.br\/acervo-correio\/index.php?rest_route=\/wp\/v2\/posts"}],"about":[{"href":"https:\/\/www.ocorreionews.com.br\/acervo-correio\/index.php?rest_route=\/wp\/v2\/types\/post"}],"author":[{"embeddable":true,"href":"https:\/\/www.ocorreionews.com.br\/acervo-correio\/index.php?rest_route=\/wp\/v2\/users\/5"}],"replies":[{"embeddable":true,"href":"https:\/\/www.ocorreionews.com.br\/acervo-correio\/index.php?rest_route=%2Fwp%2Fv2%2Fcomments&post=237158"}],"version-history":[{"count":1,"href":"https:\/\/www.ocorreionews.com.br\/acervo-correio\/index.php?rest_route=\/wp\/v2\/posts\/237158\/revisions"}],"predecessor-version":[{"id":237159,"href":"https:\/\/www.ocorreionews.com.br\/acervo-correio\/index.php?rest_route=\/wp\/v2\/posts\/237158\/revisions\/237159"}],"wp:featuredmedia":[{"embeddable":true,"href":"https:\/\/www.ocorreionews.com.br\/acervo-correio\/index.php?rest_route=\/wp\/v2\/media\/228558"}],"wp:attachment":[{"href":"https:\/\/www.ocorreionews.com.br\/acervo-correio\/index.php?rest_route=%2Fwp%2Fv2%2Fmedia&parent=237158"}],"wp:term":[{"taxonomy":"category","embeddable":true,"href":"https:\/\/www.ocorreionews.com.br\/acervo-correio\/index.php?rest_route=%2Fwp%2Fv2%2Fcategories&post=237158"},{"taxonomy":"post_tag","embeddable":true,"href":"https:\/\/www.ocorreionews.com.br\/acervo-correio\/index.php?rest_route=%2Fwp%2Fv2%2Ftags&post=237158"}],"curies":[{"name":"wp","href":"https:\/\/api.w.org\/{rel}","templated":true}]}}