{"id":237231,"date":"2023-04-17T15:47:45","date_gmt":"2023-04-17T19:47:45","guid":{"rendered":"https:\/\/www.ocorreionews.com.br\/acervo-correio\/?p=237231"},"modified":"2023-04-17T15:47:45","modified_gmt":"2023-04-17T19:47:45","slug":"abertas-as-inscricoes-para-escolha-dos-membros-do-conselho-tutelar-de-chapadao-do-sul","status":"publish","type":"post","link":"https:\/\/www.ocorreionews.com.br\/acervo-correio\/?p=237231","title":{"rendered":"Abertas as Inscri\u00e7\u00f5es para escolha dos membros do Conselho Tutelar de Chapad\u00e3o do Sul"},"content":{"rendered":"<p>Iniciou nesta segunda-feira, 17, e seguem at\u00e9 o pr\u00f3ximo dia 26 as inscri\u00e7\u00f5es para o Processo de Escolha dos membros do Conselho Tutelar de Chapad\u00e3o do Sul.<\/p>\n<p style=\"font-weight: 400;\">Os interessados devem procurar a Secretaria de Assist\u00eancia Social, localizada na Rua Sete, n\u00ba 371, da 7h \u00e0s 10h30min e das 13h \u00e0s 16h e 30min, munido dos seguintes documentos:<\/p>\n<ul>\n<li style=\"font-weight: 400;\">Certid\u00f5es dos distribuidores c\u00edvel e criminal do Munic\u00edpio;<\/li>\n<li style=\"font-weight: 400;\">C\u00f3pia do documento de identifica\u00e7\u00e3o RG;<\/li>\n<li style=\"font-weight: 400;\">C\u00f3pia do CPF;<\/li>\n<li style=\"font-weight: 400;\">C\u00f3pia do T\u00edtulo de Eleitor do Munic\u00edpio de Chapad\u00e3o do Sul;<\/li>\n<li style=\"font-weight: 400;\">C\u00f3pia do comprovante de conclus\u00e3o do ensino superior;<\/li>\n<li style=\"font-weight: 400;\">Comprovante de que reside no Munic\u00edpio (contas de \u00e1gua, luz, telefone);<\/li>\n<li style=\"font-weight: 400;\">Comprovante de quita\u00e7\u00e3o eleitoral;<\/li>\n<li style=\"font-weight: 400;\">Comprovante de quita\u00e7\u00e3o com o Servi\u00e7o Militar (se for homem);<\/li>\n<li style=\"font-weight: 400;\">Carteira Nacional de Habilita\u00e7\u00e3o \u2013 Categoria B;<\/li>\n<li style=\"font-weight: 400;\">Foto 3&#215;4.<\/li>\n<\/ul>\n<p style=\"font-weight: 400;\">Ao realizar a inscri\u00e7\u00e3o o candidato dever\u00e1 apresentar original e c\u00f3pia dos documentos para f\u00e9 e contraf\u00e9.<\/p>\n<p style=\"font-weight: 400;\">Os conselheiros tutelares exercer\u00e3o suas atividades em regime de dedica\u00e7\u00e3o exclusiva, sendo que o hor\u00e1rio de atendimento do Conselho Tutelar ser\u00e1 de Segunda a Sexta-feira, das 07h \u00e0s 11h e das 13h \u00e0s 17h; respeitando-se o hor\u00e1rio comercial durante a semana, assegurando-se um m\u00ednimo de 08 (oito) horas di\u00e1rias para todo o colegiado e rod\u00edzio para o plant\u00e3o. A remunera\u00e7\u00e3o dos Conselheiros Tutelares ser\u00e1 equivalente aos proventos recebidos pelos ocupantes de cargo comissionado de Refer\u00eancia DGAS 04, atualmente equivalente a R$5.371,40.<\/p>\n<p style=\"font-weight: 400;\">Todo o processo ser\u00e1 realizado sob a responsabilidade do Conselho Municipal dos Direitos da Crian\u00e7a e do Adolescente, sob a fiscaliza\u00e7\u00e3o do Minist\u00e9rio P\u00fablico que atua perante ao Ju\u00edzo da Inf\u00e2ncia e Juventude da Comarca de Chapad\u00e3o do Sul. Mais informa\u00e7\u00f5es podem ser solicitadas atrav\u00e9s do telefone (67) 3562-2828.<\/p>\n<p style=\"font-weight: 400;\"><a href=\"http:\/\/imprensaoficialchapdosul.com.br\/admin\/arquivos\/download\/9199-edio-n-2981-30-de-maro-de-2023.pdf\">Clique aqui<\/a>\u00a0e confira o Edital completo a partir da p\u00e1gina 27.<\/p>\n<p>&nbsp;<\/p>\n<p>*Assecom PMCS<\/p>\n","protected":false},"excerpt":{"rendered":"<p>Iniciou nesta segunda-feira, 17, e seguem at\u00e9 o pr\u00f3ximo dia 26 as inscri\u00e7\u00f5es para o Processo de Escolha dos membros do Conselho Tutelar de Chapad\u00e3o do Sul. Os interessados devem procurar a Secretaria de Assist\u00eancia Social, localizada na Rua Sete, n\u00ba 371, da 7h \u00e0s 10h30min e das 13h \u00e0s 16h e 30min, munido dos [&hellip;]<\/p>\n","protected":false},"author":5,"featured_media":118501,"comment_status":"closed","ping_status":"closed","sticky":false,"template":"","format":"standard","meta":{"footnotes":""},"categories":[23],"tags":[],"class_list":["post-237231","post","type-post","status-publish","format-standard","has-post-thumbnail","hentry","category-chapadao-do-sul"],"_links":{"self":[{"href":"https:\/\/www.ocorreionews.com.br\/acervo-correio\/index.php?rest_route=\/wp\/v2\/posts\/237231","targetHints":{"allow":["GET"]}}],"collection":[{"href":"https:\/\/www.ocorreionews.com.br\/acervo-correio\/index.php?rest_route=\/wp\/v2\/posts"}],"about":[{"href":"https:\/\/www.ocorreionews.com.br\/acervo-correio\/index.php?rest_route=\/wp\/v2\/types\/post"}],"author":[{"embeddable":true,"href":"https:\/\/www.ocorreionews.com.br\/acervo-correio\/index.php?rest_route=\/wp\/v2\/users\/5"}],"replies":[{"embeddable":true,"href":"https:\/\/www.ocorreionews.com.br\/acervo-correio\/index.php?rest_route=%2Fwp%2Fv2%2Fcomments&post=237231"}],"version-history":[{"count":1,"href":"https:\/\/www.ocorreionews.com.br\/acervo-correio\/index.php?rest_route=\/wp\/v2\/posts\/237231\/revisions"}],"predecessor-version":[{"id":237232,"href":"https:\/\/www.ocorreionews.com.br\/acervo-correio\/index.php?rest_route=\/wp\/v2\/posts\/237231\/revisions\/237232"}],"wp:featuredmedia":[{"embeddable":true,"href":"https:\/\/www.ocorreionews.com.br\/acervo-correio\/index.php?rest_route=\/wp\/v2\/media\/118501"}],"wp:attachment":[{"href":"https:\/\/www.ocorreionews.com.br\/acervo-correio\/index.php?rest_route=%2Fwp%2Fv2%2Fmedia&parent=237231"}],"wp:term":[{"taxonomy":"category","embeddable":true,"href":"https:\/\/www.ocorreionews.com.br\/acervo-correio\/index.php?rest_route=%2Fwp%2Fv2%2Fcategories&post=237231"},{"taxonomy":"post_tag","embeddable":true,"href":"https:\/\/www.ocorreionews.com.br\/acervo-correio\/index.php?rest_route=%2Fwp%2Fv2%2Ftags&post=237231"}],"curies":[{"name":"wp","href":"https:\/\/api.w.org\/{rel}","templated":true}]}}