{"id":237241,"date":"2023-04-17T16:38:40","date_gmt":"2023-04-17T20:38:40","guid":{"rendered":"https:\/\/www.ocorreionews.com.br\/acervo-correio\/?p=237241"},"modified":"2023-04-17T16:38:40","modified_gmt":"2023-04-17T20:38:40","slug":"policia-acredita-que-pai-e-bebe-desaparecidos-apos-homem-jogar-carro-em-ribanceira-estao-vivos-e-juntos","status":"publish","type":"post","link":"https:\/\/www.ocorreionews.com.br\/acervo-correio\/?p=237241","title":{"rendered":"Pol\u00edcia acredita que pai e beb\u00ea desaparecidos ap\u00f3s homem jogar carro em ribanceira est\u00e3o vivos e juntos"},"content":{"rendered":"<div id=\"chunk-d1hq0\">\n<div class=\"mc-column content-text active-extra-styles \" data-block-type=\"unstyled\" data-block-weight=\"63\" data-block-id=\"3\">\n<p class=\"content-text__container \" data-track-category=\"Link no Texto\" data-track-links=\"\">O delegado Cassius Zam\u00f3, respons\u00e1vel pelo caso, disse que o pai e beb\u00ea de 1 ano que desapareceram ap\u00f3s o carro da fam\u00edlia cair dentro do Rio S\u00e3o Marcos, em Cristalina &#8211; GO, no Entorno do Distrito Federal, podem estar juntos e vivos. &#8220;Todo o conjunto da investiga\u00e7\u00e3o aponta que \u00e9 muito prov\u00e1vel que ele esteja vivo e junto com o beb\u00ea, disse o delegado.<\/p>\n<\/div>\n<\/div>\n<div class=\"wall protected-content\">\n<p>&nbsp;<\/p>\n<div id=\"chunk-ets39\">\n<div class=\"mc-column content-text active-extra-styles \" data-block-type=\"unstyled\" data-block-weight=\"57\" data-block-id=\"5\">\n<p class=\"content-text__container \" data-track-category=\"Link no Texto\" data-track-links=\"\">Ap\u00f3s 8 dias do sumi\u00e7o dos dois, a pol\u00edcia divulga a foto de Alessi Francisco dos Santos para ajudar a popula\u00e7\u00e3o a identificar e denunciar o paradeiro de pai e filho. Na \u00faltima sexta-feira (15), a Justi\u00e7a decretou a pris\u00e3o preventiva de Alessi, j\u00e1 que as investiga\u00e7\u00f5es apontam que ele teria jogado o carro da ponte propositalmente.<\/p>\n<p data-track-category=\"Link no Texto\" data-track-links=\"\">\n<\/div>\n<\/div>\n<div id=\"chunk-a8rqp\">\n<div class=\"mc-column content-text active-extra-styles \" data-block-type=\"unstyled\" data-block-weight=\"50\" data-block-id=\"9\">\n<p class=\"content-text__container \" data-track-category=\"Link no Texto\" data-track-links=\"\">No ve\u00edculo, estavam a mulher dele, Raiane Pereira, e seus dois filhos, uma menina de cinco anos e um menino de um ano e dez meses. De acordo com Cassius Zam\u00f3, ainda n\u00e3o \u00e9 poss\u00edvel dizer se Alessi j\u00e1 estava planejando matar a fam\u00edlia ou se teve um surto psic\u00f3tico.<\/p>\n<p data-track-category=\"Link no Texto\" data-track-links=\"\">\n<\/div>\n<\/div>\n<div id=\"chunk-b9rqr\">\n<div class=\"mc-column content-text active-extra-styles \" data-block-type=\"unstyled\" data-block-weight=\"13\" data-block-id=\"10\">\n<p class=\"content-text__container \" data-track-category=\"Link no Texto\" data-track-links=\"\">N\u00e3o sabemos se foi um surto moment\u00e2neo ou algo premeditado&#8221;, explica o delegado.<\/p>\n<p data-track-category=\"Link no Texto\" data-track-links=\"\">\n<\/div>\n<\/div>\n<div id=\"chunk-4gfk8\">\n<div class=\"mc-column content-text active-extra-styles \" data-block-type=\"unstyled\" data-block-weight=\"60\" data-block-id=\"11\">\n<p class=\"content-text__container \" data-track-category=\"Link no Texto\" data-track-links=\"\">Cassius ainda explica que o Corpo de Bombeiros realizou buscas durante cinco dias no rio, mas a corpora\u00e7\u00e3o identificou que os dois n\u00e3o estariam na \u00e1gua, j\u00e1 que o prazo para um corpo boiar em situa\u00e7\u00e3o de morte j\u00e1 teria ocorrido. Al\u00e9m disso, a correnteza do rio, em espec\u00edfico, n\u00e3o seria o suficiente para levar os corpos para muito longe.<\/p>\n<p data-track-category=\"Link no Texto\" data-track-links=\"\">\n<\/div>\n<\/div>\n<div id=\"chunk-8ukab\">\n<div class=\"row medium-uncollapsed content-media content-photo\" data-block-type=\"backstage-photo\" data-block-id=\"12\">\n<div class=\" mc-column  content-media__container\">\n<div class=\"content-media-container glb-skeleton-box\">\n<figure class=\"content-media-figure\">\n<p><figure style=\"width: 647px\" class=\"wp-caption aligncenter\"><img loading=\"lazy\" decoding=\"async\" class=\"i-amphtml-fill-content i-amphtml-replaced-content\" src=\"https:\/\/s2.glbimg.com\/KjWgshsIOhrnTRh9QaVa4Csi7rM=\/0x0:1700x1065\/984x0\/smart\/filters:strip_icc()\/i.s3.glbimg.com\/v1\/AUTH_59edd422c0c84a879bd37670ae4f538a\/internal_photos\/bs\/2023\/k\/o\/THIxrcRpCm4gxlJAMmGQ\/bebe-desaparecido-2.jpg\" sizes=\"auto, (max-width: 1525px) 648px, 100vw\" srcset=\"https:\/\/s2.glbimg.com\/7zQA0OeMJ_Gxef-TcaaTE6XhGwY=\/0x0:1700x1065\/1000x0\/smart\/filters:strip_icc()\/i.s3.glbimg.com\/v1\/AUTH_59edd422c0c84a879bd37670ae4f538a\/internal_photos\/bs\/2023\/k\/o\/THIxrcRpCm4gxlJAMmGQ\/bebe-desaparecido-2.jpg 1000w, https:\/\/s2.glbimg.com\/KjWgshsIOhrnTRh9QaVa4Csi7rM=\/0x0:1700x1065\/984x0\/smart\/filters:strip_icc()\/i.s3.glbimg.com\/v1\/AUTH_59edd422c0c84a879bd37670ae4f538a\/internal_photos\/bs\/2023\/k\/o\/THIxrcRpCm4gxlJAMmGQ\/bebe-desaparecido-2.jpg 984w, https:\/\/s2.glbimg.com\/2fxGdNjvti8pLElNzN8shyHwV8k=\/0x0:1700x1065\/640x0\/smart\/filters:strip_icc()\/i.s3.glbimg.com\/v1\/AUTH_59edd422c0c84a879bd37670ae4f538a\/internal_photos\/bs\/2023\/k\/o\/THIxrcRpCm4gxlJAMmGQ\/bebe-desaparecido-2.jpg 640w, https:\/\/s2.glbimg.com\/9YOjCthS1yzBQpKmkKp8CXnZnMc=\/0x0:1700x1065\/600x0\/smart\/filters:strip_icc()\/i.s3.glbimg.com\/v1\/AUTH_59edd422c0c84a879bd37670ae4f538a\/internal_photos\/bs\/2023\/k\/o\/THIxrcRpCm4gxlJAMmGQ\/bebe-desaparecido-2.jpg 600w\" alt=\"Beb\u00ea Adrian Pietro, de 1 ano, que est\u00e1 desaparecido ap\u00f3s pai jogar carro de ribanceira, em Cristalina, Goi\u00e1s \u2014 Foto: Reprodu\u00e7\u00e3o\/TV Anhanguera\" width=\"647\" height=\"405\" \/><figcaption class=\"wp-caption-text\">Beb\u00ea Adrian Pietro, de 1 ano, que est\u00e1 desaparecido ap\u00f3s pai jogar carro de ribanceira, em Cristalina, Goi\u00e1s \u2014 Foto: Reprodu\u00e7\u00e3o\/TV Anhanguera<\/figcaption><\/figure><\/figure>\n<\/div>\n<p class=\"content-media__description  \">\n<\/div>\n<\/div>\n<\/div>\n<div id=\"chunk-d7ebs\">\n<div class=\"content-ads content-ads--reveal\" data-block-type=\"ads\" data-block-id=\"13\">\n<div><\/div>\n<\/div>\n<\/div>\n<div class=\"mc-column content-text active-extra-styles\" data-block-type=\"raw\" data-block-weight=\"3\" data-block-id=\"14\">\n<p class=\"content-text__container\">\n<div class=\"content-intertitle\">\n<h2>Entenda o caso<\/h2>\n<p>&nbsp;<\/p>\n<\/div>\n<p>&nbsp;<\/p>\n<\/div>\n<div id=\"chunk-9a7mb\">\n<div class=\"mc-column content-text active-extra-styles \" data-block-type=\"unstyled\" data-block-weight=\"53\" data-block-id=\"15\">\n<p class=\"content-text__container \" data-track-category=\"Link no Texto\" data-track-links=\"\">No domingo de p\u00e1scoa, no dia 9 de abril deste ano, o carro da fam\u00edlia caiu no Rio S\u00e3o Marcos, em Cristalina, no Entorno do Distrito Federal. \u00c0 pol\u00edcia, a mulher de Alessi, Raiane Pereira, contou que o marido estava estranho e que ao chegar perto da ponte disse que mataria a fam\u00edlia.<\/p>\n<p data-track-category=\"Link no Texto\" data-track-links=\"\">\n<\/div>\n<\/div>\n<div id=\"chunk-94lbe\">\n<div class=\"mc-column content-text active-extra-styles \" data-block-type=\"unstyled\" data-block-weight=\"60\" data-block-id=\"16\">\n<p class=\"content-text__container \" data-track-category=\"Link no Texto\" data-track-links=\"\">Em seguida, ele jogou o carro para a lateral, arremessando o ve\u00edculo para dentro do rio. Segundo Raiane, o companheiro ainda tentou afog\u00e1-la, mas ela fingiu ter desmaiado para que ele a soltasse. De acorco com a Pol\u00edcia Civil, a menina de 5 anos conseguiu sair da \u00e1gua com ajuda de uma pescadora. J\u00e1 o beb\u00ea, n\u00e3o foi mais visto.<\/p>\n<p data-track-category=\"Link no Texto\" data-track-links=\"\">\n<\/div>\n<\/div>\n<div id=\"chunk-6jurc\">\n<div class=\"mc-column content-text active-extra-styles \" data-block-type=\"unstyled\" data-block-weight=\"23\" data-block-id=\"17\">\n<p class=\"content-text__container \" data-track-category=\"Link no Texto\" data-track-links=\"\">Segundo a pol\u00edcia, a mesma pescadora avistou Alessi descendo ao longo do rio, mas n\u00e3o conseguiu ver se ele estaria segurando o beb\u00ea.<\/p>\n<p data-track-category=\"Link no Texto\" data-track-links=\"\">\n<\/div>\n<\/div>\n<div id=\"chunk-2irnc\">\n<div class=\"row medium-uncollapsed content-media content-photo\" data-block-type=\"backstage-photo\" data-block-id=\"18\">\n<div class=\" mc-column  content-media__container\">\n<div class=\"content-media-container glb-skeleton-box\">\n<figure class=\"content-media-figure\">\n<p><figure style=\"width: 647px\" class=\"wp-caption aligncenter\"><img loading=\"lazy\" decoding=\"async\" class=\"i-amphtml-fill-content i-amphtml-replaced-content\" src=\"https:\/\/s2.glbimg.com\/4fOlb9BoY0dSpGjXlALLD1kVOM4=\/0x0:1700x1065\/984x0\/smart\/filters:strip_icc()\/i.s3.glbimg.com\/v1\/AUTH_59edd422c0c84a879bd37670ae4f538a\/internal_photos\/bs\/2023\/6\/r\/nStp1hTaWkdnGPxi7wwA\/carro.png\" sizes=\"auto, (max-width: 1525px) 648px, 100vw\" srcset=\"https:\/\/s2.glbimg.com\/Olw5kz7kOROvvLXSOED9TJ3iIpk=\/0x0:1700x1065\/1000x0\/smart\/filters:strip_icc()\/i.s3.glbimg.com\/v1\/AUTH_59edd422c0c84a879bd37670ae4f538a\/internal_photos\/bs\/2023\/6\/r\/nStp1hTaWkdnGPxi7wwA\/carro.png 1000w, https:\/\/s2.glbimg.com\/4fOlb9BoY0dSpGjXlALLD1kVOM4=\/0x0:1700x1065\/984x0\/smart\/filters:strip_icc()\/i.s3.glbimg.com\/v1\/AUTH_59edd422c0c84a879bd37670ae4f538a\/internal_photos\/bs\/2023\/6\/r\/nStp1hTaWkdnGPxi7wwA\/carro.png 984w, https:\/\/s2.glbimg.com\/hzmW-hL-PXvLAM6G1km3KZ85IVM=\/0x0:1700x1065\/640x0\/smart\/filters:strip_icc()\/i.s3.glbimg.com\/v1\/AUTH_59edd422c0c84a879bd37670ae4f538a\/internal_photos\/bs\/2023\/6\/r\/nStp1hTaWkdnGPxi7wwA\/carro.png 640w, https:\/\/s2.glbimg.com\/Qte3zo-3yuNpV1oJtvueNRRLQMA=\/0x0:1700x1065\/600x0\/smart\/filters:strip_icc()\/i.s3.glbimg.com\/v1\/AUTH_59edd422c0c84a879bd37670ae4f538a\/internal_photos\/bs\/2023\/6\/r\/nStp1hTaWkdnGPxi7wwA\/carro.png 600w\" alt=\"Carro da fam\u00edlia \u00e0s margens do Rio S\u00e3o Marcos, em Cristalina, Goi\u00e1s \u2014 Foto: Divulga\u00e7\u00e3o\/Pol\u00edcia Civil\" width=\"647\" height=\"405\" \/><figcaption class=\"wp-caption-text\">Carro da fam\u00edlia \u00e0s margens do Rio S\u00e3o Marcos, em Cristalina, Goi\u00e1s \u2014 Foto: Divulga\u00e7\u00e3o\/Pol\u00edcia Civil<\/figcaption><\/figure><\/figure>\n<\/div>\n<p class=\"content-media__description  \">\n<\/div>\n<\/div>\n<\/div>\n<div id=\"chunk-302dr\">\n<div class=\"content-ads content-ads--reveal\" data-block-type=\"ads\" data-block-id=\"19\">\n<div><\/div>\n<\/div>\n<\/div>\n<div class=\"mc-column content-text active-extra-styles\" data-block-type=\"raw\" data-block-weight=\"2\" data-block-id=\"20\">\n<p class=\"content-text__container\">\n<div class=\"content-intertitle\">\n<h2>Considerado foragido<\/h2>\n<p>&nbsp;<\/p>\n<\/div>\n<p>&nbsp;<\/p>\n<\/div>\n<div id=\"chunk-63iaq\">\n<div class=\"mc-column content-text active-extra-styles \" data-block-type=\"unstyled\" data-block-weight=\"40\" data-block-id=\"21\">\n<p class=\"content-text__container \" data-track-category=\"Link no Texto\" data-track-links=\"\">A Pol\u00edcia Civil acredita que Alessi Francisco dos Santos esteja em fuga com o beb\u00ea. De acordo com a autoridade policial, a imagem est\u00e1 sendo divulgada para que a popula\u00e7\u00e3o possa ajudar a pol\u00edcia a encontrar e prender o suspeito.<\/p>\n<p data-track-category=\"Link no Texto\" data-track-links=\"\">\n<\/div>\n<\/div>\n<div id=\"chunk-23naf\">\n<div class=\"mc-column content-text active-extra-styles \" data-block-type=\"unstyled\" data-block-weight=\"31\" data-block-id=\"22\">\n<p class=\"content-text__container \" data-track-category=\"Link no Texto\" data-track-links=\"\">Al\u00e9m disso, para que o beb\u00ea seja devolvido aos bra\u00e7os da m\u00e3e. Qualquer informa\u00e7\u00e3o que possa levar a pol\u00edcia a localizar Alessi poder\u00e1 ser denunciada atrav\u00e9s do 197 ou (61) 99801-7999.<\/p>\n<p data-track-category=\"Link no Texto\" data-track-links=\"\">\n<\/div>\n<\/div>\n<div id=\"chunk-4as4n\">\n<div class=\"mc-column content-text active-extra-styles \" data-block-type=\"unstyled\" data-block-weight=\"8\" data-block-id=\"23\">\n<p class=\"content-text__container \" data-track-category=\"Link no Texto\" data-track-links=\"\">\n<\/div>\n<\/div>\n<div id=\"chunk-3fkrk\">\n<div class=\"row medium-uncollapsed content-media content-photo\" data-block-type=\"backstage-photo\" data-block-id=\"24\">\n<div class=\" mc-column  content-media__container\">\n<div class=\"content-media-container glb-skeleton-box\">\n<figure class=\"content-media-figure\">\n<p><figure style=\"width: 647px\" class=\"wp-caption aligncenter\"><img loading=\"lazy\" decoding=\"async\" class=\"i-amphtml-fill-content i-amphtml-replaced-content\" src=\"https:\/\/s2.glbimg.com\/Ipuqybdg296xxE4huBLaDipemD0=\/0x0:1700x1065\/984x0\/smart\/filters:strip_icc()\/i.s3.glbimg.com\/v1\/AUTH_59edd422c0c84a879bd37670ae4f538a\/internal_photos\/bs\/2023\/s\/o\/gQkAQ8T4SVL7hioq9D7g\/pai-foragido.png\" sizes=\"auto, (max-width: 1525px) 648px, 100vw\" srcset=\"https:\/\/s2.glbimg.com\/wPdrqYQLskZVRMNFYMyHr5chG0w=\/0x0:1700x1065\/1000x0\/smart\/filters:strip_icc()\/i.s3.glbimg.com\/v1\/AUTH_59edd422c0c84a879bd37670ae4f538a\/internal_photos\/bs\/2023\/s\/o\/gQkAQ8T4SVL7hioq9D7g\/pai-foragido.png 1000w, https:\/\/s2.glbimg.com\/Ipuqybdg296xxE4huBLaDipemD0=\/0x0:1700x1065\/984x0\/smart\/filters:strip_icc()\/i.s3.glbimg.com\/v1\/AUTH_59edd422c0c84a879bd37670ae4f538a\/internal_photos\/bs\/2023\/s\/o\/gQkAQ8T4SVL7hioq9D7g\/pai-foragido.png 984w, https:\/\/s2.glbimg.com\/0HA2g3NgIKJZgrrvAkh_iK-ijfk=\/0x0:1700x1065\/640x0\/smart\/filters:strip_icc()\/i.s3.glbimg.com\/v1\/AUTH_59edd422c0c84a879bd37670ae4f538a\/internal_photos\/bs\/2023\/s\/o\/gQkAQ8T4SVL7hioq9D7g\/pai-foragido.png 640w, https:\/\/s2.glbimg.com\/qDvZsnblPORoRFp_f931SX9ekzA=\/0x0:1700x1065\/600x0\/smart\/filters:strip_icc()\/i.s3.glbimg.com\/v1\/AUTH_59edd422c0c84a879bd37670ae4f538a\/internal_photos\/bs\/2023\/s\/o\/gQkAQ8T4SVL7hioq9D7g\/pai-foragido.png 600w\" alt=\"Alessi Francisco dos Santos \u00e9 considerado foragido, em Cristalina, Goi\u00e1s \u2014 Foto: Divulga\u00e7\u00e3o\/Pol\u00edcia Civil \" width=\"647\" height=\"405\" \/><figcaption class=\"wp-caption-text\">Alessi Francisco dos Santos \u00e9 considerado foragido, em Cristalina, Goi\u00e1s \u2014 Foto: Divulga\u00e7\u00e3o\/Pol\u00edcia Civil<\/figcaption><\/figure><\/figure>\n<p>&nbsp;<\/p>\n<\/div>\n<p class=\"content-publication-data__from\" title=\"Kariny Bianca, g1 Goi\u00e1s\">Por Kariny Bianca, g1 Goi\u00e1s<\/p>\n<p>&nbsp;<\/p>\n<\/div>\n<\/div>\n<\/div>\n<\/div>\n","protected":false},"excerpt":{"rendered":"<p>O delegado Cassius Zam\u00f3, respons\u00e1vel pelo caso, disse que o pai e beb\u00ea de 1 ano que desapareceram ap\u00f3s o carro da fam\u00edlia cair dentro do Rio S\u00e3o Marcos, em Cristalina &#8211; GO, no Entorno do Distrito Federal, podem estar juntos e vivos. &#8220;Todo o conjunto da investiga\u00e7\u00e3o aponta que \u00e9 muito prov\u00e1vel que ele [&hellip;]<\/p>\n","protected":false},"author":5,"featured_media":237242,"comment_status":"closed","ping_status":"closed","sticky":false,"template":"","format":"standard","meta":{"footnotes":""},"categories":[38],"tags":[],"class_list":["post-237241","post","type-post","status-publish","format-standard","has-post-thumbnail","hentry","category-policia"],"_links":{"self":[{"href":"https:\/\/www.ocorreionews.com.br\/acervo-correio\/index.php?rest_route=\/wp\/v2\/posts\/237241","targetHints":{"allow":["GET"]}}],"collection":[{"href":"https:\/\/www.ocorreionews.com.br\/acervo-correio\/index.php?rest_route=\/wp\/v2\/posts"}],"about":[{"href":"https:\/\/www.ocorreionews.com.br\/acervo-correio\/index.php?rest_route=\/wp\/v2\/types\/post"}],"author":[{"embeddable":true,"href":"https:\/\/www.ocorreionews.com.br\/acervo-correio\/index.php?rest_route=\/wp\/v2\/users\/5"}],"replies":[{"embeddable":true,"href":"https:\/\/www.ocorreionews.com.br\/acervo-correio\/index.php?rest_route=%2Fwp%2Fv2%2Fcomments&post=237241"}],"version-history":[{"count":1,"href":"https:\/\/www.ocorreionews.com.br\/acervo-correio\/index.php?rest_route=\/wp\/v2\/posts\/237241\/revisions"}],"predecessor-version":[{"id":237244,"href":"https:\/\/www.ocorreionews.com.br\/acervo-correio\/index.php?rest_route=\/wp\/v2\/posts\/237241\/revisions\/237244"}],"wp:featuredmedia":[{"embeddable":true,"href":"https:\/\/www.ocorreionews.com.br\/acervo-correio\/index.php?rest_route=\/wp\/v2\/media\/237242"}],"wp:attachment":[{"href":"https:\/\/www.ocorreionews.com.br\/acervo-correio\/index.php?rest_route=%2Fwp%2Fv2%2Fmedia&parent=237241"}],"wp:term":[{"taxonomy":"category","embeddable":true,"href":"https:\/\/www.ocorreionews.com.br\/acervo-correio\/index.php?rest_route=%2Fwp%2Fv2%2Fcategories&post=237241"},{"taxonomy":"post_tag","embeddable":true,"href":"https:\/\/www.ocorreionews.com.br\/acervo-correio\/index.php?rest_route=%2Fwp%2Fv2%2Ftags&post=237241"}],"curies":[{"name":"wp","href":"https:\/\/api.w.org\/{rel}","templated":true}]}}