{"id":237246,"date":"2023-04-17T16:47:49","date_gmt":"2023-04-17T20:47:49","guid":{"rendered":"https:\/\/www.ocorreionews.com.br\/acervo-correio\/?p=237246"},"modified":"2023-04-17T16:47:49","modified_gmt":"2023-04-17T20:47:49","slug":"festa-a-fantasia-bate-recorde-e-consolida-a-maior-festa-tematica-da-regiao","status":"publish","type":"post","link":"https:\/\/www.ocorreionews.com.br\/acervo-correio\/?p=237246","title":{"rendered":"Festa \u00c0 Fantasia bate recorde e consolida a maior festa tem\u00e1tica da regi\u00e3o"},"content":{"rendered":"<p>Foi realizada neste \u00faltimo s\u00e1bado (15\/4) em Para\u00edso das \u00c1guas, a maior festa tem\u00e1tica da regi\u00e3o &#8211; Festa \u00c0 Fantasia 2023, com um grande p\u00fablico, mega estrutura, organiza\u00e7\u00e3o impec\u00e1vel e grandes atra\u00e7\u00f5es musicais.<\/p>\n<p><img decoding=\"async\" src=\"https:\/\/www.bncnoticias.com.br\/arquivos\/img-uploads\/ximagem_598.jpg.pagespeed.ic.xsdH7qIxHo.webp\" \/><img decoding=\"async\" src=\"https:\/\/www.bncnoticias.com.br\/arquivos\/img-uploads\/ximagem_599.jpg.pagespeed.ic.bV37894kmI.webp\" \/><img decoding=\"async\" src=\"https:\/\/www.bncnoticias.com.br\/arquivos\/img-uploads\/ximagem_600.jpg.pagespeed.ic.fjeCzpRdZd.webp\" \/><img decoding=\"async\" src=\"https:\/\/www.bncnoticias.com.br\/arquivos\/img-uploads\/ximagem_601.jpg.pagespeed.ic.YDItVpw7Gm.webp\" \/><\/p>\n<p>O evento foi realizado pelo BNC &#8211; que promove eventos desde 2009 na cidade de Para\u00edso das \u00c1guas -, mais uma vez, levou entretenimento, alegria e divers\u00e3o para o p\u00fablico.<\/p>\n<p>Com a presen\u00e7a de um grande p\u00fablico, o evento contou com uma equipe refor\u00e7ada de seguran\u00e7a privada, da Pol\u00edcia Militar e com atendimento qualificado aos participantes.<\/p>\n<p>Houve o show da cantora Fl\u00e1via Ferraz, DJ La\u00eds Locatelli e DJ Hemerson Nava, Os Braws e Rob\u00f4, atra\u00e7\u00e3o in\u00e9dita na cidade.<\/p>\n<p>Tamb\u00e9m foi realizada a premia\u00e7\u00e3o de R$ 500 para a melhor fantasia e R$ 250 para o casal melhor fantasiado.<\/p>\n<p><img decoding=\"async\" class=\"note-float-right\" src=\"https:\/\/www.bncnoticias.com.br\/arquivos\/img-uploads\/ximagem_594.jpg.pagespeed.ic.MWykvkHbwg.webp\" \/><\/p>\n<div><span style=\"font-family: Verdana;\">\u00a0<\/span><\/div>\n<p>&nbsp;<\/p>\n<div align=\"center\"><\/div>\n<p>Foi dif\u00edcil a escolha, j\u00e1 que haviam muitos participantes muito bem fantasiados no recinto. O prefeito, An\u00edzio Andrade, que tamb\u00e9m estava caracterizado de \u00e1rabe, participou do momento da premia\u00e7\u00e3o.<\/p>\n<p><img decoding=\"async\" class=\"note-float-right\" src=\"https:\/\/www.bncnoticias.com.br\/arquivos\/img-uploads\/ximagem_602.jpg.pagespeed.ic.R0eccNfa7-.webp\" \/><\/p>\n<p>Com a isen\u00e7\u00e3o da organiza\u00e7\u00e3o na opini\u00e3o, sugest\u00e3o e principalmente indica\u00e7\u00e3o, os ent\u00e3o jurados an\u00f4nimos at\u00e9 o momento da apresenta\u00e7\u00e3o, Dinho, Alex Sampaio e Luana Pereira, se reuniram e juntos definiram os ganhadores.<\/p>\n<p><img decoding=\"async\" class=\"note-float-right\" src=\"https:\/\/www.bncnoticias.com.br\/arquivos\/img-uploads\/ximagem_595.jpg.pagespeed.ic.bY8XsfqIlD.webp\" \/><\/p>\n<div><span style=\"font-family: Verdana;\">\u00a0<\/span><\/div>\n<div><\/div>\n<p>&nbsp;<\/p>\n<p><span style=\"font-family: Verdana;\">O querido servidor p\u00fablico, M\u00e1rio Alves, estava\u00a0completamente\u00a0irreconhec\u00edvel e incorporado com a escolha de sua fantasia &#8211; a Samara do filme de terror &#8211; O Chamado. O melhor caracterizado do evento, chamou a aten\u00e7\u00e3o n\u00e3o s\u00f3 dos jurados, como de todo o p\u00fablico, que fez quest\u00e3o de clicar uma foto com ele.<\/span><\/p>\n<p><img decoding=\"async\" class=\"note-float-right\" src=\"https:\/\/www.bncnoticias.com.br\/arquivos\/img-uploads\/ximagem_603.jpg.pagespeed.ic.tUVccWqJ9N.webp\" \/><span style=\"font-family: Verdana;\"><br \/>\n<\/span><\/p>\n<p>M\u00e1rio faturou o pr\u00eamio de R$ 500, patrocinado pela Karis Perfumaria e um trof\u00e9u, patrocinado pela M\u00eddia Mais TV (Elton Silva).<\/p>\n<p><img decoding=\"async\" class=\"note-float-right\" src=\"https:\/\/www.bncnoticias.com.br\/arquivos\/img-uploads\/ximagem_596.jpg.pagespeed.ic.E3zLM5RE2j.webp\" \/><\/p>\n<div><span style=\"font-family: Verdana;\">\u00a0<\/span><\/div>\n<p>&nbsp;<\/p>\n<p>O\u00a0casal Evandro Lino e Thamara Ketryllin &#8211; produzidos de\u00a0&#8220;M\u00e1rio e Luigi&#8221;, faturou o pr\u00eamio de melhor casal fantasiado.<\/p>\n<p><b><a href=\"https:\/\/www.facebook.com\/photo?fbid=686935553440967&amp;set=pcb.686938850107304\" target=\"_blank\" rel=\"noopener\">Para acessar as galerias de fotos, clique aqui &#8211; dispon\u00edveis somente na P\u00e1gina BNC Not\u00edcias no Facebook.<\/a><\/b><\/p>\n<p><img decoding=\"async\" class=\"note-float-right\" src=\"https:\/\/www.bncnoticias.com.br\/arquivos\/img-uploads\/ximagem_604.jpg.pagespeed.ic.as_rE6CiaL.webp\" \/><\/p>\n","protected":false},"excerpt":{"rendered":"<p>Foi realizada neste \u00faltimo s\u00e1bado (15\/4) em Para\u00edso das \u00c1guas, a maior festa tem\u00e1tica da regi\u00e3o &#8211; Festa \u00c0 Fantasia 2023, com um grande p\u00fablico, mega estrutura, organiza\u00e7\u00e3o impec\u00e1vel e grandes atra\u00e7\u00f5es musicais. O evento foi realizado pelo BNC &#8211; que promove eventos desde 2009 na cidade de Para\u00edso das \u00c1guas -, mais uma vez, [&hellip;]<\/p>\n","protected":false},"author":4,"featured_media":237247,"comment_status":"closed","ping_status":"closed","sticky":false,"template":"","format":"standard","meta":{"footnotes":""},"categories":[36],"tags":[],"class_list":["post-237246","post","type-post","status-publish","format-standard","has-post-thumbnail","hentry","category-paraiso-das-aguas"],"_links":{"self":[{"href":"https:\/\/www.ocorreionews.com.br\/acervo-correio\/index.php?rest_route=\/wp\/v2\/posts\/237246","targetHints":{"allow":["GET"]}}],"collection":[{"href":"https:\/\/www.ocorreionews.com.br\/acervo-correio\/index.php?rest_route=\/wp\/v2\/posts"}],"about":[{"href":"https:\/\/www.ocorreionews.com.br\/acervo-correio\/index.php?rest_route=\/wp\/v2\/types\/post"}],"author":[{"embeddable":true,"href":"https:\/\/www.ocorreionews.com.br\/acervo-correio\/index.php?rest_route=\/wp\/v2\/users\/4"}],"replies":[{"embeddable":true,"href":"https:\/\/www.ocorreionews.com.br\/acervo-correio\/index.php?rest_route=%2Fwp%2Fv2%2Fcomments&post=237246"}],"version-history":[{"count":1,"href":"https:\/\/www.ocorreionews.com.br\/acervo-correio\/index.php?rest_route=\/wp\/v2\/posts\/237246\/revisions"}],"predecessor-version":[{"id":237248,"href":"https:\/\/www.ocorreionews.com.br\/acervo-correio\/index.php?rest_route=\/wp\/v2\/posts\/237246\/revisions\/237248"}],"wp:featuredmedia":[{"embeddable":true,"href":"https:\/\/www.ocorreionews.com.br\/acervo-correio\/index.php?rest_route=\/wp\/v2\/media\/237247"}],"wp:attachment":[{"href":"https:\/\/www.ocorreionews.com.br\/acervo-correio\/index.php?rest_route=%2Fwp%2Fv2%2Fmedia&parent=237246"}],"wp:term":[{"taxonomy":"category","embeddable":true,"href":"https:\/\/www.ocorreionews.com.br\/acervo-correio\/index.php?rest_route=%2Fwp%2Fv2%2Fcategories&post=237246"},{"taxonomy":"post_tag","embeddable":true,"href":"https:\/\/www.ocorreionews.com.br\/acervo-correio\/index.php?rest_route=%2Fwp%2Fv2%2Ftags&post=237246"}],"curies":[{"name":"wp","href":"https:\/\/api.w.org\/{rel}","templated":true}]}}