{"id":237252,"date":"2023-04-17T20:36:49","date_gmt":"2023-04-18T00:36:49","guid":{"rendered":"https:\/\/www.ocorreionews.com.br\/acervo-correio\/?p=237252"},"modified":"2023-04-17T20:36:49","modified_gmt":"2023-04-18T00:36:49","slug":"suspeito-de-divulgar-fotos-de-marilia-mendonca-cristiano-araujo-e-gabriel-diniz-apos-a-morte-e-preso-no-df","status":"publish","type":"post","link":"https:\/\/www.ocorreionews.com.br\/acervo-correio\/?p=237252","title":{"rendered":"Suspeito de divulgar fotos de Mar\u00edlia Mendon\u00e7a, Cristiano Ara\u00fajo e Gabriel Diniz ap\u00f3s a morte \u00e9 preso no DF"},"content":{"rendered":"<p>O suspeito de divulgar fotos de Mar\u00edlia Mendon\u00e7a, Cristiano Ara\u00fajo e Gabriel Diniz ap\u00f3s a morte foi preso nesta segunda-feira (17), em Santa Maria, no Distrito Federal. De acordo com a Pol\u00edcia Civil, o jovem, de 22 anos, usou rede social para propagar imagens dos artistas.<\/p>\n<p>&nbsp;<\/p>\n<p>As investiga\u00e7\u00f5es apontam que as imagens foram obtidas de forma ilegal e distribu\u00eddas de forma indiscriminada na internet. A pris\u00e3o foi realizada pela Delegacia Especial de Repress\u00e3o aos Crimes Cibern\u00e9ticos (DRCC), durante opera\u00e7\u00e3o para reprimir crimes praticados na internet. O nome do suspeito n\u00e3o foi divulgado.<\/p>\n<p>&nbsp;<\/p>\n<p>A a\u00e7\u00e3o faz parte de uma investiga\u00e7\u00e3o realizada pela Opera\u00e7\u00e3o Fenrir que visa identificar administradores de perfis em redes sociais que divulgaram e compartilharam fotos e v\u00eddeos do corpo de artistas feitas para o laudo pericial no Instituto de Medicina Legal (IML). Segundo a Pol\u00edcia Civil, o suspeito confessou o crime e, agora, fica \u00e0 disposi\u00e7\u00e3o da Justi\u00e7a, aguardando audi\u00eancia de cust\u00f3dia.<\/p>\n<p>&nbsp;<\/p>\n<p>No Brasil, a pena para quem pratica o crime de vilip\u00eandio de cad\u00e1ver pode ser de deten\u00e7\u00e3o de 1 a 3 anos e pagamento de multa, conforme previsto no art. 212 do C\u00f3digo Penal.<\/p>\n<p><strong>Vazamento das fotos de Mar\u00edlia Mendon\u00e7a<\/strong><\/p>\n<p>Na \u00faltima quinta-feira (13), a assessoria de imprensa de Mar\u00edlia Mendon\u00e7a informou que houve vazamento de fotos do inqu\u00e9rito policial que investigou a morte dela. A cantora morreu novembro de 2021, ap\u00f3s um acidente de avi\u00e3o em Minas Gerais.<\/p>\n<p>&nbsp;<\/p>\n<p>O advogado que representa a fam\u00edlia, Robson Cunha, disse que ficou indignado com o material divulgado e disse que \u00e9 &#8220;inconceb\u00edvel que documentos exclusivos de um inqu\u00e9rito policial que corre em sigilo e com restri\u00e7\u00f5es de acessos tenham sido divulgados de forma irrespons\u00e1vel, desumana e criminosa&#8221;.<\/p>\n<p>&nbsp;<\/p>\n<p>Ele disse ainda que, desde a morte da cantora, trabalhou incansavelmente para que esse tipo de situa\u00e7\u00e3o n\u00e3o acontecesse. O advogado falou ainda que o Estado \u00e9 o respons\u00e1vel pela guarda e prote\u00e7\u00e3o dessas informa\u00e7\u00f5es.<\/p>\n<p>&nbsp;<\/p>\n<p>A cantora Mar\u00edlia Mendon\u00e7a e mais quatro pessoas morreram na tarde do dia 5 de novembro de 2021 ap\u00f3s a queda de um avi\u00e3o de pequeno porte perto de uma cachoeira na serra de Caratinga, interior de Minas Gerais.<\/p>\n<p>&nbsp;<\/p>\n<p>O cantor goiano Cristiano Ara\u00fajo e a namorada dele, Allana Coelho Pinto de Moraes, morreram na manh\u00e3 do dia 24 de junho de 2015, ap\u00f3s um acidente de carro na BR-153, no km 614, entre Morrinhos e o trevo de Pontalina, em Goi\u00e1s. Segundo o Corpo de Bombeiros, o sertanejo voltava de um show em Itumbiara, no sul do estado, por volta das 3h30, quando o ve\u00edculo em que ele estava, um Range Rover, saiu da pista e capotou.<\/p>\n<p>O cantor Gabriel Diniz, conhecido pelo hit &#8220;Jenifer&#8221;, morreu no dia 27 de maio de 2019, aos 28 anos, na queda de um avi\u00e3o de pequeno porte no povoado Porto do Mato, em Est\u00e2ncia, na regi\u00e3o sul de Sergipe. Na noite anterior, o artista havia feito um show em Feira de Santana (BA). O cantor estava indo encontrar a fam\u00edlia para comemorar o anivers\u00e1rio da namorada, Caroline Calheiros.<\/p>\n<p>&nbsp;<\/p>\n<p>Por Caroline Cintra, g1 DF<\/p>\n","protected":false},"excerpt":{"rendered":"<p>O suspeito de divulgar fotos de Mar\u00edlia Mendon\u00e7a, Cristiano Ara\u00fajo e Gabriel Diniz ap\u00f3s a morte foi preso nesta segunda-feira (17), em Santa Maria, no Distrito Federal. De acordo com a Pol\u00edcia Civil, o jovem, de 22 anos, usou rede social para propagar imagens dos artistas. &nbsp; As investiga\u00e7\u00f5es apontam que as imagens foram obtidas [&hellip;]<\/p>\n","protected":false},"author":5,"featured_media":237253,"comment_status":"closed","ping_status":"closed","sticky":false,"template":"","format":"standard","meta":{"footnotes":""},"categories":[38],"tags":[],"class_list":["post-237252","post","type-post","status-publish","format-standard","has-post-thumbnail","hentry","category-policia"],"_links":{"self":[{"href":"https:\/\/www.ocorreionews.com.br\/acervo-correio\/index.php?rest_route=\/wp\/v2\/posts\/237252","targetHints":{"allow":["GET"]}}],"collection":[{"href":"https:\/\/www.ocorreionews.com.br\/acervo-correio\/index.php?rest_route=\/wp\/v2\/posts"}],"about":[{"href":"https:\/\/www.ocorreionews.com.br\/acervo-correio\/index.php?rest_route=\/wp\/v2\/types\/post"}],"author":[{"embeddable":true,"href":"https:\/\/www.ocorreionews.com.br\/acervo-correio\/index.php?rest_route=\/wp\/v2\/users\/5"}],"replies":[{"embeddable":true,"href":"https:\/\/www.ocorreionews.com.br\/acervo-correio\/index.php?rest_route=%2Fwp%2Fv2%2Fcomments&post=237252"}],"version-history":[{"count":1,"href":"https:\/\/www.ocorreionews.com.br\/acervo-correio\/index.php?rest_route=\/wp\/v2\/posts\/237252\/revisions"}],"predecessor-version":[{"id":237254,"href":"https:\/\/www.ocorreionews.com.br\/acervo-correio\/index.php?rest_route=\/wp\/v2\/posts\/237252\/revisions\/237254"}],"wp:featuredmedia":[{"embeddable":true,"href":"https:\/\/www.ocorreionews.com.br\/acervo-correio\/index.php?rest_route=\/wp\/v2\/media\/237253"}],"wp:attachment":[{"href":"https:\/\/www.ocorreionews.com.br\/acervo-correio\/index.php?rest_route=%2Fwp%2Fv2%2Fmedia&parent=237252"}],"wp:term":[{"taxonomy":"category","embeddable":true,"href":"https:\/\/www.ocorreionews.com.br\/acervo-correio\/index.php?rest_route=%2Fwp%2Fv2%2Fcategories&post=237252"},{"taxonomy":"post_tag","embeddable":true,"href":"https:\/\/www.ocorreionews.com.br\/acervo-correio\/index.php?rest_route=%2Fwp%2Fv2%2Ftags&post=237252"}],"curies":[{"name":"wp","href":"https:\/\/api.w.org\/{rel}","templated":true}]}}