{"id":237333,"date":"2023-04-19T07:35:21","date_gmt":"2023-04-19T11:35:21","guid":{"rendered":"https:\/\/www.ocorreionews.com.br\/acervo-correio\/?p=237333"},"modified":"2023-04-19T07:43:55","modified_gmt":"2023-04-19T11:43:55","slug":"cassilandia-investimento-de-r-85-bilhoes-em-usina-solar-e-anunciado-por-grupo-espanhol","status":"publish","type":"post","link":"https:\/\/www.ocorreionews.com.br\/acervo-correio\/?p=237333","title":{"rendered":"Grupo espanhol investira R$ 8,5 bilh\u00f5es em usina solar entre Cassil\u00e2ndia e Chapad\u00e3o do Sul e na cidade de Parana\u00edba"},"content":{"rendered":"<p>Mato Grosso do Sul vai receber investimento de R$ 8,5 bilh\u00f5es para a constru\u00e7\u00e3o da maior fazenda de energia solar do Estado, com 3,5 mil hectares de pain\u00e9is solares e capacidade de gera\u00e7\u00e3o de 2,5 gigawatts de energia el\u00e9trica.<\/p>\n<p>O an\u00fancio foi feito nesta ter\u00e7a-feira (18) pelo grupo espanhol Solatio Energia, em reuni\u00e3o com o governador Eduardo Riedel e o secret\u00e1rio Jaime Verruck, da Semadesc (Secretaria de Meio Ambiente, Desenvolvimento, Ci\u00eancia, Tecnologia e Inova\u00e7\u00e3o), no estande do Governo de Mato Grosso do Sul na 83\u00aa edi\u00e7\u00e3o da Expogrande.<\/p>\n<p>\u201cEsse \u00e9 o Mato Grosso do Sul caminhando com investimento privado, com pessoas que confiam no Estado para que a gente tenha gera\u00e7\u00e3o de energia limpa, rumo a 2030, com o Estado Carbono Neutro\u201d, afirma o governador Eduardo Riedel. &#8220;\u00c9 uma mudan\u00e7a de paradigma completa. \u00c9 uma usina gigante, uma das maiores do Brasil, aqui em Mato Grosso do Sul&#8221;, frisa.<\/p>\n<p>&nbsp;<\/p>\n<p>J\u00e1 o secret\u00e1rio Jaime Verruck lembrou o hist\u00f3rico das negocia\u00e7\u00f5es do Governo do Estado com a Solatio Energia para a viabiliza\u00e7\u00e3o do empreendimento e ressaltou o alinhamento da proposta com o MS Renov\u00e1vel, um dos instrumentos da administra\u00e7\u00e3o estadual para atingir a meta de tornar o territ\u00f3rio sul-mato-grossense Carbono Neutro em 2030.<\/p>\n<p>&#8220;Essas negocia\u00e7\u00f5es do Governo do Estado com a Solatio come\u00e7aram em 2016 e hoje se concretizaram com o an\u00fancio da viabiliza\u00e7\u00e3o do empreendimento. Esse \u00e9 um investimento fundamental para a nossa pol\u00edtica de incentivo \u00e0 gera\u00e7\u00e3o de energia limpa e renov\u00e1vel em Mato Grosso do Sul&#8221;, destaca Jaime Verruck.<\/p>\n<figure id=\"attachment_237354\" aria-describedby=\"caption-attachment-237354\" style=\"width: 542px\" class=\"wp-caption alignnone\"><a href=\"https:\/\/www.ocorreionews.com.br\/acervo-correio\/wp-content\/uploads\/2023\/04\/Riedel-e-Pedro-scaled.jpg\"><img loading=\"lazy\" decoding=\"async\" class=\" wp-image-237354\" src=\"https:\/\/www.ocorreionews.com.br\/acervo-correio\/wp-content\/uploads\/2023\/04\/Riedel-e-Pedro-scaled.jpg\" alt=\"\" width=\"542\" height=\"367\" srcset=\"https:\/\/www.ocorreionews.com.br\/acervo-correio\/wp-content\/uploads\/2023\/04\/Riedel-e-Pedro-scaled.jpg 2560w, https:\/\/www.ocorreionews.com.br\/acervo-correio\/wp-content\/uploads\/2023\/04\/Riedel-e-Pedro-300x203.jpg 300w, https:\/\/www.ocorreionews.com.br\/acervo-correio\/wp-content\/uploads\/2023\/04\/Riedel-e-Pedro-1024x694.jpg 1024w, https:\/\/www.ocorreionews.com.br\/acervo-correio\/wp-content\/uploads\/2023\/04\/Riedel-e-Pedro-768x520.jpg 768w, https:\/\/www.ocorreionews.com.br\/acervo-correio\/wp-content\/uploads\/2023\/04\/Riedel-e-Pedro-1536x1040.jpg 1536w, https:\/\/www.ocorreionews.com.br\/acervo-correio\/wp-content\/uploads\/2023\/04\/Riedel-e-Pedro-2048x1387.jpg 2048w\" sizes=\"auto, (max-width: 542px) 100vw, 542px\" \/><\/a><figcaption id=\"caption-attachment-237354\" class=\"wp-caption-text\">Governador Eduardo Riedel e o Presidente da Solatio Energia, Pedro Vaquer. Foto: Saul Schramm<\/figcaption><\/figure>\n<p>O presidente da Solatio Energia, Pedro Vaquer informou que o investimento tem como parceiro a empresa Tradener, que far\u00e1 a comercializa\u00e7\u00e3o da energia gerada junto ao mercado livre de energia el\u00e9trica. As obras para instala\u00e7\u00e3o das placas solares iniciam em setembro deste ano.<\/p>\n<p>&#8220;Temos um contrato para in\u00edcio da gera\u00e7\u00e3o em janeiro de 2025. O conjunto de placas em Cassil\u00e2ndia ser\u00e1 conectado \u00e0 esta\u00e7\u00e3o de Chapad\u00e3o do Sul, e o de Parana\u00edba se conecta com a esta\u00e7\u00e3o de Inoc\u00eancia. Essa \u00e9 uma parceria com o Governo do Estado. Mato Grosso do Sul merece um investimento dessa envergadura&#8221;, finaliza Pedro Vaquer.<\/p>\n<p><i>Marcelo Arm\u00f4a, Comunica\u00e7\u00e3o Semadesc<\/i><br \/>\n<i>Fotos: Saul Schramm<\/i><\/p>\n","protected":false},"excerpt":{"rendered":"<p>Mato Grosso do Sul vai receber investimento de R$ 8,5 bilh\u00f5es para a constru\u00e7\u00e3o da maior fazenda de energia solar do Estado, com 3,5 mil hectares de pain\u00e9is solares e capacidade de gera\u00e7\u00e3o de 2,5 gigawatts de energia el\u00e9trica. O an\u00fancio foi feito nesta ter\u00e7a-feira (18) pelo grupo espanhol Solatio Energia, em reuni\u00e3o com o [&hellip;]<\/p>\n","protected":false},"author":4,"featured_media":237334,"comment_status":"closed","ping_status":"closed","sticky":false,"template":"","format":"standard","meta":{"footnotes":""},"categories":[21,41],"tags":[],"class_list":["post-237333","post","type-post","status-publish","format-standard","has-post-thumbnail","hentry","category-cassilandia","category-destaque"],"_links":{"self":[{"href":"https:\/\/www.ocorreionews.com.br\/acervo-correio\/index.php?rest_route=\/wp\/v2\/posts\/237333","targetHints":{"allow":["GET"]}}],"collection":[{"href":"https:\/\/www.ocorreionews.com.br\/acervo-correio\/index.php?rest_route=\/wp\/v2\/posts"}],"about":[{"href":"https:\/\/www.ocorreionews.com.br\/acervo-correio\/index.php?rest_route=\/wp\/v2\/types\/post"}],"author":[{"embeddable":true,"href":"https:\/\/www.ocorreionews.com.br\/acervo-correio\/index.php?rest_route=\/wp\/v2\/users\/4"}],"replies":[{"embeddable":true,"href":"https:\/\/www.ocorreionews.com.br\/acervo-correio\/index.php?rest_route=%2Fwp%2Fv2%2Fcomments&post=237333"}],"version-history":[{"count":1,"href":"https:\/\/www.ocorreionews.com.br\/acervo-correio\/index.php?rest_route=\/wp\/v2\/posts\/237333\/revisions"}],"predecessor-version":[{"id":237355,"href":"https:\/\/www.ocorreionews.com.br\/acervo-correio\/index.php?rest_route=\/wp\/v2\/posts\/237333\/revisions\/237355"}],"wp:featuredmedia":[{"embeddable":true,"href":"https:\/\/www.ocorreionews.com.br\/acervo-correio\/index.php?rest_route=\/wp\/v2\/media\/237334"}],"wp:attachment":[{"href":"https:\/\/www.ocorreionews.com.br\/acervo-correio\/index.php?rest_route=%2Fwp%2Fv2%2Fmedia&parent=237333"}],"wp:term":[{"taxonomy":"category","embeddable":true,"href":"https:\/\/www.ocorreionews.com.br\/acervo-correio\/index.php?rest_route=%2Fwp%2Fv2%2Fcategories&post=237333"},{"taxonomy":"post_tag","embeddable":true,"href":"https:\/\/www.ocorreionews.com.br\/acervo-correio\/index.php?rest_route=%2Fwp%2Fv2%2Ftags&post=237333"}],"curies":[{"name":"wp","href":"https:\/\/api.w.org\/{rel}","templated":true}]}}