{"id":237339,"date":"2023-04-19T07:34:22","date_gmt":"2023-04-19T11:34:22","guid":{"rendered":"https:\/\/www.ocorreionews.com.br\/acervo-correio\/?p=237339"},"modified":"2023-04-19T07:34:22","modified_gmt":"2023-04-19T11:34:22","slug":"comitiva-de-chapadao-do-sul-trata-pautas-economicas-com-governador-e-cobra-fim-da-paridade-de-exportacao","status":"publish","type":"post","link":"https:\/\/www.ocorreionews.com.br\/acervo-correio\/?p=237339","title":{"rendered":"Comitiva de Chapad\u00e3o do Sul trata pautas econ\u00f4micas com governador e cobra fim da Paridade de Exporta\u00e7\u00e3o"},"content":{"rendered":"<p>&nbsp;<\/p>\n<p>&nbsp;<\/p>\n<p>&nbsp;<\/p>\n<p>Uma comitiva do Sindicato Rural de Chapad\u00e3o do Sul se reuniu com o governador Eduardo Riedel e o secret\u00e1rio da Semadesc, Jaime Verruck, na manh\u00e3 de hoje (18), em mais uma edi\u00e7\u00e3o da Expogrande, em Campo Grande. Durante o encontro, a comitiva entregou o convite da 29\u00aa Exposul pessoalmente a Riedel e tratou de pautas econ\u00f4micas voltadas ao agroneg\u00f3cio.<\/p>\n<p>A mais importante delas \u00e9 o fim da \u201cParidade de Exporta\u00e7\u00e3o\u201d proposta pelo presidente do sindicato, Walter Schalatter, que h\u00e1 8 anos cobra do estado medidas fiscais mais justas para evitar a perda de competitividade dos gr\u00e3os produzidos na regi\u00e3o em rela\u00e7\u00e3o ao Sul de MS, onde h\u00e1 ind\u00fastrias de beneficiamento. O fim da Paridade de Exporta\u00e7\u00e3o injetar\u00e1 milh\u00f5es no com\u00e9rcio do munic\u00edpio e nas demais cidades envolvidas.<\/p>\n<p>Al\u00e9m de Walter Schlatter, a comitiva de Chapad\u00e3o do Sul foi composta pelo vice-presidente do Sindicato Rural (Maiquel de Gasperi), Presidente da Ampasul (Darci Boff) e o empres\u00e1rio Jorge Michelc (Aprosoja). Schlatter tamb\u00e9m solicitou a\u00e7\u00f5es governamentais para a instala\u00e7\u00e3o de uma esmagadora de soja e milho em Chapad\u00e3o do Sul. O projeto j\u00e1 est\u00e1 em estudo pelo \u201cGoverno Riedel\u201d para atender o agroneg\u00f3cio do Bols\u00e3o<\/p>\n<p>Darci Boff reivindicou melhorias para o setor do algod\u00e3o, pedindo que o ICMS do produto seja pautado e cobrado pelo pre\u00e7o de venda justo. A pauta atual est\u00e1 acima do mercado, o que acaba onerando a classe produtiva. Boff tamb\u00e9m solicitou que o PDAgro, imposto de 15% que vai para o governo investir em melhorias no agroneg\u00f3cio brasileiro, seja realmente destinado a esse setor, o que n\u00e3o estaria acontecendo atualmente.<\/p>\n<p>Jorge Michelq contribuiu com ideias e sugest\u00f5es para o desenvolvimento do setor agr\u00edcola na regi\u00e3o. A Paridade de Exporta\u00e7\u00e3o \u00e9 uma bandeira antiga de Walter Schlater, presidente do Sindicato Rural e Executivo do Grupo Schlatter. A pauta tem uma import\u00e2ncia fundamental na economia do munic\u00edpio e nas demais cidades da regi\u00e3o. Eduardo Riedel confirmou que o Governo do Estado elabora um estudo neste sentido cobrado pelo agroneg\u00f3cio da \u201cCapital Agr\u00edcola\u201d de MS e das demais cidades do Bols\u00e3o.<\/p>\n<p>Walter Schlatter destacou que o tratamento fiscal dado ao agroneg\u00f3cio local n\u00e3o \u00e9 o mesmo das demais regi\u00f5es, como no Sul, onde h\u00e1 v\u00e1rias empresas beneficiadoras. Resta aos produtores de Chapad\u00e3o do Sul &#8211; como voca\u00e7\u00e3o &#8211; somente a exporta\u00e7\u00e3o. Neste cen\u00e1rio, a Paridade de Exporta\u00e7\u00e3o tornou-se um entrave econ\u00f4mico numa regi\u00e3o que n\u00e3o tem ind\u00fastrias de beneficiamento. Segundo ele, o agroneg\u00f3cio est\u00e1 cada vez mais competente na produ\u00e7\u00e3o de soja e milho, criando excedentes gigantescos que o MS n\u00e3o tem capacidade de processar e precisa ser exportado.<\/p>\n<p><a href=\"https:\/\/www.ocorreionews.com.br\/acervo-correio\/wp-content\/uploads\/2023\/04\/comitiva-sindicato2.jpg\"><img loading=\"lazy\" decoding=\"async\" class=\"alignnone size-full wp-image-237346\" src=\"https:\/\/www.ocorreionews.com.br\/acervo-correio\/wp-content\/uploads\/2023\/04\/comitiva-sindicato2.jpg\" alt=\"\" width=\"1024\" height=\"768\" srcset=\"https:\/\/www.ocorreionews.com.br\/acervo-correio\/wp-content\/uploads\/2023\/04\/comitiva-sindicato2.jpg 1024w, https:\/\/www.ocorreionews.com.br\/acervo-correio\/wp-content\/uploads\/2023\/04\/comitiva-sindicato2-300x225.jpg 300w, https:\/\/www.ocorreionews.com.br\/acervo-correio\/wp-content\/uploads\/2023\/04\/comitiva-sindicato2-768x576.jpg 768w, https:\/\/www.ocorreionews.com.br\/acervo-correio\/wp-content\/uploads\/2023\/04\/comitiva-sindicato2-86x64.jpg 86w\" sizes=\"auto, (max-width: 1024px) 100vw, 1024px\" \/><\/a><\/p>\n<p>Fonte: Assessoria de Imprensa Sindicato Rural de Chapad\u00e3o do Sul<\/p>\n","protected":false},"excerpt":{"rendered":"<p>&nbsp; &nbsp; &nbsp; Uma comitiva do Sindicato Rural de Chapad\u00e3o do Sul se reuniu com o governador Eduardo Riedel e o secret\u00e1rio da Semadesc, Jaime Verruck, na manh\u00e3 de hoje (18), em mais uma edi\u00e7\u00e3o da Expogrande, em Campo Grande. Durante o encontro, a comitiva entregou o convite da 29\u00aa Exposul pessoalmente a Riedel e [&hellip;]<\/p>\n","protected":false},"author":5,"featured_media":237345,"comment_status":"closed","ping_status":"closed","sticky":false,"template":"","format":"standard","meta":{"footnotes":""},"categories":[17,23,41],"tags":[],"class_list":["post-237339","post","type-post","status-publish","format-standard","has-post-thumbnail","hentry","category-agropecuaria","category-chapadao-do-sul","category-destaque"],"_links":{"self":[{"href":"https:\/\/www.ocorreionews.com.br\/acervo-correio\/index.php?rest_route=\/wp\/v2\/posts\/237339","targetHints":{"allow":["GET"]}}],"collection":[{"href":"https:\/\/www.ocorreionews.com.br\/acervo-correio\/index.php?rest_route=\/wp\/v2\/posts"}],"about":[{"href":"https:\/\/www.ocorreionews.com.br\/acervo-correio\/index.php?rest_route=\/wp\/v2\/types\/post"}],"author":[{"embeddable":true,"href":"https:\/\/www.ocorreionews.com.br\/acervo-correio\/index.php?rest_route=\/wp\/v2\/users\/5"}],"replies":[{"embeddable":true,"href":"https:\/\/www.ocorreionews.com.br\/acervo-correio\/index.php?rest_route=%2Fwp%2Fv2%2Fcomments&post=237339"}],"version-history":[{"count":1,"href":"https:\/\/www.ocorreionews.com.br\/acervo-correio\/index.php?rest_route=\/wp\/v2\/posts\/237339\/revisions"}],"predecessor-version":[{"id":237347,"href":"https:\/\/www.ocorreionews.com.br\/acervo-correio\/index.php?rest_route=\/wp\/v2\/posts\/237339\/revisions\/237347"}],"wp:featuredmedia":[{"embeddable":true,"href":"https:\/\/www.ocorreionews.com.br\/acervo-correio\/index.php?rest_route=\/wp\/v2\/media\/237345"}],"wp:attachment":[{"href":"https:\/\/www.ocorreionews.com.br\/acervo-correio\/index.php?rest_route=%2Fwp%2Fv2%2Fmedia&parent=237339"}],"wp:term":[{"taxonomy":"category","embeddable":true,"href":"https:\/\/www.ocorreionews.com.br\/acervo-correio\/index.php?rest_route=%2Fwp%2Fv2%2Fcategories&post=237339"},{"taxonomy":"post_tag","embeddable":true,"href":"https:\/\/www.ocorreionews.com.br\/acervo-correio\/index.php?rest_route=%2Fwp%2Fv2%2Ftags&post=237339"}],"curies":[{"name":"wp","href":"https:\/\/api.w.org\/{rel}","templated":true}]}}